{"id":99914,"date":"2017-06-08T20:13:45","date_gmt":"2017-06-08T19:13:45","guid":{"rendered":"http:\/\/zakrasnejsivimperk.cz\/?p=99914"},"modified":"2017-06-08T20:18:42","modified_gmt":"2017-06-08T19:18:42","slug":"od-nasich-ctenaru-mesto-konecne-ziskalo-slusne-vypadajici-prostor-ktery-bude-vitat-prijizdejici-navstevniky","status":"publish","type":"post","link":"https:\/\/zakrasnejsivimperk.cz\/?p=99914","title":{"rendered":"OD NA\u0160ICH \u010cTEN\u00c1\u0158\u016e: Vimperk u\u017e kone\u010dn\u011b z\u00edskal slu\u0161n\u011b vypadaj\u00edc\u00ed prostor, kter\u00fd bude v\u00edtat n\u00e1v\u0161t\u011bvn\u00edky"},"content":{"rendered":"<p><img loading=\"lazy\" decoding=\"async\" class=\"aligncenter wp-image-99921 size-full\" src=\"http:\/\/zakrasnejsivimperk.cz\/wp-content\/uploads\/2017\/06\/08\/titul.jpg\" alt=\"\" width=\"800\" height=\"452\" srcset=\"https:\/\/zakrasnejsivimperk.cz\/wp-content\/uploads\/2017\/06\/08\/titul.jpg 800w, https:\/\/zakrasnejsivimperk.cz\/wp-content\/uploads\/2017\/06\/08\/titul-300x170.jpg 300w, https:\/\/zakrasnejsivimperk.cz\/wp-content\/uploads\/2017\/06\/08\/titul-768x434.jpg 768w, https:\/\/zakrasnejsivimperk.cz\/wp-content\/uploads\/2017\/06\/08\/titul-632x357.jpg 632w\" sizes=\"(max-width: 800px) 100vw, 800px\" \/><\/p>\n<p style=\"text-align: center;\">Foto:\u00a0<span class=\"fwn fcg\"><span class=\"fcg\"><span class=\"fwb\">Stifter\u016fv po\u0161umavsk\u00fd \u017eelezni\u010dn\u00ed spolek<\/span><\/span><\/span><\/p>\n<p><img loading=\"lazy\" decoding=\"async\" class=\"aligncenter wp-image-99923 size-full\" src=\"http:\/\/zakrasnejsivimperk.cz\/wp-content\/uploads\/2017\/06\/08\/u-n\u00e1dra\u017e\u00ed.jpg\" alt=\"\" width=\"786\" height=\"309\" srcset=\"https:\/\/zakrasnejsivimperk.cz\/wp-content\/uploads\/2017\/06\/08\/u-n\u00e1dra\u017e\u00ed.jpg 786w, https:\/\/zakrasnejsivimperk.cz\/wp-content\/uploads\/2017\/06\/08\/u-n\u00e1dra\u017e\u00ed-300x118.jpg 300w, https:\/\/zakrasnejsivimperk.cz\/wp-content\/uploads\/2017\/06\/08\/u-n\u00e1dra\u017e\u00ed-768x302.jpg 768w\" sizes=\"(max-width: 786px) 100vw, 786px\" \/><\/p>\n<p style=\"text-align: center;\">Takhle to p\u0159ed n\u00e1dra\u017e\u00edm tak\u00e9 vypadalo p\u0159ed zah\u00e1jen\u00edm \u00faprav povrchu. (Foto: red.)<\/p>\n<p>&nbsp;<\/p>\n<h6>V pond\u011bl\u00ed 5. \u010dervna byla stavebn\u011b dokon\u010dena revitalizace zpevn\u011bn\u00e9ho prostoru p\u0159ed vlakov\u00fdm n\u00e1dra\u017e\u00edm ve Vimperku.<\/h6>\n<p>Po mnoha letech se tak v\u00fdrazn\u011b ulevilo cestuj\u00edc\u00edm, chodc\u016fm a \u0159idi\u010d\u016fm, kte\u0159\u00ed zejm\u00e9na v de\u0161tiv\u00fdch dnech nem\u011bli \u0161anci vyv\u00e1znout p\u0159i proch\u00e1zen\u00ed bez mokr\u00e9 a zabl\u00e1cen\u00e9 obuvi. M\u011bsto kone\u010dn\u011b z\u00edskalo slu\u0161n\u011b vypadaj\u00edc\u00ed prostor, kter\u00fd bude v\u00edtat n\u00e1v\u0161t\u011bvn\u00edky p\u0159ij\u00ed\u017ed\u011bj\u00edc\u00ed do Vimperka po \u017eeleznici o pozn\u00e1n\u00ed p\u0159\u00edv\u011btiv\u011bj\u0161\u00ed tv\u00e1\u0159\u00ed ne\u017e p\u0159edchoz\u00ed stav. Slu\u0161\u00ed se pod\u011bkovat b\u00fdval\u00e9mu veden\u00ed m\u011bsta za rychl\u00e9 \u010diny, kter\u00fdm p\u0159edch\u00e1zely roky nevysly\u0161en\u00fdch \u017e\u00e1dost\u00ed. Jak je patrn\u00e9 z fotografi\u00ed, rovn\u011b\u017e n\u00e1\u0161 spolkov\u00fd depozit\u00e1\u0159 t\u00edmto z\u00edsk\u00e1v\u00e1 lep\u0161\u00ed p\u0159\u00edstup a vzhledov\u011b sp\u011bje do fin\u00e1ln\u00ed f\u00e1ze, na kter\u00e9 \u010dlenov\u00e9 spolku za\u010dali p\u0159ed rokem ne\u00fanavn\u011b pracovat.<\/p>\n<p><strong>Text a foto:\u00a0<span class=\"fwn fcg\"><span class=\"fcg\"><span class=\"fwb\"><a id=\"js_34m\" class=\"profileLink\" href=\"https:\/\/www.facebook.com\/spzsvimperk\/?hc_ref=NEWSFEED\" target=\"_blank\" rel=\"noopener noreferrer\" data-ft=\"{&quot;tn&quot;:&quot;k&quot;}\" data-hovercard=\"\/ajax\/hovercard\/page.php?id=978050188879060&amp;extragetparams=%7B%22hc_ref%22%3A%22NEWSFEED%22%7D\" data-hovercard-prefer-more-content-show=\"1\" data-hovercard-referer=\"NEWSFEED\">Stifter\u016fv po\u0161umavsk\u00fd \u017eelezni\u010dn\u00ed spolek<\/a><\/span><\/span><\/span><\/strong><\/p>\n<div id='gallery-1' class='gallery galleryid-99914 gallery-columns-3 gallery-size-medium'><figure class='gallery-item'>\n\t\t\t<div class='gallery-icon landscape'>\n\t\t\t\t<a href='https:\/\/zakrasnejsivimperk.cz\/?attachment_id=99915'><img loading=\"lazy\" decoding=\"async\" width=\"300\" height=\"203\" src=\"https:\/\/zakrasnejsivimperk.cz\/wp-content\/uploads\/2017\/06\/08\/prostor-p\u0159ed-n\u00e1dra\u017e\u00edm-1-300x203.jpg\" class=\"attachment-medium size-medium\" alt=\"\" srcset=\"https:\/\/zakrasnejsivimperk.cz\/wp-content\/uploads\/2017\/06\/08\/prostor-p\u0159ed-n\u00e1dra\u017e\u00edm-1-300x203.jpg 300w, https:\/\/zakrasnejsivimperk.cz\/wp-content\/uploads\/2017\/06\/08\/prostor-p\u0159ed-n\u00e1dra\u017e\u00edm-1-768x518.jpg 768w, https:\/\/zakrasnejsivimperk.cz\/wp-content\/uploads\/2017\/06\/08\/prostor-p\u0159ed-n\u00e1dra\u017e\u00edm-1-529x357.jpg 529w, https:\/\/zakrasnejsivimperk.cz\/wp-content\/uploads\/2017\/06\/08\/prostor-p\u0159ed-n\u00e1dra\u017e\u00edm-1-716x483.jpg 716w, https:\/\/zakrasnejsivimperk.cz\/wp-content\/uploads\/2017\/06\/08\/prostor-p\u0159ed-n\u00e1dra\u017e\u00edm-1.jpg 960w\" sizes=\"(max-width: 300px) 100vw, 300px\" \/><\/a>\n\t\t\t<\/div><\/figure><figure class='gallery-item'>\n\t\t\t<div class='gallery-icon landscape'>\n\t\t\t\t<a href='https:\/\/zakrasnejsivimperk.cz\/?attachment_id=99916'><img loading=\"lazy\" decoding=\"async\" width=\"300\" height=\"201\" src=\"https:\/\/zakrasnejsivimperk.cz\/wp-content\/uploads\/2017\/06\/08\/prostor-p\u0159ed-n\u00e1dra\u017e\u00edm-2-300x201.jpg\" class=\"attachment-medium size-medium\" alt=\"\" srcset=\"https:\/\/zakrasnejsivimperk.cz\/wp-content\/uploads\/2017\/06\/08\/prostor-p\u0159ed-n\u00e1dra\u017e\u00edm-2-300x201.jpg 300w, https:\/\/zakrasnejsivimperk.cz\/wp-content\/uploads\/2017\/06\/08\/prostor-p\u0159ed-n\u00e1dra\u017e\u00edm-2-768x515.jpg 768w, https:\/\/zakrasnejsivimperk.cz\/wp-content\/uploads\/2017\/06\/08\/prostor-p\u0159ed-n\u00e1dra\u017e\u00edm-2-532x357.jpg 532w, https:\/\/zakrasnejsivimperk.cz\/wp-content\/uploads\/2017\/06\/08\/prostor-p\u0159ed-n\u00e1dra\u017e\u00edm-2-720x483.jpg 720w, https:\/\/zakrasnejsivimperk.cz\/wp-content\/uploads\/2017\/06\/08\/prostor-p\u0159ed-n\u00e1dra\u017e\u00edm-2.jpg 960w\" sizes=\"(max-width: 300px) 100vw, 300px\" \/><\/a>\n\t\t\t<\/div><\/figure><figure class='gallery-item'>\n\t\t\t<div class='gallery-icon landscape'>\n\t\t\t\t<a href='https:\/\/zakrasnejsivimperk.cz\/?attachment_id=99917'><img loading=\"lazy\" decoding=\"async\" width=\"300\" height=\"203\" src=\"https:\/\/zakrasnejsivimperk.cz\/wp-content\/uploads\/2017\/06\/08\/prostor-p\u0159ed-n\u00e1dra\u017e\u00edm-3-300x203.jpg\" class=\"attachment-medium size-medium\" alt=\"\" srcset=\"https:\/\/zakrasnejsivimperk.cz\/wp-content\/uploads\/2017\/06\/08\/prostor-p\u0159ed-n\u00e1dra\u017e\u00edm-3-300x203.jpg 300w, https:\/\/zakrasnejsivimperk.cz\/wp-content\/uploads\/2017\/06\/08\/prostor-p\u0159ed-n\u00e1dra\u017e\u00edm-3-768x520.jpg 768w, https:\/\/zakrasnejsivimperk.cz\/wp-content\/uploads\/2017\/06\/08\/prostor-p\u0159ed-n\u00e1dra\u017e\u00edm-3-527x357.jpg 527w, https:\/\/zakrasnejsivimperk.cz\/wp-content\/uploads\/2017\/06\/08\/prostor-p\u0159ed-n\u00e1dra\u017e\u00edm-3-713x483.jpg 713w, https:\/\/zakrasnejsivimperk.cz\/wp-content\/uploads\/2017\/06\/08\/prostor-p\u0159ed-n\u00e1dra\u017e\u00edm-3.jpg 960w\" sizes=\"(max-width: 300px) 100vw, 300px\" \/><\/a>\n\t\t\t<\/div><\/figure><figure class='gallery-item'>\n\t\t\t<div class='gallery-icon landscape'>\n\t\t\t\t<a href='https:\/\/zakrasnejsivimperk.cz\/?attachment_id=99918'><img loading=\"lazy\" decoding=\"async\" width=\"300\" height=\"198\" src=\"https:\/\/zakrasnejsivimperk.cz\/wp-content\/uploads\/2017\/06\/08\/prostor-p\u0159ed-n\u00e1dra\u017e\u00edm-4-300x198.jpg\" class=\"attachment-medium size-medium\" alt=\"\" srcset=\"https:\/\/zakrasnejsivimperk.cz\/wp-content\/uploads\/2017\/06\/08\/prostor-p\u0159ed-n\u00e1dra\u017e\u00edm-4-300x198.jpg 300w, https:\/\/zakrasnejsivimperk.cz\/wp-content\/uploads\/2017\/06\/08\/prostor-p\u0159ed-n\u00e1dra\u017e\u00edm-4-768x506.jpg 768w, https:\/\/zakrasnejsivimperk.cz\/wp-content\/uploads\/2017\/06\/08\/prostor-p\u0159ed-n\u00e1dra\u017e\u00edm-4-100x65.jpg 100w, https:\/\/zakrasnejsivimperk.cz\/wp-content\/uploads\/2017\/06\/08\/prostor-p\u0159ed-n\u00e1dra\u017e\u00edm-4-542x357.jpg 542w, https:\/\/zakrasnejsivimperk.cz\/wp-content\/uploads\/2017\/06\/08\/prostor-p\u0159ed-n\u00e1dra\u017e\u00edm-4-734x483.jpg 734w, https:\/\/zakrasnejsivimperk.cz\/wp-content\/uploads\/2017\/06\/08\/prostor-p\u0159ed-n\u00e1dra\u017e\u00edm-4.jpg 960w\" sizes=\"(max-width: 300px) 100vw, 300px\" \/><\/a>\n\t\t\t<\/div><\/figure><figure class='gallery-item'>\n\t\t\t<div class='gallery-icon landscape'>\n\t\t\t\t<a href='https:\/\/zakrasnejsivimperk.cz\/?attachment_id=99919'><img loading=\"lazy\" decoding=\"async\" width=\"300\" height=\"202\" src=\"https:\/\/zakrasnejsivimperk.cz\/wp-content\/uploads\/2017\/06\/08\/prostor-p\u0159ed-n\u00e1dra\u017e\u00edm-5-300x202.jpg\" class=\"attachment-medium size-medium\" alt=\"\" srcset=\"https:\/\/zakrasnejsivimperk.cz\/wp-content\/uploads\/2017\/06\/08\/prostor-p\u0159ed-n\u00e1dra\u017e\u00edm-5-300x202.jpg 300w, https:\/\/zakrasnejsivimperk.cz\/wp-content\/uploads\/2017\/06\/08\/prostor-p\u0159ed-n\u00e1dra\u017e\u00edm-5-768x518.jpg 768w, https:\/\/zakrasnejsivimperk.cz\/wp-content\/uploads\/2017\/06\/08\/prostor-p\u0159ed-n\u00e1dra\u017e\u00edm-5-530x357.jpg 530w, https:\/\/zakrasnejsivimperk.cz\/wp-content\/uploads\/2017\/06\/08\/prostor-p\u0159ed-n\u00e1dra\u017e\u00edm-5-717x483.jpg 717w, https:\/\/zakrasnejsivimperk.cz\/wp-content\/uploads\/2017\/06\/08\/prostor-p\u0159ed-n\u00e1dra\u017e\u00edm-5.jpg 960w\" sizes=\"(max-width: 300px) 100vw, 300px\" \/><\/a>\n\t\t\t<\/div><\/figure><figure class='gallery-item'>\n\t\t\t<div class='gallery-icon landscape'>\n\t\t\t\t<a href='https:\/\/zakrasnejsivimperk.cz\/?attachment_id=79321'><img loading=\"lazy\" decoding=\"async\" width=\"300\" height=\"225\" src=\"https:\/\/zakrasnejsivimperk.cz\/wp-content\/uploads\/2016\/10\/19\/vimperk-u-zimniho-stadionu-2-300x225.jpg\" class=\"attachment-medium size-medium\" alt=\"\" srcset=\"https:\/\/zakrasnejsivimperk.cz\/wp-content\/uploads\/2016\/10\/19\/vimperk-u-zimniho-stadionu-2-300x225.jpg 300w, https:\/\/zakrasnejsivimperk.cz\/wp-content\/uploads\/2016\/10\/19\/vimperk-u-zimniho-stadionu-2-476x357.jpg 476w, https:\/\/zakrasnejsivimperk.cz\/wp-content\/uploads\/2016\/10\/19\/vimperk-u-zimniho-stadionu-2-644x483.jpg 644w, https:\/\/zakrasnejsivimperk.cz\/wp-content\/uploads\/2016\/10\/19\/vimperk-u-zimniho-stadionu-2.jpg 800w\" sizes=\"(max-width: 300px) 100vw, 300px\" \/><\/a>\n\t\t\t<\/div><\/figure>\n\t\t<\/div>\n\n","protected":false},"excerpt":{"rendered":"<p>Foto:\u00a0Stifter\u016fv po\u0161umavsk\u00fd <\/p>\n","protected":false},"author":2,"featured_media":99921,"comment_status":"open","ping_status":"open","sticky":false,"template":"","format":"gallery","meta":{"footnotes":""},"categories":[4],"tags":[],"jetpack_featured_media_url":"https:\/\/zakrasnejsivimperk.cz\/wp-content\/uploads\/2017\/06\/08\/titul.jpg","_links":{"self":[{"href":"https:\/\/zakrasnejsivimperk.cz\/index.php?rest_route=\/wp\/v2\/posts\/99914"}],"collection":[{"href":"https:\/\/zakrasnejsivimperk.cz\/index.php?rest_route=\/wp\/v2\/posts"}],"about":[{"href":"https:\/\/zakrasnejsivimperk.cz\/index.php?rest_route=\/wp\/v2\/types\/post"}],"author":[{"embeddable":true,"href":"https:\/\/zakrasnejsivimperk.cz\/index.php?rest_route=\/wp\/v2\/users\/2"}],"replies":[{"embeddable":true,"href":"https:\/\/zakrasnejsivimperk.cz\/index.php?rest_route=%2Fwp%2Fv2%2Fcomments&post=99914"}],"version-history":[{"count":10,"href":"https:\/\/zakrasnejsivimperk.cz\/index.php?rest_route=\/wp\/v2\/posts\/99914\/revisions"}],"predecessor-version":[{"id":99977,"href":"https:\/\/zakrasnejsivimperk.cz\/index.php?rest_route=\/wp\/v2\/posts\/99914\/revisions\/99977"}],"wp:featuredmedia":[{"embeddable":true,"href":"https:\/\/zakrasnejsivimperk.cz\/index.php?rest_route=\/wp\/v2\/media\/99921"}],"wp:attachment":[{"href":"https:\/\/zakrasnejsivimperk.cz\/index.php?rest_route=%2Fwp%2Fv2%2Fmedia&parent=99914"}],"wp:term":[{"taxonomy":"category","embeddable":true,"href":"https:\/\/zakrasnejsivimperk.cz\/index.php?rest_route=%2Fwp%2Fv2%2Fcategories&post=99914"},{"taxonomy":"post_tag","embeddable":true,"href":"https:\/\/zakrasnejsivimperk.cz\/index.php?rest_route=%2Fwp%2Fv2%2Ftags&post=99914"}],"curies":[{"name":"wp","href":"https:\/\/api.w.org\/{rel}","templated":true}]}}