{"id":99807,"date":"2017-06-07T14:20:14","date_gmt":"2017-06-07T13:20:14","guid":{"rendered":"http:\/\/zakrasnejsivimperk.cz\/?p=99807"},"modified":"2017-06-07T14:24:08","modified_gmt":"2017-06-07T13:24:08","slug":"jednala-rada-mesta-odmeny-reditelum-skol-zamitnuta-zaloba-nova-redakcni-rada-aj","status":"publish","type":"post","link":"https:\/\/zakrasnejsivimperk.cz\/?p=99807","title":{"rendered":"JEDNALA RADA M\u011aSTA: Odm\u011bny \u0159editel\u016fm m\u00edstn\u00edch \u0161kol, zam\u00edtnut\u00e1 \u017ealoba, nov\u00e1 redak\u010dn\u00ed rada a dal\u0161\u00ed"},"content":{"rendered":"<p><img loading=\"lazy\" decoding=\"async\" class=\"aligncenter wp-image-99814 size-full\" src=\"http:\/\/zakrasnejsivimperk.cz\/wp-content\/uploads\/2017\/06\/07\/dokumenty.jpg\" alt=\"\" width=\"800\" height=\"352\" srcset=\"https:\/\/zakrasnejsivimperk.cz\/wp-content\/uploads\/2017\/06\/07\/dokumenty.jpg 800w, https:\/\/zakrasnejsivimperk.cz\/wp-content\/uploads\/2017\/06\/07\/dokumenty-300x132.jpg 300w, https:\/\/zakrasnejsivimperk.cz\/wp-content\/uploads\/2017\/06\/07\/dokumenty-768x338.jpg 768w\" sizes=\"(max-width: 800px) 100vw, 800px\" \/><\/p>\n<p>&nbsp;<\/p>\n<h6>Rada m\u011bsta Vimperk na sv\u00e9m pravideln\u00e9m zased\u00e1n\u00ed 5. \u010dervna krom\u011b jin\u00e9ho projednala a schv\u00e1lila <em>(p\u0159in\u00e1\u0161\u00edme p\u0159esnou citaci usnesen\u00ed bez redak\u010dn\u00ed \u00fapravy):<\/em><\/h6>\n<p><strong>Usnesen\u00ed \u010d. 541:<\/strong> Rada m\u011bsta souhlas\u00ed s p\u0159edlo\u017een\u00fdm n\u00e1vrhem finan\u010dn\u00edch odm\u011bn pro \u0159editele z\u00e1kladn\u00edch a mate\u0159sk\u00fdch \u0161kol, jejich\u017e z\u0159izovatelem je m\u011bsto Vimperk a ukl\u00e1d\u00e1 odboru \u0161kolstv\u00ed, kultury a CR prov\u00e9st pat\u0159i\u010dn\u00e9 \u00fa\u0159edn\u00ed \u00fakony. Odm\u011bny budou vyplaceny z rozpo\u010dtu \u0161kol.<\/p>\n<p><strong>Usnesen\u00ed \u010d. 557:<\/strong> Rada m\u011bsta bere na v\u011bdom\u00ed vydan\u00fd rozsudek Okresn\u00edho soudu v Prachatic\u00edch \u010d. j. 2 C 14\/2016-148 ze dne 27.04.2017 t\u00fdkaj\u00edc\u00ed se zam\u00edtnut\u00ed \u017ealoby podan\u00e9 dne 18.01.2016 na m\u011bsto Vimperk o zaplacen\u00ed \u010d\u00e1stky 2.617.088 K\u010d s p\u0159\u00edslu\u0161enstv\u00edm jako \u0161kody za to, \u017ee jim m\u011bsto Vimperk nezajistilo p\u0159\u00edstup na pozemky ve vlastnictv\u00ed majitel\u016f v lokalit\u011b nad ulic\u00ed Pod Pek\u00e1rnou. Tento materi\u00e1l bude tak\u00e9 p\u0159edlo\u017een k sezn\u00e1men\u00ed zastupitelstvu m\u011bsta na jeho nejbli\u017e\u0161\u00edm zased\u00e1n\u00ed.<\/p>\n<p><strong>Usnesen\u00ed \u010d. 561:<\/strong> Rada m\u011bsta posoudila nab\u00eddky uchaze\u010d\u016f dle \u010dl\u00e1nku V. vnit\u0159n\u00ed sm\u011brnice \u010d. 1\/2014 na akci \u201eVimperk, z\u0159\u00edzen\u00ed bezpe\u010dnostn\u00edch prvk\u016f na pozemn\u00edch komunikac\u00edch, osv\u011btlen\u00ed p\u0159echodu pro chodce ulice Su\u0161ick\u00e1\u201c a rozhodla p\u0159id\u011blit v\u00fd\u0161e uvedenou ve\u0159ejnou zak\u00e1zku uchaze\u010di Reno \u0160umava a. s., Pra\u017esk\u00e1 326, 384 22 Vlachovo B\u0159ez\u00ed, jeho\u017e nab\u00eddka byla vyhodnocena jako nab\u00eddka s nejni\u017e\u0161\u00ed nab\u00eddkovou cenou.<\/p>\n<p><strong>Usnesen\u00ed \u010d. 563:<\/strong> Rada m\u011bsta rozhodla o uzav\u0159en\u00ed M\u011bstsk\u00e9 knihovny Vimperk ve dnech 24.07.2017 a\u017e 04.08.2017 z d\u016fvodu vy\u010derp\u00e1n\u00ed \u0159\u00e1dn\u00e9 dovolen\u00e9 zam\u011bstnanc\u016f knihovny.<\/p>\n<p><strong>Usnesen\u00ed \u010d. 564:<\/strong> Rada m\u011bsta rozhodla omezit v\u00fdp\u016fj\u010dn\u00ed hodiny po dobu pr\u00e1zdnin (01.07.2017 \u2013 31.08.2017) v dosp\u011bl\u00e9m odd\u011blen\u00ed z d\u016fvodu p\u0159echodu knihovnick\u00e9 agendy na nov\u00fd syst\u00e9m. V\u00fdp\u016fj\u010dn\u00ed doba na dosp\u011bl\u00e9m odd\u011blen\u00ed v pr\u016fb\u011bhu pr\u00e1zdnin bude v pond\u011bl\u00ed a \u010dtvrtek od 12:30 hod. do 18:00 hod. a v \u00fater\u00fd, st\u0159edu od 12:30 hod. do 16:00 hod.<\/p>\n<p><strong>Usnesen\u00ed \u010d. 565:<\/strong> Rada m\u011bsta bere na v\u011bdom\u00ed n\u00e1vrh na vytvo\u0159en\u00ed Knihy studi\u00ed a projektov\u00e9 dokumentace na str\u00e1nk\u00e1ch m\u011bsta a pov\u011b\u0159uje tajemn\u00edka M\u011b\u00da p\u0159\u00edpravou podklad\u016f pro tento n\u00e1vrh.<\/p>\n<p><strong>Usnesen\u00ed \u010d. 566:<\/strong> Rada m\u011bsta schvaluje vytvo\u0159en\u00ed \u201ePracovn\u00ed skupiny pro rozvoj are\u00e1lu Vodn\u00edk\u201c a pov\u011b\u0159uje MVDr. \u0160\u00e1rku Jan\u00e1skovou p\u0159\u00edpravou n\u00e1vrhu na vytvo\u0159en\u00ed t\u00e9to skupiny.<\/p>\n<p><strong>Usnesen\u00ed \u010d. 567:<\/strong> Rada m\u011bsta rozhodla, na z\u00e1klad\u011b ods. 6 \u010dl. VI. Vnit\u0159n\u00ed sm\u011brnice \u010d. 1\/2014 \u201eZ\u00e1sady a postupy p\u0159i zad\u00e1v\u00e1n\u00ed ve\u0159ejn\u00fdch zak\u00e1zek\u201c zadat ve\u0159ejnou zak\u00e1zku mal\u00e9ho rozsahu na stavebn\u00ed pr\u00e1ce \u201eVimperk, osada Lipka &#8211; novostavba h\u0159i\u0161t\u011b\u201d spole\u010dnosti STRABAG, a. s., Na B\u011blidle 198\/21, 150 00 Praha 5.<\/p>\n<p><strong>Usnesen\u00ed \u010d. 569:<\/strong> Rada m\u011bsta bere na v\u011bdom\u00ed rezignaci Redak\u010dn\u00ed rady Vimpersk\u00fdch novin ve slo\u017een\u00ed \u0161\u00e9redaktor Mgr. Zden\u011bk Kuncl, \u010dlenov\u00e9 Jan Viener, Karel, Ber\u00e1nek, Mgr. Al\u017eb\u011bta R\u00fcckerov\u00e1, Renata Le\u0161kov\u00e1 podanou p\u00edsemn\u011b dne 29.05.2017 ke dni 31.05.2017.<\/p>\n<p><strong>Usnesen\u00ed \u010d. 570:<\/strong> Rada m\u011bsta bere na v\u011bdom\u00ed vypov\u011bzen\u00ed smlouvy o d\u00edlo na grafick\u00e9 zpracovn\u00e1n\u00ed Vimpersk\u00fdch novin podanou p\u00edsemn\u011b dne 29.05.2017 ke dni 31.05.2017<\/p>\n<p><strong>Usnesen\u00ed \u010d. 571:<\/strong> Rada m\u011bsta jmenuje p\u0159edsedou Redak\u010dn\u00ed rady Vimpersk\u00fdch novin Jaroslava Pulkr\u00e1bka a \u010dleny Mgr. Romana Hajn\u00edka, Stanislava Hub\u00e1\u010dka a Barboru Podle\u0161\u00e1kovou ke dni 06.06.2017.<\/p>\n<p><strong>Usnesen\u00ed \u010d. 573:<\/strong> Rada m\u011bsta rozhodla, na z\u00e1klad\u011b odst. 6 \u010dl. VI. Vnit\u0159n\u00ed sm\u011brnice \u010d. 1\/2014 \u201eZ\u00e1sady a postupy p\u0159i zad\u00e1v\u00e1n\u00ed ve\u0159ejn\u00fdch zak\u00e1zek\u201c, zadat ve\u0159ejnou zak\u00e1zku mal\u00e9ho rozsahu na slu\u017eby \u201eCyklostezka Voly\u0148ka \u2013 I. etapa \u2013 projektov\u00e9 pr\u00e1ce\u201d podnikateli Ing. Jarom\u00edru Raisovi, Husova t\u0159. 457\/104, 370 05 \u010cesk\u00e9 Bud\u011bjovice 2.<\/p>\n<p><strong>Usnesen\u00ed \u010d. 575:<\/strong> Rada m\u011bsta odvol\u00e1v\u00e1 Ing. Bohumila Petr\u00e1\u0161ka z funkce z\u00e1stupce m\u011bsta Vimperk ze zapsan\u00e9ho spolku MAS \u0160umavsko z. s. ke dni 05.06.2017.<\/p>\n<p><strong>Usnesen\u00ed \u010d. 576:<\/strong> Rada m\u011bsta jmenuje Mgr. Pavla Dvo\u0159\u00e1ka jako zastupuj\u00edc\u00ed osobu za m\u011bsto Vimperk do funkce \u010dlena zapsan\u00e9ho spolku MAS \u0160umavsko z. s., Archiv\u00e1\u0159e Tepl\u00e9ho 102, 387 06 Malenice ke dni 06.06.2017.<\/p>\n<p><strong>(red)<\/strong><\/p>\n<h4><a href=\"http:\/\/www.vimperk.cz\/files\/9346-rada-mesta-05-06-2017.pdf\" target=\"_blank\" rel=\"noopener noreferrer\">Cel\u00fd z\u00e1pis z jedn\u00e1n\u00ed <em>(ve form\u00e1tu PDF)<\/em><\/a><\/h4>\n<p>&nbsp;<\/p>\n<p><img loading=\"lazy\" decoding=\"async\" class=\"aligncenter wp-image-98242 size-full\" src=\"http:\/\/zakrasnejsivimperk.cz\/wp-content\/uploads\/2017\/04\/25\/plakat-vimperk.jpg\" alt=\"\" width=\"1200\" height=\"570\" srcset=\"https:\/\/zakrasnejsivimperk.cz\/wp-content\/uploads\/2017\/04\/25\/plakat-vimperk.jpg 1200w, https:\/\/zakrasnejsivimperk.cz\/wp-content\/uploads\/2017\/04\/25\/plakat-vimperk-300x143.jpg 300w, https:\/\/zakrasnejsivimperk.cz\/wp-content\/uploads\/2017\/04\/25\/plakat-vimperk-768x365.jpg 768w, https:\/\/zakrasnejsivimperk.cz\/wp-content\/uploads\/2017\/04\/25\/plakat-vimperk-1024x486.jpg 1024w, https:\/\/zakrasnejsivimperk.cz\/wp-content\/uploads\/2017\/04\/25\/plakat-vimperk-752x357.jpg 752w, https:\/\/zakrasnejsivimperk.cz\/wp-content\/uploads\/2017\/04\/25\/plakat-vimperk-1017x483.jpg 1017w\" sizes=\"(max-width: 1200px) 100vw, 1200px\" \/><\/p>\n<p>&nbsp;<\/p>\n<p>&nbsp;<\/p>\n","protected":false},"excerpt":{"rendered":"<p>&nbsp; Rada <\/p>\n","protected":false},"author":2,"featured_media":99814,"comment_status":"open","ping_status":"open","sticky":false,"template":"","format":"gallery","meta":{"footnotes":""},"categories":[4],"tags":[],"jetpack_featured_media_url":"https:\/\/zakrasnejsivimperk.cz\/wp-content\/uploads\/2017\/06\/07\/dokumenty.jpg","_links":{"self":[{"href":"https:\/\/zakrasnejsivimperk.cz\/index.php?rest_route=\/wp\/v2\/posts\/99807"}],"collection":[{"href":"https:\/\/zakrasnejsivimperk.cz\/index.php?rest_route=\/wp\/v2\/posts"}],"about":[{"href":"https:\/\/zakrasnejsivimperk.cz\/index.php?rest_route=\/wp\/v2\/types\/post"}],"author":[{"embeddable":true,"href":"https:\/\/zakrasnejsivimperk.cz\/index.php?rest_route=\/wp\/v2\/users\/2"}],"replies":[{"embeddable":true,"href":"https:\/\/zakrasnejsivimperk.cz\/index.php?rest_route=%2Fwp%2Fv2%2Fcomments&post=99807"}],"version-history":[{"count":10,"href":"https:\/\/zakrasnejsivimperk.cz\/index.php?rest_route=\/wp\/v2\/posts\/99807\/revisions"}],"predecessor-version":[{"id":99827,"href":"https:\/\/zakrasnejsivimperk.cz\/index.php?rest_route=\/wp\/v2\/posts\/99807\/revisions\/99827"}],"wp:featuredmedia":[{"embeddable":true,"href":"https:\/\/zakrasnejsivimperk.cz\/index.php?rest_route=\/wp\/v2\/media\/99814"}],"wp:attachment":[{"href":"https:\/\/zakrasnejsivimperk.cz\/index.php?rest_route=%2Fwp%2Fv2%2Fmedia&parent=99807"}],"wp:term":[{"taxonomy":"category","embeddable":true,"href":"https:\/\/zakrasnejsivimperk.cz\/index.php?rest_route=%2Fwp%2Fv2%2Fcategories&post=99807"},{"taxonomy":"post_tag","embeddable":true,"href":"https:\/\/zakrasnejsivimperk.cz\/index.php?rest_route=%2Fwp%2Fv2%2Ftags&post=99807"}],"curies":[{"name":"wp","href":"https:\/\/api.w.org\/{rel}","templated":true}]}}