{"id":99682,"date":"2017-06-06T14:33:48","date_gmt":"2017-06-06T13:33:48","guid":{"rendered":"http:\/\/zakrasnejsivimperk.cz\/?p=99682"},"modified":"2017-06-06T14:33:48","modified_gmt":"2017-06-06T13:33:48","slug":"jsou-to-i-vase-penize-komu-a-kolik-rozdavaji-radni-mesta-vimperk-na-dotacich-z-mestskeho-rozpoctu-3","status":"publish","type":"post","link":"https:\/\/zakrasnejsivimperk.cz\/?p=99682","title":{"rendered":"JSOU TO I VA\u0160E PEN\u00cdZE: Komu a kolik rozd\u00e1vaj\u00ed radn\u00ed m\u011bsta Vimperk na dotac\u00edch z m\u011bstsk\u00e9ho rozpo\u010dtu"},"content":{"rendered":"<h6><\/h6>\n<h6><strong>Rozpo\u010det m\u011bsta je ve\u0159ejnou z\u00e1le\u017eitost\u00ed. Radnice hospoda\u0159\u00ed s pen\u011bzi vybran\u00fdmi na dan\u00edch a poplatc\u00edch od ob\u010dan\u016f. Nejsou to pen\u00edze hrstky vyvolen\u00fdch, ale n\u00e1s v\u0161ech. Proto nen\u00ed od v\u011bci se \u010das od \u010dasu pod\u00edvat, komu a jak\u00e9 \u010d\u00e1stky na dotac\u00edch m\u011bsto Vimperk vypl\u00e1c\u00ed.<\/strong><\/h6>\n<h6><strong>V z\u00e1v\u011bru kv\u011btna schv\u00e1lili radn\u00ed tyto p\u0159\u00edsp\u011bvky\u00a0<\/strong><em>(uv\u00e1d\u00edme doslovnou citaci usnesen\u00ed bez redak\u010dn\u00ed \u00fapravy):<\/em><\/h6>\n<p><strong>Usnesen\u00ed \u010d. 520:<\/strong> Rada m\u011bsta rozhodla poskytnout individu\u00e1ln\u00ed dotaci ve v\u00fd\u0161i 30.000 K\u010d Z\u0160 Vimperk, Smetanova 405, okres Prachatice, na komplexn\u00ed program prevence kriminality \u0161koly. Dotace bude poskytnuta z kapitoly rady m\u011bsta. Rada m\u011bsta po\u017eaduje p\u0159edlo\u017eit vy\u00fa\u010dtov\u00e1n\u00ed dotace do 30.11.2017.<\/p>\n<p><strong>Usnesen\u00ed \u010d. 521:<\/strong> Rada m\u011bsta rozhodla poskytnout individu\u00e1ln\u00ed dotaci ve v\u00fd\u0161i 20.000 K\u010d Z\u0160 TGM, na prevenci rizikov\u00e9ho chov\u00e1n\u00ed. Dotace bude poskytnuta z kapitoly rady m\u011bsta. Rada m\u011bsta po\u017eaduje p\u0159edlo\u017eit vy\u00fa\u010dtov\u00e1n\u00ed dotace do 30.11.2017.<\/p>\n<p><strong>Usnesen\u00ed \u010d. 522:<\/strong> Rada m\u011bsta rozhodla poskytnout individu\u00e1ln\u00ed dotaci ve v\u00fd\u0161i 12.000 K\u010d Gymn\u00e1ziu a SO\u0160E Vimperk, Pivovarsk\u00e1 69, na preventivn\u00ed \u010dinnosti \u0161koly. Dotace bude poskytnuta z kapitoly rady m\u011bsta. Rada m\u011bsta po\u017eaduje p\u0159edlo\u017eit vy\u00fa\u010dtov\u00e1n\u00ed dotace do 30.11.2017.<\/p>\n<p><strong>Usnesen\u00ed \u010d. 523:<\/strong> Rada m\u011bsta rozhodla poskytnout individu\u00e1ln\u00ed dotaci ve v\u00fd\u0161i 8.000 K\u010d St\u0159edn\u00ed \u0161kole a z\u00e1kladn\u00ed \u0161kole, Vimperk, Nerudova 267 na adapta\u010dn\u00ed kurz \u0161koly. Dotace bude poskytnuta z kapitoly rady m\u011bsta. Rada m\u011bsta po\u017eaduje p\u0159edlo\u017eit vy\u00fa\u010dtov\u00e1n\u00ed dotace do 30.11.2017.<\/p>\n<p><strong>Usnesen\u00ed \u010d. 524:<\/strong> Rada m\u011bsta rozhodla poskytnout individu\u00e1ln\u00ed dotaci ve v\u00fd\u0161i 1.000 K\u010d Rad\u011b Z\u0160 TGM 1. m\u00e1je 268 Vimperk, z. s., na dopravu krajsk\u00e9ho kola v hokejbalu, kter\u00e9 se uskute\u010dnilo 11.05.2017 v Blatn\u00e9. Dotace bude poskytnuta z kapitoly rady m\u011bsta. Rada m\u011bsta po\u017eaduje p\u0159edlo\u017eit vy\u00fa\u010dtov\u00e1n\u00ed dotace do 31.06.2017.<\/p>\n<p><strong>Usnesen\u00ed \u010d. 525:<\/strong> Rada m\u011bsta rozhodla poskytnout individu\u00e1ln\u00ed dotaci ve v\u00fd\u0161i 2.000 K\u010d Rad\u011b Z\u0160 TGM 1. m\u00e1je 268 Vimperk, z. s., na dopravu krajsk\u00e9ho kola \u0160tafetov\u00e9ho poh\u00e1ru, kter\u00e9 se uskute\u010dnilo 18.05.2017 v \u010cesk\u00fdch Bud\u011bjovic\u00edch. Dotace bude poskytnuta z kapitoly rady m\u011bsta. Rada m\u011bsta po\u017eaduje p\u0159edlo\u017eit vy\u00fa\u010dtov\u00e1n\u00ed dotace do 31.06.2017.<\/p>\n<p><strong>(red)<\/strong><\/p>\n<p>&nbsp;<\/p>\n<p><img loading=\"lazy\" decoding=\"async\" class=\"aligncenter wp-image-98242 size-full\" src=\"http:\/\/zakrasnejsivimperk.cz\/wp-content\/uploads\/2017\/04\/25\/plakat-vimperk.jpg\" alt=\"\" width=\"1200\" height=\"570\" srcset=\"https:\/\/zakrasnejsivimperk.cz\/wp-content\/uploads\/2017\/04\/25\/plakat-vimperk.jpg 1200w, https:\/\/zakrasnejsivimperk.cz\/wp-content\/uploads\/2017\/04\/25\/plakat-vimperk-300x143.jpg 300w, https:\/\/zakrasnejsivimperk.cz\/wp-content\/uploads\/2017\/04\/25\/plakat-vimperk-768x365.jpg 768w, https:\/\/zakrasnejsivimperk.cz\/wp-content\/uploads\/2017\/04\/25\/plakat-vimperk-1024x486.jpg 1024w, https:\/\/zakrasnejsivimperk.cz\/wp-content\/uploads\/2017\/04\/25\/plakat-vimperk-752x357.jpg 752w, https:\/\/zakrasnejsivimperk.cz\/wp-content\/uploads\/2017\/04\/25\/plakat-vimperk-1017x483.jpg 1017w\" sizes=\"(max-width: 1200px) 100vw, 1200px\" \/><\/p>\n<p>&nbsp;<\/p>\n<p>&nbsp;<\/p>\n","protected":false},"excerpt":{"rendered":"<p>Rozpo\u010det m\u011bsta <\/p>\n","protected":false},"author":2,"featured_media":0,"comment_status":"open","ping_status":"open","sticky":false,"template":"","format":"gallery","meta":{"footnotes":""},"categories":[4],"tags":[],"jetpack_featured_media_url":"","_links":{"self":[{"href":"https:\/\/zakrasnejsivimperk.cz\/index.php?rest_route=\/wp\/v2\/posts\/99682"}],"collection":[{"href":"https:\/\/zakrasnejsivimperk.cz\/index.php?rest_route=\/wp\/v2\/posts"}],"about":[{"href":"https:\/\/zakrasnejsivimperk.cz\/index.php?rest_route=\/wp\/v2\/types\/post"}],"author":[{"embeddable":true,"href":"https:\/\/zakrasnejsivimperk.cz\/index.php?rest_route=\/wp\/v2\/users\/2"}],"replies":[{"embeddable":true,"href":"https:\/\/zakrasnejsivimperk.cz\/index.php?rest_route=%2Fwp%2Fv2%2Fcomments&post=99682"}],"version-history":[{"count":4,"href":"https:\/\/zakrasnejsivimperk.cz\/index.php?rest_route=\/wp\/v2\/posts\/99682\/revisions"}],"predecessor-version":[{"id":99686,"href":"https:\/\/zakrasnejsivimperk.cz\/index.php?rest_route=\/wp\/v2\/posts\/99682\/revisions\/99686"}],"wp:attachment":[{"href":"https:\/\/zakrasnejsivimperk.cz\/index.php?rest_route=%2Fwp%2Fv2%2Fmedia&parent=99682"}],"wp:term":[{"taxonomy":"category","embeddable":true,"href":"https:\/\/zakrasnejsivimperk.cz\/index.php?rest_route=%2Fwp%2Fv2%2Fcategories&post=99682"},{"taxonomy":"post_tag","embeddable":true,"href":"https:\/\/zakrasnejsivimperk.cz\/index.php?rest_route=%2Fwp%2Fv2%2Ftags&post=99682"}],"curies":[{"name":"wp","href":"https:\/\/api.w.org\/{rel}","templated":true}]}}