{"id":99553,"date":"2017-06-05T11:04:19","date_gmt":"2017-06-05T10:04:19","guid":{"rendered":"http:\/\/zakrasnejsivimperk.cz\/?p=99553"},"modified":"2017-06-05T11:05:39","modified_gmt":"2017-06-05T10:05:39","slug":"koupaliste-zastreseni-je-hlavni-prioritou-noveho-vedeni-mesta-to-musi-nejprve-sehnat-penize","status":"publish","type":"post","link":"https:\/\/zakrasnejsivimperk.cz\/?p=99553","title":{"rendered":"KOUPALI\u0160T\u011a: Zast\u0159e\u0161en\u00ed baz\u00e9nu je hlavn\u00ed prioritou nov\u00e9ho veden\u00ed m\u011bsta. To mus\u00ed nejprve sehnat pen\u00edze"},"content":{"rendered":"<p><img loading=\"lazy\" decoding=\"async\" class=\"aligncenter wp-image-27056 size-full\" src=\"http:\/\/zakrasnejsivimperk.cz\/wp-content\/uploads\/2015\/07\/koupaliste2.jpg\" alt=\"\" width=\"960\" height=\"720\" \/><\/p>\n<p>&nbsp;<\/p>\n<h6>Zast\u0159e\u0161en\u00ed koupali\u0161t\u011b ve sportovn\u00edm are\u00e1lu je jednou ze t\u0159\u00ed hlavn\u00edch priorit nov\u00e9ho veden\u00ed vimpersk\u00e9 radnice.\u00a0Na dva roky star\u00e9 d\u00edlo toti\u017e po v\u011bt\u0161inu roku nep\u0159\u00edzniv\u011b p\u016fsob\u00ed klimatick\u00e9 podm\u00ednky. Hroz\u00ed tak \u0161kody na majetku, kter\u00fd byl projektov\u00e1n a po\u0159\u00edzen s t\u00edm, \u017ee bude pod st\u0159echou.<\/h6>\n<p>Starosta m\u011bsta Pavel Dvo\u0159\u00e1k u\u017e n\u011bkolikr\u00e1t zd\u016fraznil, \u017ee z\u00e1le\u017eitost koupali\u0161t\u011b nesnese odkladu. Pro t\u00fdden\u00edk 5plus2 nap\u0159\u00edklad uvedl, \u017ee radnice u\u017e nechce pokra\u010dovat p\u0159i dal\u0161\u00ed v\u00fdstavb\u011b po etap\u00e1ch, ale dokon\u010dit d\u00edlo najednou.<\/p>\n<p><em>&#8220;Chceme, aby byla u\u017e jen jedna etapa, na jej\u00edm\u017e konci bude st\u00e1t ve Vimperku kryt\u00fd baz\u00e9n s vyu\u017eit\u00edm 365 dn\u00ed v roce. U\u017e te\u010f toti\u017e koupali\u0161t\u011b vyu\u017e\u00edv\u00e1 \u0161pi\u010dkovou techniku. Jen\u017ee m\u00e1 300 dn\u00ed odst\u00e1vku a s ka\u017edou dal\u0161\u00ed zimou p\u0159ib\u00fdvaj\u00ed probl\u00e9my i n\u00e1klady na jejich odstran\u011bn\u00ed,&#8221;<\/em> upozornil Pavel Dvo\u0159\u00e1k. <em>&#8220;Te\u010f u\u017e funguje pracovn\u00ed skupina a do zimy bychom m\u011bli m\u00edt na stole v\u0161echny dokumenty. Ud\u011bl\u00e1me maximum, abychom za\u010dali co nejd\u0159\u00edve. Pak u\u017e budou chyb\u011bt jen venkovn\u00ed \u00fapravy,&#8221;<\/em> vysv\u011btlil.<\/p>\n<p>Pracovn\u00ed skupina se sejde u\u017e tento t\u00fdden ve st\u0159edu za \u00fa\u010dasti projektanta, kter\u00fd p\u0159ipravil studii zast\u0159e\u0161en\u00ed. <em>&#8220;Pak\u00a0budou n\u00e1sledovat dal\u0161\u00ed kroky k\u00a0tomu, aby se z\u00a0pap\u00edru tato my\u0161lenka p\u0159enesla a\u017e k\u00a0samotn\u00e9 realizaci,\u201c<\/em> \u0159ekl starosta Prachatick\u00e9mu den\u00edku.<span id=\"copylink\"><br \/>\n<\/span><\/p>\n<p>Podle Pavla Dvo\u0159\u00e1ka stoj\u00ed na prvn\u00edm m\u00edst\u011b vy\u0159e\u0161en\u00ed ot\u00e1zky pen\u011bz. <em>\u201eAktu\u00e1ln\u011b nem\u00e1me kde po\u017e\u00e1dat o\u00a0dotaci. Tak\u017ee na jedn\u00e1n\u00ed zastupitel\u016f, kter\u00e9 bude v\u00a0druh\u00e9 polovin\u011b \u010dervna, p\u016fjde i\u00a0vypracov\u00e1n\u00ed n\u00e1vrhu na jedn\u00e1n\u00ed s\u00a0bankami,\u201c<\/em> vysv\u011btlil starosta a potvrdil, \u017ee ve h\u0159e je i\u00a0mo\u017enost, \u017ee by m\u011bsto na v\u00fdstavbu kryt\u00e9ho baz\u00e9nu po\u017e\u00e1dalo o\u00a0\u00fav\u011br.<\/p>\n<p><strong>(zj)<\/strong><\/p>\n<p>Foto: archiv (red) &#8211; Za kr\u00e1sn\u011bj\u0161\u00ed Vimperk<\/p>\n<p>&nbsp;<\/p>\n<p><img loading=\"lazy\" decoding=\"async\" class=\"aligncenter wp-image-98242 size-full\" src=\"http:\/\/zakrasnejsivimperk.cz\/wp-content\/uploads\/2017\/04\/25\/plakat-vimperk.jpg\" alt=\"\" width=\"1200\" height=\"570\" srcset=\"https:\/\/zakrasnejsivimperk.cz\/wp-content\/uploads\/2017\/04\/25\/plakat-vimperk.jpg 1200w, https:\/\/zakrasnejsivimperk.cz\/wp-content\/uploads\/2017\/04\/25\/plakat-vimperk-300x143.jpg 300w, https:\/\/zakrasnejsivimperk.cz\/wp-content\/uploads\/2017\/04\/25\/plakat-vimperk-768x365.jpg 768w, https:\/\/zakrasnejsivimperk.cz\/wp-content\/uploads\/2017\/04\/25\/plakat-vimperk-1024x486.jpg 1024w, https:\/\/zakrasnejsivimperk.cz\/wp-content\/uploads\/2017\/04\/25\/plakat-vimperk-752x357.jpg 752w, https:\/\/zakrasnejsivimperk.cz\/wp-content\/uploads\/2017\/04\/25\/plakat-vimperk-1017x483.jpg 1017w\" sizes=\"(max-width: 1200px) 100vw, 1200px\" \/><\/p>\n<p>&nbsp;<\/p>\n<p>&nbsp;<\/p>\n","protected":false},"excerpt":{"rendered":"<p>&nbsp; Zast\u0159e\u0161en\u00ed <\/p>\n","protected":false},"author":2,"featured_media":0,"comment_status":"open","ping_status":"open","sticky":false,"template":"","format":"gallery","meta":{"footnotes":""},"categories":[4],"tags":[],"jetpack_featured_media_url":"","_links":{"self":[{"href":"https:\/\/zakrasnejsivimperk.cz\/index.php?rest_route=\/wp\/v2\/posts\/99553"}],"collection":[{"href":"https:\/\/zakrasnejsivimperk.cz\/index.php?rest_route=\/wp\/v2\/posts"}],"about":[{"href":"https:\/\/zakrasnejsivimperk.cz\/index.php?rest_route=\/wp\/v2\/types\/post"}],"author":[{"embeddable":true,"href":"https:\/\/zakrasnejsivimperk.cz\/index.php?rest_route=\/wp\/v2\/users\/2"}],"replies":[{"embeddable":true,"href":"https:\/\/zakrasnejsivimperk.cz\/index.php?rest_route=%2Fwp%2Fv2%2Fcomments&post=99553"}],"version-history":[{"count":5,"href":"https:\/\/zakrasnejsivimperk.cz\/index.php?rest_route=\/wp\/v2\/posts\/99553\/revisions"}],"predecessor-version":[{"id":99609,"href":"https:\/\/zakrasnejsivimperk.cz\/index.php?rest_route=\/wp\/v2\/posts\/99553\/revisions\/99609"}],"wp:attachment":[{"href":"https:\/\/zakrasnejsivimperk.cz\/index.php?rest_route=%2Fwp%2Fv2%2Fmedia&parent=99553"}],"wp:term":[{"taxonomy":"category","embeddable":true,"href":"https:\/\/zakrasnejsivimperk.cz\/index.php?rest_route=%2Fwp%2Fv2%2Fcategories&post=99553"},{"taxonomy":"post_tag","embeddable":true,"href":"https:\/\/zakrasnejsivimperk.cz\/index.php?rest_route=%2Fwp%2Fv2%2Ftags&post=99553"}],"curies":[{"name":"wp","href":"https:\/\/api.w.org\/{rel}","templated":true}]}}