{"id":99428,"date":"2017-06-04T11:48:13","date_gmt":"2017-06-04T10:48:13","guid":{"rendered":"http:\/\/zakrasnejsivimperk.cz\/?p=99428"},"modified":"2017-06-05T09:54:13","modified_gmt":"2017-06-05T08:54:13","slug":"od-nasich-ctenaru-uprava-drive-zanedbaneho-prostranstvi-pred-vimperskou-zeleznicni-stanici-zdarne-finisuje","status":"publish","type":"post","link":"https:\/\/zakrasnejsivimperk.cz\/?p=99428","title":{"rendered":"OD NA\u0160ICH \u010cTEN\u00c1\u0158\u016e: \u00daprava d\u0159\u00edve zanedban\u00e9ho prostranstv\u00ed p\u0159ed \u017eelezni\u010dn\u00ed stanic\u00ed zd\u00e1rn\u011b fini\u0161uje"},"content":{"rendered":"<p><img loading=\"lazy\" decoding=\"async\" class=\"aligncenter wp-image-99393 size-full\" src=\"http:\/\/zakrasnejsivimperk.cz\/wp-content\/uploads\/2017\/06\/02\/p\u0159ed-n\u00e1dra\u017e\u00edm.jpg\" alt=\"\" width=\"960\" height=\"576\" srcset=\"https:\/\/zakrasnejsivimperk.cz\/wp-content\/uploads\/2017\/06\/02\/p\u0159ed-n\u00e1dra\u017e\u00edm.jpg 960w, https:\/\/zakrasnejsivimperk.cz\/wp-content\/uploads\/2017\/06\/02\/p\u0159ed-n\u00e1dra\u017e\u00edm-300x180.jpg 300w, https:\/\/zakrasnejsivimperk.cz\/wp-content\/uploads\/2017\/06\/02\/p\u0159ed-n\u00e1dra\u017e\u00edm-768x461.jpg 768w, https:\/\/zakrasnejsivimperk.cz\/wp-content\/uploads\/2017\/06\/02\/p\u0159ed-n\u00e1dra\u017e\u00edm-595x357.jpg 595w, https:\/\/zakrasnejsivimperk.cz\/wp-content\/uploads\/2017\/06\/02\/p\u0159ed-n\u00e1dra\u017e\u00edm-805x483.jpg 805w\" sizes=\"(max-width: 960px) 100vw, 960px\" \/><\/p>\n<p>&nbsp;<\/p>\n<h6 style=\"text-align: center;\">\u00dapravy vimpersk\u00e9ho p\u0159edn\u00e1dra\u017e\u00ed se bl\u00ed\u017e\u00ed do fin\u00e1le. V pond\u011bl\u00ed polo\u017een\u00ed asfaltu a bude hotovo.<\/h6>\n<h6 style=\"text-align: center;\">Text a foto: Vladislav \u0160L\u00c9GR<\/h6>\n<p>&nbsp;<\/p>\n<p><img loading=\"lazy\" decoding=\"async\" class=\"aligncenter wp-image-98242 size-full\" src=\"http:\/\/zakrasnejsivimperk.cz\/wp-content\/uploads\/2017\/04\/25\/plakat-vimperk.jpg\" alt=\"\" width=\"1200\" height=\"570\" srcset=\"https:\/\/zakrasnejsivimperk.cz\/wp-content\/uploads\/2017\/04\/25\/plakat-vimperk.jpg 1200w, https:\/\/zakrasnejsivimperk.cz\/wp-content\/uploads\/2017\/04\/25\/plakat-vimperk-300x143.jpg 300w, https:\/\/zakrasnejsivimperk.cz\/wp-content\/uploads\/2017\/04\/25\/plakat-vimperk-768x365.jpg 768w, https:\/\/zakrasnejsivimperk.cz\/wp-content\/uploads\/2017\/04\/25\/plakat-vimperk-1024x486.jpg 1024w, https:\/\/zakrasnejsivimperk.cz\/wp-content\/uploads\/2017\/04\/25\/plakat-vimperk-752x357.jpg 752w, https:\/\/zakrasnejsivimperk.cz\/wp-content\/uploads\/2017\/04\/25\/plakat-vimperk-1017x483.jpg 1017w\" sizes=\"(max-width: 1200px) 100vw, 1200px\" \/><\/p>\n<p>&nbsp;<\/p>\n<p>&nbsp;<\/p>\n<p>&nbsp;<\/p>\n","protected":false},"excerpt":{"rendered":"<p>&nbsp; \u00dapravy <\/p>\n","protected":false},"author":2,"featured_media":99393,"comment_status":"open","ping_status":"open","sticky":false,"template":"","format":"gallery","meta":{"footnotes":""},"categories":[4],"tags":[],"jetpack_featured_media_url":"https:\/\/zakrasnejsivimperk.cz\/wp-content\/uploads\/2017\/06\/02\/p\u0159ed-n\u00e1dra\u017e\u00edm.jpg","_links":{"self":[{"href":"https:\/\/zakrasnejsivimperk.cz\/index.php?rest_route=\/wp\/v2\/posts\/99428"}],"collection":[{"href":"https:\/\/zakrasnejsivimperk.cz\/index.php?rest_route=\/wp\/v2\/posts"}],"about":[{"href":"https:\/\/zakrasnejsivimperk.cz\/index.php?rest_route=\/wp\/v2\/types\/post"}],"author":[{"embeddable":true,"href":"https:\/\/zakrasnejsivimperk.cz\/index.php?rest_route=\/wp\/v2\/users\/2"}],"replies":[{"embeddable":true,"href":"https:\/\/zakrasnejsivimperk.cz\/index.php?rest_route=%2Fwp%2Fv2%2Fcomments&post=99428"}],"version-history":[{"count":4,"href":"https:\/\/zakrasnejsivimperk.cz\/index.php?rest_route=\/wp\/v2\/posts\/99428\/revisions"}],"predecessor-version":[{"id":99604,"href":"https:\/\/zakrasnejsivimperk.cz\/index.php?rest_route=\/wp\/v2\/posts\/99428\/revisions\/99604"}],"wp:featuredmedia":[{"embeddable":true,"href":"https:\/\/zakrasnejsivimperk.cz\/index.php?rest_route=\/wp\/v2\/media\/99393"}],"wp:attachment":[{"href":"https:\/\/zakrasnejsivimperk.cz\/index.php?rest_route=%2Fwp%2Fv2%2Fmedia&parent=99428"}],"wp:term":[{"taxonomy":"category","embeddable":true,"href":"https:\/\/zakrasnejsivimperk.cz\/index.php?rest_route=%2Fwp%2Fv2%2Fcategories&post=99428"},{"taxonomy":"post_tag","embeddable":true,"href":"https:\/\/zakrasnejsivimperk.cz\/index.php?rest_route=%2Fwp%2Fv2%2Ftags&post=99428"}],"curies":[{"name":"wp","href":"https:\/\/api.w.org\/{rel}","templated":true}]}}