{"id":99217,"date":"2017-06-01T11:23:40","date_gmt":"2017-06-01T10:23:40","guid":{"rendered":"http:\/\/zakrasnejsivimperk.cz\/?p=99217"},"modified":"2017-06-01T11:23:40","modified_gmt":"2017-06-01T10:23:40","slug":"zdenek-zenisek-jsou-urcite-signaly-ze-dojde-k-vyjasneni-stanovisek-a-rezignace-bude-stazena","status":"publish","type":"post","link":"https:\/\/zakrasnejsivimperk.cz\/?p=99217","title":{"rendered":"ZDEN\u011aK \u017dEN\u00cd\u0160EK: Jsou ur\u010dit\u00e9 sign\u00e1ly, \u017ee dojde k vyjasn\u011bn\u00ed stanovisek a rezignace bude sta\u017eena"},"content":{"rendered":"<p>&nbsp;<\/p>\n<h6>Tajemn\u00edk M\u011bstsk\u00e9ho \u00fa\u0159adu Vimperk Zden\u011bk \u017den\u00ed\u0161ek reaguje na n\u00e1\u0161 redak\u010dn\u00ed koment\u00e1\u0159\u00a0<a title=\"KOMENT\u00c1\u0158: Rezignace redak\u010dn\u00ed rady Vimpersk\u00fdch novin aneb \u00da\u0159edn\u00edci proti nov\u00e9mu veden\u00ed radnice\" href=\"http:\/\/zakrasnejsivimperk.cz\/?p=99189\" target=\"_blank\" rel=\"bookmark noopener noreferrer\">Rezignace redak\u010dn\u00ed rady Vimpersk\u00fdch novin aneb \u00da\u0159edn\u00edci proti nov\u00e9mu veden\u00ed radnice<\/a><\/h6>\n<p>1. Redak\u010dn\u00ed rada VN sice podala rezignaci, ale RM ji zat\u00edm ofici\u00e1ln\u011b neprojedn\u00e1vala a ani ji nep\u0159ijala. Sch\u016fzka obou stran v pln\u00e9m obsazen\u00ed je napl\u00e1nov\u00e1na na zased\u00e1n\u00ed RM na pond\u011bl\u00ed 05.04. a jsou zde ji\u017e ur\u010dit\u00e9 sign\u00e1ly, \u017ee dojde k vyjasn\u011bn\u00ed stanovisek, d\u016fvod\u016f rezignace a k n\u011bjak\u00e9mu \u0159e\u0161en\u00ed, nevylu\u010duje se i sta\u017een\u00ed rezignace redak\u010dn\u00ed rady VN.<\/p>\n<p>2. V\u017edy jsem byl z\u00e1sadn\u011b proti, aby \u0161\u00e9fredaktora VN d\u011blal jak\u00fdkoliv \u00fa\u0159edn\u00edk \u00fa\u0159adu, tento n\u00e1zor m\u00e1m i dnes. Vedouc\u00ed odboru \u0161kolstv\u00ed, kultury a cestovn\u00edho ruchu Mgr. Zden\u011bk Kuncl toto d\u011blal v\u00edcem\u00e9n\u011b proto, \u017ee to nikdo jin\u00fd po rezignaci p\u0159edchoz\u00edho \u0161\u00e9fredaktora d\u011blat necht\u011bl a ned\u011blal to zase tak \u0161patn\u011b. Mgr. Zden\u011bk Kuncl tuto \u010dinnost (pr\u00e1ce \u0161\u00e9fredaktora) nem\u00e1 ve sv\u00e9 pracovn\u00ed n\u00e1plni a pokud rada zasedala z d\u016fvod\u016f \u010dasov\u00fdch ob\u010das i v jeho pracovn\u00ed dob\u011b bylo mi to v\u017edy Mgr. Kunclem ozn\u00e1meno a j\u00e1 s t\u00edm souhlasil (praxe u ostatn\u00edch komis\u00ed \u010di v\u00fdbor\u016f je naprosto stejn\u00e1).<\/p>\n<p>3. Kolegyn\u011b Renata Le\u0161kov\u00e1 \u010dinnost t\u00fdkaj\u00edc\u00ed agendy VN ve sv\u00e9 pracovn\u00ed n\u00e1plni m\u00e1 a bude ji d\u011blat nad\u00e1le, i kdy\u017e nebude jmenovanou \u010dlenkou redak\u010dn\u00ed rady VN, \u010dili bude vykon\u00e1vat administrativn\u00ed \u010dinnost spojenou s touto agendou bez mo\u017enosti hlasov\u00e1n\u00ed a odm\u011bny (stejnou \u010dinnost zast\u00e1v\u00e1 nap\u0159. kolegyn\u011b J\u00edrovcov\u00e1 v bytov\u00e9 komisi).<\/p>\n<p>4. Politiku do \u010dinnosti redak\u010dn\u00ed rady VN tah\u00e1 kde kdo, ale rozhodn\u011b ne tito dva \u00fa\u0159edn\u00edci m\u011bstsk\u00e9ho \u00fa\u0159adu, d\u016fvody jejich rezignace jsou podle m\u00e9ho soudu naprosto apolitick\u00e9 a j\u00e1 douf\u00e1m, \u017ee na pond\u011bln\u00ed sch\u016fzce se situace vyjasn\u00ed a RM p\u0159ijme takov\u00e9 z\u00e1v\u011bry, kter\u00e9 situaci vy\u0159e\u0161\u00ed.<\/p>\n<p>&nbsp;<\/p>\n<p><strong>Zden\u011bk \u017dEN\u00cd\u0160EK, tajemn\u00edk M\u011bstsk\u00e9ho \u00fa\u0159adu Vimperk<\/strong><\/p>\n<p>(zve\u0159ejn\u011bno v pln\u00e9m zn\u011bn\u00ed bez redak\u010dn\u00ed \u00fapravy)<\/p>\n<p>&nbsp;<\/p>\n<p>&nbsp;<\/p>\n<p>&nbsp;<\/p>\n","protected":false},"excerpt":{"rendered":"<p>&nbsp; Tajemn\u00edk <\/p>\n","protected":false},"author":2,"featured_media":64620,"comment_status":"open","ping_status":"open","sticky":false,"template":"","format":"gallery","meta":{"footnotes":""},"categories":[4],"tags":[],"jetpack_featured_media_url":"https:\/\/zakrasnejsivimperk.cz\/wp-content\/uploads\/2016\/06\/15\/zd-\u017een\u00ed\u0161ek.jpg","_links":{"self":[{"href":"https:\/\/zakrasnejsivimperk.cz\/index.php?rest_route=\/wp\/v2\/posts\/99217"}],"collection":[{"href":"https:\/\/zakrasnejsivimperk.cz\/index.php?rest_route=\/wp\/v2\/posts"}],"about":[{"href":"https:\/\/zakrasnejsivimperk.cz\/index.php?rest_route=\/wp\/v2\/types\/post"}],"author":[{"embeddable":true,"href":"https:\/\/zakrasnejsivimperk.cz\/index.php?rest_route=\/wp\/v2\/users\/2"}],"replies":[{"embeddable":true,"href":"https:\/\/zakrasnejsivimperk.cz\/index.php?rest_route=%2Fwp%2Fv2%2Fcomments&post=99217"}],"version-history":[{"count":3,"href":"https:\/\/zakrasnejsivimperk.cz\/index.php?rest_route=\/wp\/v2\/posts\/99217\/revisions"}],"predecessor-version":[{"id":99257,"href":"https:\/\/zakrasnejsivimperk.cz\/index.php?rest_route=\/wp\/v2\/posts\/99217\/revisions\/99257"}],"wp:featuredmedia":[{"embeddable":true,"href":"https:\/\/zakrasnejsivimperk.cz\/index.php?rest_route=\/wp\/v2\/media\/64620"}],"wp:attachment":[{"href":"https:\/\/zakrasnejsivimperk.cz\/index.php?rest_route=%2Fwp%2Fv2%2Fmedia&parent=99217"}],"wp:term":[{"taxonomy":"category","embeddable":true,"href":"https:\/\/zakrasnejsivimperk.cz\/index.php?rest_route=%2Fwp%2Fv2%2Fcategories&post=99217"},{"taxonomy":"post_tag","embeddable":true,"href":"https:\/\/zakrasnejsivimperk.cz\/index.php?rest_route=%2Fwp%2Fv2%2Ftags&post=99217"}],"curies":[{"name":"wp","href":"https:\/\/api.w.org\/{rel}","templated":true}]}}