{"id":99115,"date":"2017-05-31T06:09:14","date_gmt":"2017-05-31T05:09:14","guid":{"rendered":"http:\/\/zakrasnejsivimperk.cz\/?p=99115"},"modified":"2017-05-31T13:08:43","modified_gmt":"2017-05-31T12:08:43","slug":"radnice-informuje-zmeny-v-komisich-rady-mesta-a-dozorcich-radach-mestskych-spolecnosti","status":"publish","type":"post","link":"https:\/\/zakrasnejsivimperk.cz\/?p=99115","title":{"rendered":"RADNICE INFORMUJE: Zm\u011bny v komis\u00edch rady m\u011bsta a dozor\u010d\u00edch rad\u00e1ch m\u011bstsk\u00fdch spole\u010dnost\u00ed"},"content":{"rendered":"<p>&nbsp;<\/p>\n<h6>Rada m\u011bsta na sv\u00e9m zased\u00e1n\u00ed dne 29.05.2017 provedla tyto zm\u011bny v\u00a0komis\u00edch rady m\u011bsta a dozor\u010d\u00edch rad\u00e1ch m\u011bsta k\u00a001.06.2017 takto:<\/h6>\n<ul>\n<li><strong>Povod\u0148ov\u00e1 komise<\/strong> \u2013 odvol\u00e1na p\u0159edsedkyn\u011b komise Ing. Jaroslava Martanov\u00e1, zvolen nov\u00fd p\u0159edseda komise Mgr. Pavel Dvo\u0159\u00e1k<\/li>\n<li><strong>Redak\u010dn\u00ed rada Vimpersk\u00fdch novin<\/strong> \u2013 odvol\u00e1na \u010dlenka redak\u010dn\u00ed rady Mgr. Irena Malotov\u00e1<\/li>\n<li><strong>Bytov\u00e1 komise<\/strong> \u2013 odvol\u00e1na p\u0159edsedkyn\u011b komise Ing. Jaroslava Martanov\u00e1, zvolena nov\u00e1 p\u0159edsedkyn\u011b Iveta Preslov\u00e1, zvolen nov\u00fd \u010dlen komise Luk\u00e1\u0161 S\u00fds<\/li>\n<li><strong>Dozor\u010d\u00ed rada M\u011bstsk\u00e9 spr\u00e1vy dom\u016f<\/strong> \u2013 odvol\u00e1n \u010dlen DR Ing. Ji\u0159\u00ed Cais, zvolen nov\u00fd \u010dlen DR Iveta Preslov\u00e1<\/li>\n<li><strong>Dozor\u010d\u00ed rada M\u011bstsk\u00fdch slu\u017eeb<\/strong> \u2013 odvol\u00e1na DR jako celek ve slo\u017een\u00ed\u00a0 p\u0159edseda Ing. Bohumil Petr\u00e1\u0161ek, \u010dlenov\u00e9 Ing. Martin Pa\u0161tika a Mgr. Pavel Dvo\u0159\u00e1k. Zvolena nov\u00e1 DR ve slo\u017een\u00ed p\u0159edseda DR Zden\u011bk Kutil, \u010dlenov\u00e9 Mgr. Karel St\u0159ele\u010dek a Jan Koller.<\/li>\n<\/ul>\n<p>&nbsp;<\/p>\n<p><strong>M\u011aSTO VIMPERK<\/strong><\/p>\n<p>&nbsp;<\/p>\n<p>&nbsp;<\/p>\n<p>&nbsp;<\/p>\n","protected":false},"excerpt":{"rendered":"<p>&nbsp; Rada <\/p>\n","protected":false},"author":2,"featured_media":0,"comment_status":"open","ping_status":"open","sticky":false,"template":"","format":"gallery","meta":{"footnotes":""},"categories":[4],"tags":[],"jetpack_featured_media_url":"","_links":{"self":[{"href":"https:\/\/zakrasnejsivimperk.cz\/index.php?rest_route=\/wp\/v2\/posts\/99115"}],"collection":[{"href":"https:\/\/zakrasnejsivimperk.cz\/index.php?rest_route=\/wp\/v2\/posts"}],"about":[{"href":"https:\/\/zakrasnejsivimperk.cz\/index.php?rest_route=\/wp\/v2\/types\/post"}],"author":[{"embeddable":true,"href":"https:\/\/zakrasnejsivimperk.cz\/index.php?rest_route=\/wp\/v2\/users\/2"}],"replies":[{"embeddable":true,"href":"https:\/\/zakrasnejsivimperk.cz\/index.php?rest_route=%2Fwp%2Fv2%2Fcomments&post=99115"}],"version-history":[{"count":2,"href":"https:\/\/zakrasnejsivimperk.cz\/index.php?rest_route=\/wp\/v2\/posts\/99115\/revisions"}],"predecessor-version":[{"id":99193,"href":"https:\/\/zakrasnejsivimperk.cz\/index.php?rest_route=\/wp\/v2\/posts\/99115\/revisions\/99193"}],"wp:attachment":[{"href":"https:\/\/zakrasnejsivimperk.cz\/index.php?rest_route=%2Fwp%2Fv2%2Fmedia&parent=99115"}],"wp:term":[{"taxonomy":"category","embeddable":true,"href":"https:\/\/zakrasnejsivimperk.cz\/index.php?rest_route=%2Fwp%2Fv2%2Fcategories&post=99115"},{"taxonomy":"post_tag","embeddable":true,"href":"https:\/\/zakrasnejsivimperk.cz\/index.php?rest_route=%2Fwp%2Fv2%2Ftags&post=99115"}],"curies":[{"name":"wp","href":"https:\/\/api.w.org\/{rel}","templated":true}]}}