{"id":99104,"date":"2017-06-02T11:18:59","date_gmt":"2017-06-02T10:18:59","guid":{"rendered":"http:\/\/zakrasnejsivimperk.cz\/?p=99104"},"modified":"2017-06-02T11:22:09","modified_gmt":"2017-06-02T10:22:09","slug":"prachaticky-denik-vimpersti-uz-chystaji-plavky-do-bazenu-sezona-ma-zacit-v-puli-cervna","status":"publish","type":"post","link":"https:\/\/zakrasnejsivimperk.cz\/?p=99104","title":{"rendered":"PRACHATICK\u00dd DEN\u00cdK: Vimper\u0161t\u00ed u\u017e chystaj\u00ed plavky do baz\u00e9nu na koupali\u0161ti, sezona za\u010dne v p\u016fli \u010dervna"},"content":{"rendered":"<p><img loading=\"lazy\" decoding=\"async\" class=\"aligncenter wp-image-26385 size-full\" src=\"http:\/\/zakrasnejsivimperk.cz\/wp-content\/uploads\/2015\/07\/koupaliste1.jpg\" alt=\"\" width=\"960\" height=\"720\" \/><\/p>\n<p>&nbsp;<\/p>\n<h6><img loading=\"lazy\" decoding=\"async\" class=\"size-full wp-image-56019 alignright\" src=\"http:\/\/zakrasnejsivimperk.cz\/wp-content\/uploads\/2016\/04\/14\/denik-1.jpg\" alt=\"\" width=\"235\" height=\"82\" \/>Vimperk &#8211; V\u00a0polovin\u011b \u010dervna u\u017e budou m\u00edt Vimper\u0161t\u00ed mo\u017enost osv\u011b\u017eit t\u011bla v\u00a0baz\u00e9nech tamn\u00edho ve\u0159ejn\u00e9ho koupali\u0161t\u011b.<\/h6>\n<h4><a href=\"http:\/\/prachaticky.denik.cz\/zpravy_region\/vimpersti-uz-chystaji-plavky-do-bazenu-20170530.html\" target=\"_blank\" rel=\"noopener noreferrer\"><span id=\"copylink\">CEL\u00dd \u010cL\u00c1NEK<\/span><\/a><\/h4>\n<p>Ilustra\u010dn\u00ed foto: Pavel PECHOU\u0160EK<\/p>\n<p>&nbsp;<\/p>\n<p>&nbsp;<\/p>\n<p>&nbsp;<\/p>\n<p>&nbsp;<\/p>\n","protected":false},"excerpt":{"rendered":"<p>&nbsp; Vimperk <\/p>\n","protected":false},"author":2,"featured_media":88417,"comment_status":"open","ping_status":"open","sticky":false,"template":"","format":"gallery","meta":{"footnotes":""},"categories":[4],"tags":[],"jetpack_featured_media_url":"https:\/\/zakrasnejsivimperk.cz\/wp-content\/uploads\/2017\/01\/07\/koupali\u0161t\u011b-den\u00edk.jpg","_links":{"self":[{"href":"https:\/\/zakrasnejsivimperk.cz\/index.php?rest_route=\/wp\/v2\/posts\/99104"}],"collection":[{"href":"https:\/\/zakrasnejsivimperk.cz\/index.php?rest_route=\/wp\/v2\/posts"}],"about":[{"href":"https:\/\/zakrasnejsivimperk.cz\/index.php?rest_route=\/wp\/v2\/types\/post"}],"author":[{"embeddable":true,"href":"https:\/\/zakrasnejsivimperk.cz\/index.php?rest_route=\/wp\/v2\/users\/2"}],"replies":[{"embeddable":true,"href":"https:\/\/zakrasnejsivimperk.cz\/index.php?rest_route=%2Fwp%2Fv2%2Fcomments&post=99104"}],"version-history":[{"count":5,"href":"https:\/\/zakrasnejsivimperk.cz\/index.php?rest_route=\/wp\/v2\/posts\/99104\/revisions"}],"predecessor-version":[{"id":99374,"href":"https:\/\/zakrasnejsivimperk.cz\/index.php?rest_route=\/wp\/v2\/posts\/99104\/revisions\/99374"}],"wp:featuredmedia":[{"embeddable":true,"href":"https:\/\/zakrasnejsivimperk.cz\/index.php?rest_route=\/wp\/v2\/media\/88417"}],"wp:attachment":[{"href":"https:\/\/zakrasnejsivimperk.cz\/index.php?rest_route=%2Fwp%2Fv2%2Fmedia&parent=99104"}],"wp:term":[{"taxonomy":"category","embeddable":true,"href":"https:\/\/zakrasnejsivimperk.cz\/index.php?rest_route=%2Fwp%2Fv2%2Fcategories&post=99104"},{"taxonomy":"post_tag","embeddable":true,"href":"https:\/\/zakrasnejsivimperk.cz\/index.php?rest_route=%2Fwp%2Fv2%2Ftags&post=99104"}],"curies":[{"name":"wp","href":"https:\/\/api.w.org\/{rel}","templated":true}]}}