{"id":98733,"date":"2017-05-25T06:29:03","date_gmt":"2017-05-25T05:29:03","guid":{"rendered":"http:\/\/zakrasnejsivimperk.cz\/?p=98733"},"modified":"2017-07-20T11:39:58","modified_gmt":"2017-07-20T10:39:58","slug":"vsimavy-objektiv-toto-jsou-pozustatky-stredecniho-odpoledniho-dychanku-u-autobusoveho-nadrazi","status":"publish","type":"post","link":"https:\/\/zakrasnejsivimperk.cz\/?p=98733","title":{"rendered":"V\u0160\u00cdMAV\u00dd OBJEKTIV: Poz\u016fstatky st\u0159ede\u010dn\u00edho odpoledn\u00edho d\u00fdch\u00e1nku u autobusov\u00e9ho n\u00e1dra\u017e\u00ed"},"content":{"rendered":"<p><img loading=\"lazy\" decoding=\"async\" class=\"aligncenter wp-image-98737 size-full\" src=\"http:\/\/zakrasnejsivimperk.cz\/wp-content\/uploads\/2017\/05\/25\/kontejnery-kruh\u00e1\u010d-4.jpg\" alt=\"\" width=\"800\" height=\"600\" srcset=\"https:\/\/zakrasnejsivimperk.cz\/wp-content\/uploads\/2017\/05\/25\/kontejnery-kruh\u00e1\u010d-4.jpg 800w, https:\/\/zakrasnejsivimperk.cz\/wp-content\/uploads\/2017\/05\/25\/kontejnery-kruh\u00e1\u010d-4-300x225.jpg 300w, https:\/\/zakrasnejsivimperk.cz\/wp-content\/uploads\/2017\/05\/25\/kontejnery-kruh\u00e1\u010d-4-768x576.jpg 768w, https:\/\/zakrasnejsivimperk.cz\/wp-content\/uploads\/2017\/05\/25\/kontejnery-kruh\u00e1\u010d-4-476x357.jpg 476w, https:\/\/zakrasnejsivimperk.cz\/wp-content\/uploads\/2017\/05\/25\/kontejnery-kruh\u00e1\u010d-4-644x483.jpg 644w\" sizes=\"(max-width: 800px) 100vw, 800px\" \/><\/p>\n<p>&nbsp;<\/p>\n<h6>Sn\u00edmky zachycuj\u00ed \u00fa\u010dastn\u00edky st\u0159ede\u010dn\u00edho odpoledn\u00edho posezen\u00ed a pop\u00edjen\u00ed na kontejnerech s kv\u011btinami u autobusov\u00e9ho n\u00e1dra\u017e\u00ed\u00a0ve Vimperku a poz\u016fstatky tohoto d\u00fdch\u00e1nku, kter\u00e9 bylo mo\u017en\u00e9 spat\u0159it ve \u010dtvrtek r\u00e1no. To v\u0161e se ud\u00e1lo na dohled kamery m\u011bstsk\u00e9ho kamerov\u00e9ho syst\u00e9mu. Kde str\u00e1\u017en\u00edci, kde jste byli&#8230;?<\/h6>\n<p>Text a foto: (red) &#8211; Za kr\u00e1sn\u011bj\u0161\u00ed Vimperk<\/p>\n<div id='gallery-1' class='gallery galleryid-98733 gallery-columns-3 gallery-size-medium'><figure class='gallery-item'>\n\t\t\t<div class='gallery-icon landscape'>\n\t\t\t\t<a href='https:\/\/zakrasnejsivimperk.cz\/?attachment_id=98734'><img loading=\"lazy\" decoding=\"async\" width=\"300\" height=\"225\" src=\"https:\/\/zakrasnejsivimperk.cz\/wp-content\/uploads\/2017\/05\/25\/kontejnery-kruh\u00e1\u010d-1-300x225.jpg\" class=\"attachment-medium size-medium\" alt=\"\" srcset=\"https:\/\/zakrasnejsivimperk.cz\/wp-content\/uploads\/2017\/05\/25\/kontejnery-kruh\u00e1\u010d-1-300x225.jpg 300w, https:\/\/zakrasnejsivimperk.cz\/wp-content\/uploads\/2017\/05\/25\/kontejnery-kruh\u00e1\u010d-1-768x576.jpg 768w, https:\/\/zakrasnejsivimperk.cz\/wp-content\/uploads\/2017\/05\/25\/kontejnery-kruh\u00e1\u010d-1-476x357.jpg 476w, https:\/\/zakrasnejsivimperk.cz\/wp-content\/uploads\/2017\/05\/25\/kontejnery-kruh\u00e1\u010d-1-644x483.jpg 644w, https:\/\/zakrasnejsivimperk.cz\/wp-content\/uploads\/2017\/05\/25\/kontejnery-kruh\u00e1\u010d-1.jpg 800w\" sizes=\"(max-width: 300px) 100vw, 300px\" \/><\/a>\n\t\t\t<\/div><\/figure><figure class='gallery-item'>\n\t\t\t<div class='gallery-icon landscape'>\n\t\t\t\t<a href='https:\/\/zakrasnejsivimperk.cz\/?attachment_id=98735'><img loading=\"lazy\" decoding=\"async\" width=\"300\" height=\"225\" src=\"https:\/\/zakrasnejsivimperk.cz\/wp-content\/uploads\/2017\/05\/25\/kontejnery-kruh\u00e1\u010d-2-300x225.jpg\" class=\"attachment-medium size-medium\" alt=\"\" srcset=\"https:\/\/zakrasnejsivimperk.cz\/wp-content\/uploads\/2017\/05\/25\/kontejnery-kruh\u00e1\u010d-2-300x225.jpg 300w, https:\/\/zakrasnejsivimperk.cz\/wp-content\/uploads\/2017\/05\/25\/kontejnery-kruh\u00e1\u010d-2-768x576.jpg 768w, https:\/\/zakrasnejsivimperk.cz\/wp-content\/uploads\/2017\/05\/25\/kontejnery-kruh\u00e1\u010d-2-476x357.jpg 476w, https:\/\/zakrasnejsivimperk.cz\/wp-content\/uploads\/2017\/05\/25\/kontejnery-kruh\u00e1\u010d-2-644x483.jpg 644w, https:\/\/zakrasnejsivimperk.cz\/wp-content\/uploads\/2017\/05\/25\/kontejnery-kruh\u00e1\u010d-2.jpg 800w\" sizes=\"(max-width: 300px) 100vw, 300px\" \/><\/a>\n\t\t\t<\/div><\/figure><figure class='gallery-item'>\n\t\t\t<div class='gallery-icon landscape'>\n\t\t\t\t<a href='https:\/\/zakrasnejsivimperk.cz\/?attachment_id=98736'><img loading=\"lazy\" decoding=\"async\" width=\"300\" height=\"225\" src=\"https:\/\/zakrasnejsivimperk.cz\/wp-content\/uploads\/2017\/05\/25\/kontejnery-kruh\u00e1\u010d-3-300x225.jpg\" class=\"attachment-medium size-medium\" alt=\"\" srcset=\"https:\/\/zakrasnejsivimperk.cz\/wp-content\/uploads\/2017\/05\/25\/kontejnery-kruh\u00e1\u010d-3-300x225.jpg 300w, https:\/\/zakrasnejsivimperk.cz\/wp-content\/uploads\/2017\/05\/25\/kontejnery-kruh\u00e1\u010d-3-768x576.jpg 768w, https:\/\/zakrasnejsivimperk.cz\/wp-content\/uploads\/2017\/05\/25\/kontejnery-kruh\u00e1\u010d-3-476x357.jpg 476w, https:\/\/zakrasnejsivimperk.cz\/wp-content\/uploads\/2017\/05\/25\/kontejnery-kruh\u00e1\u010d-3-644x483.jpg 644w, https:\/\/zakrasnejsivimperk.cz\/wp-content\/uploads\/2017\/05\/25\/kontejnery-kruh\u00e1\u010d-3.jpg 800w\" sizes=\"(max-width: 300px) 100vw, 300px\" \/><\/a>\n\t\t\t<\/div><\/figure><figure class='gallery-item'>\n\t\t\t<div class='gallery-icon landscape'>\n\t\t\t\t<a href='https:\/\/zakrasnejsivimperk.cz\/?attachment_id=98737'><img loading=\"lazy\" decoding=\"async\" width=\"300\" height=\"225\" src=\"https:\/\/zakrasnejsivimperk.cz\/wp-content\/uploads\/2017\/05\/25\/kontejnery-kruh\u00e1\u010d-4-300x225.jpg\" class=\"attachment-medium size-medium\" alt=\"\" srcset=\"https:\/\/zakrasnejsivimperk.cz\/wp-content\/uploads\/2017\/05\/25\/kontejnery-kruh\u00e1\u010d-4-300x225.jpg 300w, https:\/\/zakrasnejsivimperk.cz\/wp-content\/uploads\/2017\/05\/25\/kontejnery-kruh\u00e1\u010d-4-768x576.jpg 768w, https:\/\/zakrasnejsivimperk.cz\/wp-content\/uploads\/2017\/05\/25\/kontejnery-kruh\u00e1\u010d-4-476x357.jpg 476w, https:\/\/zakrasnejsivimperk.cz\/wp-content\/uploads\/2017\/05\/25\/kontejnery-kruh\u00e1\u010d-4-644x483.jpg 644w, https:\/\/zakrasnejsivimperk.cz\/wp-content\/uploads\/2017\/05\/25\/kontejnery-kruh\u00e1\u010d-4.jpg 800w\" sizes=\"(max-width: 300px) 100vw, 300px\" \/><\/a>\n\t\t\t<\/div><\/figure><figure class='gallery-item'>\n\t\t\t<div class='gallery-icon landscape'>\n\t\t\t\t<a href='https:\/\/zakrasnejsivimperk.cz\/?attachment_id=98738'><img loading=\"lazy\" decoding=\"async\" width=\"300\" height=\"225\" src=\"https:\/\/zakrasnejsivimperk.cz\/wp-content\/uploads\/2017\/05\/25\/kontejnery-kruh\u00e1\u010d-5-300x225.jpg\" class=\"attachment-medium size-medium\" alt=\"\" srcset=\"https:\/\/zakrasnejsivimperk.cz\/wp-content\/uploads\/2017\/05\/25\/kontejnery-kruh\u00e1\u010d-5-300x225.jpg 300w, https:\/\/zakrasnejsivimperk.cz\/wp-content\/uploads\/2017\/05\/25\/kontejnery-kruh\u00e1\u010d-5-768x576.jpg 768w, https:\/\/zakrasnejsivimperk.cz\/wp-content\/uploads\/2017\/05\/25\/kontejnery-kruh\u00e1\u010d-5-476x357.jpg 476w, https:\/\/zakrasnejsivimperk.cz\/wp-content\/uploads\/2017\/05\/25\/kontejnery-kruh\u00e1\u010d-5-644x483.jpg 644w, https:\/\/zakrasnejsivimperk.cz\/wp-content\/uploads\/2017\/05\/25\/kontejnery-kruh\u00e1\u010d-5.jpg 800w\" sizes=\"(max-width: 300px) 100vw, 300px\" \/><\/a>\n\t\t\t<\/div><\/figure>\n\t\t<\/div>\n\n","protected":false},"excerpt":{"rendered":"<p>&nbsp; Sn\u00edmky <\/p>\n","protected":false},"author":2,"featured_media":98737,"comment_status":"open","ping_status":"open","sticky":false,"template":"","format":"gallery","meta":{"footnotes":""},"categories":[4],"tags":[],"jetpack_featured_media_url":"https:\/\/zakrasnejsivimperk.cz\/wp-content\/uploads\/2017\/05\/25\/kontejnery-kruh\u00e1\u010d-4.jpg","_links":{"self":[{"href":"https:\/\/zakrasnejsivimperk.cz\/index.php?rest_route=\/wp\/v2\/posts\/98733"}],"collection":[{"href":"https:\/\/zakrasnejsivimperk.cz\/index.php?rest_route=\/wp\/v2\/posts"}],"about":[{"href":"https:\/\/zakrasnejsivimperk.cz\/index.php?rest_route=\/wp\/v2\/types\/post"}],"author":[{"embeddable":true,"href":"https:\/\/zakrasnejsivimperk.cz\/index.php?rest_route=\/wp\/v2\/users\/2"}],"replies":[{"embeddable":true,"href":"https:\/\/zakrasnejsivimperk.cz\/index.php?rest_route=%2Fwp%2Fv2%2Fcomments&post=98733"}],"version-history":[{"count":3,"href":"https:\/\/zakrasnejsivimperk.cz\/index.php?rest_route=\/wp\/v2\/posts\/98733\/revisions"}],"predecessor-version":[{"id":98741,"href":"https:\/\/zakrasnejsivimperk.cz\/index.php?rest_route=\/wp\/v2\/posts\/98733\/revisions\/98741"}],"wp:featuredmedia":[{"embeddable":true,"href":"https:\/\/zakrasnejsivimperk.cz\/index.php?rest_route=\/wp\/v2\/media\/98737"}],"wp:attachment":[{"href":"https:\/\/zakrasnejsivimperk.cz\/index.php?rest_route=%2Fwp%2Fv2%2Fmedia&parent=98733"}],"wp:term":[{"taxonomy":"category","embeddable":true,"href":"https:\/\/zakrasnejsivimperk.cz\/index.php?rest_route=%2Fwp%2Fv2%2Fcategories&post=98733"},{"taxonomy":"post_tag","embeddable":true,"href":"https:\/\/zakrasnejsivimperk.cz\/index.php?rest_route=%2Fwp%2Fv2%2Ftags&post=98733"}],"curies":[{"name":"wp","href":"https:\/\/api.w.org\/{rel}","templated":true}]}}