{"id":98142,"date":"2017-05-19T11:41:31","date_gmt":"2017-05-19T10:41:31","guid":{"rendered":"http:\/\/zakrasnejsivimperk.cz\/?p=98142"},"modified":"2017-05-19T11:44:27","modified_gmt":"2017-05-19T10:44:27","slug":"od-nasich-ctenaru-prostranstvi-pred-vimperskou-zeleznicni-stanici-se-meni-k-lepsimu","status":"publish","type":"post","link":"https:\/\/zakrasnejsivimperk.cz\/?p=98142","title":{"rendered":"OD NA\u0160ICH \u010cTEN\u00c1\u0158\u016e: D\u0159\u00edve nep\u011bkn\u00e9 prostranstv\u00ed p\u0159ed vimperskou \u017eelezni\u010dn\u00ed stanic\u00ed se m\u011bn\u00ed k lep\u0161\u00edmu"},"content":{"rendered":"<p><img loading=\"lazy\" decoding=\"async\" class=\"aligncenter wp-image-98143 size-full\" src=\"http:\/\/zakrasnejsivimperk.cz\/wp-content\/uploads\/2017\/05\/17\/vimperk-\u00faprava-p\u0159ed-n\u00e1dra\u017e\u00edm-\u010cD.jpg\" alt=\"\" width=\"960\" height=\"576\" srcset=\"https:\/\/zakrasnejsivimperk.cz\/wp-content\/uploads\/2017\/05\/17\/vimperk-\u00faprava-p\u0159ed-n\u00e1dra\u017e\u00edm-\u010cD.jpg 960w, https:\/\/zakrasnejsivimperk.cz\/wp-content\/uploads\/2017\/05\/17\/vimperk-\u00faprava-p\u0159ed-n\u00e1dra\u017e\u00edm-\u010cD-300x180.jpg 300w, https:\/\/zakrasnejsivimperk.cz\/wp-content\/uploads\/2017\/05\/17\/vimperk-\u00faprava-p\u0159ed-n\u00e1dra\u017e\u00edm-\u010cD-768x461.jpg 768w, https:\/\/zakrasnejsivimperk.cz\/wp-content\/uploads\/2017\/05\/17\/vimperk-\u00faprava-p\u0159ed-n\u00e1dra\u017e\u00edm-\u010cD-595x357.jpg 595w, https:\/\/zakrasnejsivimperk.cz\/wp-content\/uploads\/2017\/05\/17\/vimperk-\u00faprava-p\u0159ed-n\u00e1dra\u017e\u00edm-\u010cD-805x483.jpg 805w\" sizes=\"(max-width: 960px) 100vw, 960px\" \/><\/p>\n<h6 style=\"text-align: center;\">Pr\u00e1ce na \u00faprav\u011b prostranstv\u00ed p\u0159ed vimperskou \u017eelezni\u010dn\u00ed stanic\u00ed postupuj\u00ed.\u00a0Odvodn\u011bn\u00ed, vysu\u0161en\u00ed, odbahn\u011bn\u00ed. Pokud se zada\u0159\u00ed, bude i nov\u00fd kan\u00e1l. Je\u0161t\u011b dla\u017eba a vyzna\u010den\u00ed parkovac\u00edch m\u00edst.<\/h6>\n<h6 style=\"text-align: center;\">Text a foto: Vladislav \u0160L\u00c9GR<\/h6>\n<p>&nbsp;<\/p>\n<p>&nbsp;<\/p>\n<p>&nbsp;<\/p>\n","protected":false},"excerpt":{"rendered":"<p>Pr\u00e1ce na <\/p>\n","protected":false},"author":2,"featured_media":98143,"comment_status":"open","ping_status":"open","sticky":false,"template":"","format":"gallery","meta":{"footnotes":""},"categories":[4],"tags":[],"jetpack_featured_media_url":"https:\/\/zakrasnejsivimperk.cz\/wp-content\/uploads\/2017\/05\/17\/vimperk-\u00faprava-p\u0159ed-n\u00e1dra\u017e\u00edm-\u010cD.jpg","_links":{"self":[{"href":"https:\/\/zakrasnejsivimperk.cz\/index.php?rest_route=\/wp\/v2\/posts\/98142"}],"collection":[{"href":"https:\/\/zakrasnejsivimperk.cz\/index.php?rest_route=\/wp\/v2\/posts"}],"about":[{"href":"https:\/\/zakrasnejsivimperk.cz\/index.php?rest_route=\/wp\/v2\/types\/post"}],"author":[{"embeddable":true,"href":"https:\/\/zakrasnejsivimperk.cz\/index.php?rest_route=\/wp\/v2\/users\/2"}],"replies":[{"embeddable":true,"href":"https:\/\/zakrasnejsivimperk.cz\/index.php?rest_route=%2Fwp%2Fv2%2Fcomments&post=98142"}],"version-history":[{"count":8,"href":"https:\/\/zakrasnejsivimperk.cz\/index.php?rest_route=\/wp\/v2\/posts\/98142\/revisions"}],"predecessor-version":[{"id":98275,"href":"https:\/\/zakrasnejsivimperk.cz\/index.php?rest_route=\/wp\/v2\/posts\/98142\/revisions\/98275"}],"wp:featuredmedia":[{"embeddable":true,"href":"https:\/\/zakrasnejsivimperk.cz\/index.php?rest_route=\/wp\/v2\/media\/98143"}],"wp:attachment":[{"href":"https:\/\/zakrasnejsivimperk.cz\/index.php?rest_route=%2Fwp%2Fv2%2Fmedia&parent=98142"}],"wp:term":[{"taxonomy":"category","embeddable":true,"href":"https:\/\/zakrasnejsivimperk.cz\/index.php?rest_route=%2Fwp%2Fv2%2Fcategories&post=98142"},{"taxonomy":"post_tag","embeddable":true,"href":"https:\/\/zakrasnejsivimperk.cz\/index.php?rest_route=%2Fwp%2Fv2%2Ftags&post=98142"}],"curies":[{"name":"wp","href":"https:\/\/api.w.org\/{rel}","templated":true}]}}