{"id":97998,"date":"2017-05-15T17:29:56","date_gmt":"2017-05-15T16:29:56","guid":{"rendered":"http:\/\/zakrasnejsivimperk.cz\/?p=97998"},"modified":"2017-05-15T17:30:54","modified_gmt":"2017-05-15T16:30:54","slug":"dobra-zprava-potesi-prodejna-masa-a-uzenin-v-nadrazni-ulici-ve-vimperku-opet-otevira-v-utery-16-kvetna","status":"publish","type":"post","link":"https:\/\/zakrasnejsivimperk.cz\/?p=97998","title":{"rendered":"DOBR\u00c1 ZPR\u00c1VA POT\u011a\u0160\u00cd: Prodejna masa a uzenin v N\u00e1dra\u017en\u00ed ulici ve Vimperku otev\u00edr\u00e1 v \u00fater\u00fd 16. kv\u011btna"},"content":{"rendered":"<p><img loading=\"lazy\" decoding=\"async\" class=\"aligncenter wp-image-97999 size-full\" src=\"http:\/\/zakrasnejsivimperk.cz\/wp-content\/uploads\/2017\/05\/15\/masna-1.jpg\" alt=\"\" width=\"800\" height=\"554\" srcset=\"https:\/\/zakrasnejsivimperk.cz\/wp-content\/uploads\/2017\/05\/15\/masna-1.jpg 800w, https:\/\/zakrasnejsivimperk.cz\/wp-content\/uploads\/2017\/05\/15\/masna-1-300x208.jpg 300w, https:\/\/zakrasnejsivimperk.cz\/wp-content\/uploads\/2017\/05\/15\/masna-1-768x532.jpg 768w, https:\/\/zakrasnejsivimperk.cz\/wp-content\/uploads\/2017\/05\/15\/masna-1-516x357.jpg 516w, https:\/\/zakrasnejsivimperk.cz\/wp-content\/uploads\/2017\/05\/15\/masna-1-697x483.jpg 697w\" sizes=\"(max-width: 800px) 100vw, 800px\" \/><\/p>\n<p>&nbsp;<\/p>\n<h6>Po n\u011bkolikat\u00fddenn\u00ed p\u0159est\u00e1vce vynucen\u00e9 stavebn\u00edmi pracemi v bezprost\u0159edn\u00edm okol\u00ed se pro z\u00e1kazn\u00edky znovu otev\u00edr\u00e1 prodejna \u0158eznictv\u00ed a uzen\u00e1\u0159stv\u00ed v N\u00e1dra\u017en\u00ed ulici ve Vimperku. Nakupovat tam m\u016f\u017eete od \u00fater\u00fd 16. kv\u011btna.<\/h6>\n<p>Text a foto: (red) &#8211; Za kr\u00e1sn\u011bj\u0161\u00ed Vimperk<\/p>\n<p><img loading=\"lazy\" decoding=\"async\" class=\"aligncenter wp-image-98000 size-full\" src=\"http:\/\/zakrasnejsivimperk.cz\/wp-content\/uploads\/2017\/05\/15\/masna-2.jpg\" alt=\"\" width=\"800\" height=\"462\" srcset=\"https:\/\/zakrasnejsivimperk.cz\/wp-content\/uploads\/2017\/05\/15\/masna-2.jpg 800w, https:\/\/zakrasnejsivimperk.cz\/wp-content\/uploads\/2017\/05\/15\/masna-2-300x173.jpg 300w, https:\/\/zakrasnejsivimperk.cz\/wp-content\/uploads\/2017\/05\/15\/masna-2-768x444.jpg 768w, https:\/\/zakrasnejsivimperk.cz\/wp-content\/uploads\/2017\/05\/15\/masna-2-618x357.jpg 618w\" sizes=\"(max-width: 800px) 100vw, 800px\" \/><\/p>\n<p>&nbsp;<\/p>\n<p>&nbsp;<\/p>\n<p>&nbsp;<\/p>\n","protected":false},"excerpt":{"rendered":"<p>&nbsp; Po <\/p>\n","protected":false},"author":2,"featured_media":97999,"comment_status":"open","ping_status":"open","sticky":false,"template":"","format":"gallery","meta":{"footnotes":""},"categories":[4],"tags":[],"jetpack_featured_media_url":"https:\/\/zakrasnejsivimperk.cz\/wp-content\/uploads\/2017\/05\/15\/masna-1.jpg","_links":{"self":[{"href":"https:\/\/zakrasnejsivimperk.cz\/index.php?rest_route=\/wp\/v2\/posts\/97998"}],"collection":[{"href":"https:\/\/zakrasnejsivimperk.cz\/index.php?rest_route=\/wp\/v2\/posts"}],"about":[{"href":"https:\/\/zakrasnejsivimperk.cz\/index.php?rest_route=\/wp\/v2\/types\/post"}],"author":[{"embeddable":true,"href":"https:\/\/zakrasnejsivimperk.cz\/index.php?rest_route=\/wp\/v2\/users\/2"}],"replies":[{"embeddable":true,"href":"https:\/\/zakrasnejsivimperk.cz\/index.php?rest_route=%2Fwp%2Fv2%2Fcomments&post=97998"}],"version-history":[{"count":2,"href":"https:\/\/zakrasnejsivimperk.cz\/index.php?rest_route=\/wp\/v2\/posts\/97998\/revisions"}],"predecessor-version":[{"id":98002,"href":"https:\/\/zakrasnejsivimperk.cz\/index.php?rest_route=\/wp\/v2\/posts\/97998\/revisions\/98002"}],"wp:featuredmedia":[{"embeddable":true,"href":"https:\/\/zakrasnejsivimperk.cz\/index.php?rest_route=\/wp\/v2\/media\/97999"}],"wp:attachment":[{"href":"https:\/\/zakrasnejsivimperk.cz\/index.php?rest_route=%2Fwp%2Fv2%2Fmedia&parent=97998"}],"wp:term":[{"taxonomy":"category","embeddable":true,"href":"https:\/\/zakrasnejsivimperk.cz\/index.php?rest_route=%2Fwp%2Fv2%2Fcategories&post=97998"},{"taxonomy":"post_tag","embeddable":true,"href":"https:\/\/zakrasnejsivimperk.cz\/index.php?rest_route=%2Fwp%2Fv2%2Ftags&post=97998"}],"curies":[{"name":"wp","href":"https:\/\/api.w.org\/{rel}","templated":true}]}}