{"id":9782,"date":"2015-02-18T07:17:46","date_gmt":"2015-02-18T06:17:46","guid":{"rendered":"http:\/\/zakrasnejsivimperk.cz\/?p=9782"},"modified":"2015-03-06T12:25:40","modified_gmt":"2015-03-06T11:25:40","slug":"pro-sumavsko-chceme-propojit-sumavu-a-posumavi-a-prezentovat-ji-jako-turisticky-atraktivni-destinaci","status":"publish","type":"post","link":"https:\/\/zakrasnejsivimperk.cz\/?p=9782","title":{"rendered":"PRO \u0160UMAVSKO: Chceme propojit \u0160umavu a Po\u0161umav\u00ed  a prezentovat ji jako turisticky atraktivn\u00ed"},"content":{"rendered":"<p>&nbsp;<\/p>\n<p>&nbsp;<\/p>\n<p style=\"text-align: justify;\"><strong>Do seznamu spolk\u016f \u010dinn\u00fdch v\u00a0regionu se v\u00a0minul\u00fdch dnech za\u0159adil dal\u0161\u00ed. Nese n\u00e1zev PRO \u0160umavsko. Jeho p\u0159edsedkyn\u00ed je Ivana Vlkov\u00e1, starostka obce Chlumany. Zeptali jsme se j\u00ed:<\/strong><\/p>\n<p>&nbsp;<\/p>\n<p>&nbsp;<\/p>\n<p>&nbsp;<\/p>\n<p>&nbsp;<\/p>\n<p style=\"text-align: justify;\"><strong>Nejd\u0159\u00edve, pros\u00edm, k\u00a0vlastn\u00edmu n\u00e1zvu spolku. Pro\u010d PRO \u0160umavsko? Pro\u010d \u0160umavsko a ne t\u0159eba \u0160umava?<\/strong><\/p>\n<p style=\"text-align: justify;\"><em>O n\u00e1zvu \u0160umavsko jsme dlouho diskutovali a nakonec v n\u011bm na\u0161li\u00a0 pojmenov\u00e1n\u00ed\u00a0 pro dv\u011b oblasti, kter\u00e9 chceme jako destinaci podporovat a propagovat, a to \u0160umavu a Po\u0161umav\u00ed.\u00a0<\/em><em>A to PRO vlastn\u011b znamen\u00e1 na\u0161e zac\u00edlen\u00ed. Na\u0161\u00edm c\u00edlem je\u00a0 aktivn\u011b pracovat PRO \u0160umavsko. Uk\u00e1zat, \u017ee je atraktivn\u00ed PRO n\u00e1v\u0161t\u011bvn\u00edky a \u017ee stoj\u00ed za to k n\u00e1m p\u0159ijet. Na\u0161e \u010dinnost je ur\u010den\u00e1 i PRO podnikatele v na\u0161\u00ed destinaci, a\u0165 jsou ji\u017e z oblasti cestovn\u00edho ruch nebo maj\u00ed prost\u011b turistut\u016fm a n\u00e1v\u0161t\u011bvn\u00edk\u016fm co nab\u00eddnout. M\u00e1me p\u0159ipraven\u00e9 informace PRO n\u00e1v\u0161t\u011bvn\u00edky, PRO milovn\u00edky venkova a tradic, PRO sportovce, PRO seniory \u00a0\u2026 zkr\u00e1tka PRO v\u0161echny z\u00e1jemce.\u00a0<\/em><em>Asi i v\u00e1m je te\u010f u\u017e jasn\u00e9 to na\u0161e PRO v n\u00e1zvu! \u00a0\u00a0<\/em><\/p>\n<p><strong>Kde vznikla my\u0161lenka na zalo\u017een\u00ed spolku?<\/strong><\/p>\n<p style=\"text-align: justify;\"><em>My\u0161lenkou destina\u010dn\u00edho managmentu se jako m\u00edstn\u00ed ak\u010dn\u00ed skupina zab\u00fdv\u00e1me ji\u017e dlouho. P\u0159ed asi t\u0159emi lety jsme dokonce organizovali soubor semin\u00e1\u0159\u016f k cestovn\u00edmu ruchu pro podnikatele, \u00fa\u0159edn\u00edky a pracovn\u00edky informa\u010dn\u00edch center\u00a0 t\u00fdkaj\u00edc\u00ed se marketingu cestovn\u00edho ruchu, venkovsk\u00e9ho\u00a0 cestovn\u00edho ruchu, pr\u016fvodcovstv\u00ed \u2026 Tenkr\u00e1t jsme dokonce v r\u00e1mci semin\u00e1\u0159\u016f vyjeli na zku\u0161enou po ji\u017en\u00edch \u010cech\u00e1ch a dostali jsme se i do Rakouska, kde destina\u010dn\u00ed managment ji\u017e \u0159adu let funguje a kde je\u00a0 vid\u011bt, \u017ee spojen\u00edm sil je mo\u017en\u00e9 vytvo\u0159it v\u00fdborn\u00e9 podm\u00ednky pro cestovn\u00ed ruch. Loni 11. listopadu\u00a0<\/em><em>se konala valn\u00e1 hromada zakl\u00e1daj\u00edc\u00edch \u010dlen\u016f spolku a k 24. lednu leto\u0161n\u00edho roku jsme zaps\u00e1ni ve spolkov\u00e9m rejst\u0159\u00edku jako PRO \u0160umavsko, z.s. Tento t\u00fdden, v<\/em><em>e \u010dtvrtek 19. \u00fanora, se kon\u00e1 vlastn\u011b prvn\u00ed ofici\u00e1ln\u00ed valn\u00e1 hromada na\u0161eho spolku.\u00a0<\/em><\/p>\n<p style=\"text-align: justify;\"><strong>M\u00e1te ohrani\u010denou geografickou p\u016fsobnost spolku? P\u016fsob\u00edte na principu \u010dlensk\u00fdch m\u011bst a obc\u00ed? Pokud ano, kter\u00fdch?<\/strong><\/p>\n<p style=\"text-align: justify;\"><em>Destinace \u0160umavsko vlastn\u011b kop\u00edruje \u00fazem\u00ed v p\u016fsobnosti M\u00edstn\u00ed ak\u010dn\u00ed skupiny s n\u00e1zvem\u00a0<\/em><em>MAS \u0160umavsko a konkr\u00e9tn\u011b je to oblast Prachaticka, Strakonicka, Vimperska a Volarska.\u00a0<\/em><em>Striktn\u011b se ale t\u011bchto hranic nedr\u017e\u00edme.\u00a0<\/em><em>Zakl\u00e1daj\u00edc\u00edmi \u010dleny spolku, kter\u00fdch je dvan\u00e1ct, \u00a0jsou v prvn\u00ed \u0159ad\u011b podnikatel\u00e9 v cestovn\u00edm ruchu, na\u0161e m\u00edstn\u00ed ak\u010dn\u00ed skupina, Muzeum venkovsk\u00e9 \u017eivota v P\u0159edslavic\u00edch,\u00a0 Ly\u017ea\u0159sk\u00fd are\u00e1l Zadov a tak\u00e9 dv\u011b obce \u2013 Malenice a Chlumany. Do budoucna bychom r\u00e1di, aby se k n\u00e1m samoz\u0159ejm\u011b p\u0159idali i dal\u0161\u00ed z\u00e1jemci.<\/em><\/p>\n<p><strong>Co je hlavn\u00edm posl\u00e1n\u00edm spolku?<\/strong><\/p>\n<p style=\"text-align: justify;\"><em>Na\u0161\u00edm hlavn\u00edm c\u00edlem je propojit \u0160umavu a Po\u0161umav\u00ed\u00a0 a prezentovat ji jako turisticky atraktivn\u00ed destinaci.\u00a0<\/em><em>Uk\u00e1zat n\u00e1v\u0161t\u011bvn\u00edk\u016fm velk\u00e9 mno\u017estv\u00ed toho, co stoj\u00ed za to u n\u00e1s vid\u011bt : nejen n\u00e1dhernou p\u0159\u00edrodu, ale tak\u00e9 technick\u00e9 pam\u00e1tky, \u010desk\u00fd venkov, architekturu, tradice a zvyky, dom\u00e1c\u00ed produkty, mo\u017enosti sportovn\u00edho vy\u017eit\u00ed, historii &#8230; , a sezn\u00e1mit je s mno\u017estv\u00edm akc\u00ed, kter\u00e9 se zde konaj\u00ed \u2026 a\u00a0 tak\u00e9 je \u201edonutit\u201c, aby se k n\u00e1m vraceli.<\/em><\/p>\n<p style=\"text-align: justify;\"><strong>Jak toho chcete dos\u00e1hnout? Kde budete z\u00edsk\u00e1vat pen\u00edze? Budou \u010dlensk\u00e1 m\u011bsta a obce platit n\u011bjak\u00e9 p\u0159\u00edsp\u011bvky?<\/strong><\/p>\n<p style=\"text-align: justify;\"><em>V p\u0159\u00edprav\u011b jsou moment\u00e1ln\u011b \u00fapln\u011b nov\u00e9 internetov\u00e9 str\u00e1nky, jejich\u017e spu\u0161t\u011bn\u00ed pl\u00e1nujeme v dubnu.\u00a0<\/em><em>Jejich dopl\u0148kem budou ti\u0161t\u011bn\u00e9 propaga\u010dn\u00ed materi\u00e1ly, typy na v\u00fdlety, mapy \u2026<\/em><em>Co se t\u00fd\u010de finan\u010dn\u00edch prost\u0159edk\u016f, ty v leto\u0161n\u00edm roce z\u00edsk\u00e1me p\u0159edev\u0161\u00edm z \u010dlensk\u00fdch p\u0159\u00edsp\u011bvk\u016f.\u00a0<\/em><em>V\u00fd\u0161i \u201ep\u0159ihl\u00e1\u0161kovn\u00e9ho\u201c a ro\u010dn\u00edch \u010dlensk\u00fdch p\u0159\u00edsp\u011bvk\u016f pro jednotliv\u00e9 subjekty m\u00e1me ji\u017e stanovenou z minul\u00e9ho roku\u00a0 a na leto\u0161n\u00ed rok ji bude znovu schvalovat\u00a0 valn\u00e1 hromada v tomto t\u00fddnu.\u00a0<\/em><em>Jsem r\u00e1da, \u017ee jsme tak\u00e9 stihli podat\u00a0 dv\u011b \u017e\u00e1dosti do grantov\u00fdch program\u016f Jiho\u010desk\u00e9ho kraje.\u00a0<\/em><\/p>\n<p style=\"text-align: justify;\"><strong>Nebude se \u010dinnost spolku dublovat s\u00a0fungov\u00e1n\u00edm jin\u00fdch podobn\u00fdch iniciativ a organizac\u00ed zam\u011b\u0159en\u00fdch na propagaci regionu a rozvoj cestovn\u00edho ruchu?<\/strong><\/p>\n<p style=\"text-align: justify;\"><em>Mysl\u00edm, \u017ee propagace nen\u00ed nikdy dost. V sou\u010dasn\u00e9 dob\u011b je pro mnoho lid\u00ed symbolem jihoz\u00e1padn\u00edch \u010cech hlavn\u011b \u0160umava ve smyslu n\u00e1rodn\u00edho parku, kter\u00fd pro turisty p\u0159ipravuje ohromn\u00e9 mno\u017estv\u00ed aktivit. Ale jihoz\u00e1padn\u00ed \u010cechy nejsou jen n\u00e1rodn\u00ed park \u2013 jsou to i obce v n\u011bm a mimo n\u011bj a je to\u00a0<\/em><em>pr\u00e1v\u011b tak\u00e9 Po\u0161umav\u00ed v dojezdov\u00e9 vzd\u00e1lenosti zhruba pades\u00e1ti kilometr\u016f, kter\u00e9 m\u00e1 n\u00e1v\u0161t\u011bvn\u00edk\u016fm co nab\u00eddnout. J<\/em><em>de n\u00e1m o to \u00a0zprost\u0159edkovat a uk\u00e1zat lidem mo\u017enosti, kde a jak tr\u00e1vit voln\u00fd \u010das.<\/em><em>\u00a0A tohle si mysl\u00edm je\u0161t\u011b \u017e\u00e1dn\u00fd subjekt v oblasti \u0160umavska jako komplexn\u00ed slu\u017ebu nenab\u00edz\u00ed. P<\/em><em>ravd\u011bpodobn\u011b tak\u00e9 proto jsme byli pozv\u00e1ni do komise krajsk\u00e9ho \u00fa\u0159adu, kter\u00e1 se cestovn\u00edm ruchem zab\u00fdv\u00e1.<\/em><\/p>\n<p style=\"text-align: justify;\"><strong>D\u011bkuji za odpov\u011bdi a p\u0159eji hodn\u011b \u00fasp\u011bch\u016f.<\/strong><\/p>\n<p><strong>(zj)<\/strong><\/p>\n<p>&nbsp;<\/p>\n<p>&nbsp;<\/p>\n<p>&nbsp;<\/p>\n","protected":false},"excerpt":{"rendered":"<p>&nbsp; &nbsp; <\/p>\n","protected":false},"author":2,"featured_media":9802,"comment_status":"open","ping_status":"open","sticky":false,"template":"","format":"standard","meta":{"footnotes":""},"categories":[30],"tags":[],"jetpack_featured_media_url":"https:\/\/zakrasnejsivimperk.cz\/wp-content\/uploads\/2015\/02\/\u0160umavsko.jpg","_links":{"self":[{"href":"https:\/\/zakrasnejsivimperk.cz\/index.php?rest_route=\/wp\/v2\/posts\/9782"}],"collection":[{"href":"https:\/\/zakrasnejsivimperk.cz\/index.php?rest_route=\/wp\/v2\/posts"}],"about":[{"href":"https:\/\/zakrasnejsivimperk.cz\/index.php?rest_route=\/wp\/v2\/types\/post"}],"author":[{"embeddable":true,"href":"https:\/\/zakrasnejsivimperk.cz\/index.php?rest_route=\/wp\/v2\/users\/2"}],"replies":[{"embeddable":true,"href":"https:\/\/zakrasnejsivimperk.cz\/index.php?rest_route=%2Fwp%2Fv2%2Fcomments&post=9782"}],"version-history":[{"count":11,"href":"https:\/\/zakrasnejsivimperk.cz\/index.php?rest_route=\/wp\/v2\/posts\/9782\/revisions"}],"predecessor-version":[{"id":9835,"href":"https:\/\/zakrasnejsivimperk.cz\/index.php?rest_route=\/wp\/v2\/posts\/9782\/revisions\/9835"}],"wp:featuredmedia":[{"embeddable":true,"href":"https:\/\/zakrasnejsivimperk.cz\/index.php?rest_route=\/wp\/v2\/media\/9802"}],"wp:attachment":[{"href":"https:\/\/zakrasnejsivimperk.cz\/index.php?rest_route=%2Fwp%2Fv2%2Fmedia&parent=9782"}],"wp:term":[{"taxonomy":"category","embeddable":true,"href":"https:\/\/zakrasnejsivimperk.cz\/index.php?rest_route=%2Fwp%2Fv2%2Fcategories&post=9782"},{"taxonomy":"post_tag","embeddable":true,"href":"https:\/\/zakrasnejsivimperk.cz\/index.php?rest_route=%2Fwp%2Fv2%2Ftags&post=9782"}],"curies":[{"name":"wp","href":"https:\/\/api.w.org\/{rel}","templated":true}]}}