{"id":96405,"date":"2017-04-29T07:03:21","date_gmt":"2017-04-29T06:03:21","guid":{"rendered":"http:\/\/zakrasnejsivimperk.cz\/?p=96405"},"modified":"2017-04-29T07:03:56","modified_gmt":"2017-04-29T06:03:56","slug":"navrat-zimy-vimperk-v-patek-28-dubna-2017-v-sest-hodin-rano-foto-redakce","status":"publish","type":"post","link":"https:\/\/zakrasnejsivimperk.cz\/?p=96405","title":{"rendered":"N\u00c1VRAT ZIMY: Vimperk v p\u00e1tek 28. dubna 2017 v \u0161est hodin r\u00e1no &#8211; foto redakce"},"content":{"rendered":"<p>&nbsp;<\/p>\n<div id='gallery-1' class='gallery galleryid-96405 gallery-columns-3 gallery-size-medium'><figure class='gallery-item'>\n\t\t\t<div class='gallery-icon landscape'>\n\t\t\t\t<a href='https:\/\/zakrasnejsivimperk.cz\/?attachment_id=96310'><img loading=\"lazy\" decoding=\"async\" width=\"300\" height=\"160\" src=\"https:\/\/zakrasnejsivimperk.cz\/wp-content\/uploads\/2017\/04\/28\/vimperk-snih-280417-4-u-parku-300x160.jpg\" class=\"attachment-medium size-medium\" alt=\"\" srcset=\"https:\/\/zakrasnejsivimperk.cz\/wp-content\/uploads\/2017\/04\/28\/vimperk-snih-280417-4-u-parku-300x160.jpg 300w, https:\/\/zakrasnejsivimperk.cz\/wp-content\/uploads\/2017\/04\/28\/vimperk-snih-280417-4-u-parku-768x409.jpg 768w, https:\/\/zakrasnejsivimperk.cz\/wp-content\/uploads\/2017\/04\/28\/vimperk-snih-280417-4-u-parku-670x357.jpg 670w, https:\/\/zakrasnejsivimperk.cz\/wp-content\/uploads\/2017\/04\/28\/vimperk-snih-280417-4-u-parku.jpg 786w\" sizes=\"(max-width: 300px) 100vw, 300px\" \/><\/a>\n\t\t\t<\/div><\/figure><figure class='gallery-item'>\n\t\t\t<div class='gallery-icon landscape'>\n\t\t\t\t<a href='https:\/\/zakrasnejsivimperk.cz\/?attachment_id=96304'><img loading=\"lazy\" decoding=\"async\" width=\"300\" height=\"183\" src=\"https:\/\/zakrasnejsivimperk.cz\/wp-content\/uploads\/2017\/04\/28\/vimperk-snih-280417-5-300x183.jpg\" class=\"attachment-medium size-medium\" alt=\"\" srcset=\"https:\/\/zakrasnejsivimperk.cz\/wp-content\/uploads\/2017\/04\/28\/vimperk-snih-280417-5-300x183.jpg 300w, https:\/\/zakrasnejsivimperk.cz\/wp-content\/uploads\/2017\/04\/28\/vimperk-snih-280417-5-768x468.jpg 768w, https:\/\/zakrasnejsivimperk.cz\/wp-content\/uploads\/2017\/04\/28\/vimperk-snih-280417-5-586x357.jpg 586w, https:\/\/zakrasnejsivimperk.cz\/wp-content\/uploads\/2017\/04\/28\/vimperk-snih-280417-5.jpg 791w\" sizes=\"(max-width: 300px) 100vw, 300px\" \/><\/a>\n\t\t\t<\/div><\/figure><figure class='gallery-item'>\n\t\t\t<div class='gallery-icon landscape'>\n\t\t\t\t<a href='https:\/\/zakrasnejsivimperk.cz\/?attachment_id=96302'><img loading=\"lazy\" decoding=\"async\" width=\"300\" height=\"195\" src=\"https:\/\/zakrasnejsivimperk.cz\/wp-content\/uploads\/2017\/04\/28\/vimperk-snih-280417-3-300x195.jpg\" class=\"attachment-medium size-medium\" alt=\"\" srcset=\"https:\/\/zakrasnejsivimperk.cz\/wp-content\/uploads\/2017\/04\/28\/vimperk-snih-280417-3-300x195.jpg 300w, https:\/\/zakrasnejsivimperk.cz\/wp-content\/uploads\/2017\/04\/28\/vimperk-snih-280417-3-768x498.jpg 768w, https:\/\/zakrasnejsivimperk.cz\/wp-content\/uploads\/2017\/04\/28\/vimperk-snih-280417-3-100x65.jpg 100w, https:\/\/zakrasnejsivimperk.cz\/wp-content\/uploads\/2017\/04\/28\/vimperk-snih-280417-3-551x357.jpg 551w, https:\/\/zakrasnejsivimperk.cz\/wp-content\/uploads\/2017\/04\/28\/vimperk-snih-280417-3-745x483.jpg 745w, https:\/\/zakrasnejsivimperk.cz\/wp-content\/uploads\/2017\/04\/28\/vimperk-snih-280417-3.jpg 788w\" sizes=\"(max-width: 300px) 100vw, 300px\" \/><\/a>\n\t\t\t<\/div><\/figure><figure class='gallery-item'>\n\t\t\t<div class='gallery-icon landscape'>\n\t\t\t\t<a href='https:\/\/zakrasnejsivimperk.cz\/?attachment_id=96300'><img loading=\"lazy\" decoding=\"async\" width=\"300\" height=\"179\" src=\"https:\/\/zakrasnejsivimperk.cz\/wp-content\/uploads\/2017\/04\/28\/vimperk-snih-280417-2-300x179.jpg\" class=\"attachment-medium size-medium\" alt=\"\" srcset=\"https:\/\/zakrasnejsivimperk.cz\/wp-content\/uploads\/2017\/04\/28\/vimperk-snih-280417-2-300x179.jpg 300w, https:\/\/zakrasnejsivimperk.cz\/wp-content\/uploads\/2017\/04\/28\/vimperk-snih-280417-2-768x457.jpg 768w, https:\/\/zakrasnejsivimperk.cz\/wp-content\/uploads\/2017\/04\/28\/vimperk-snih-280417-2-600x357.jpg 600w, https:\/\/zakrasnejsivimperk.cz\/wp-content\/uploads\/2017\/04\/28\/vimperk-snih-280417-2.jpg 783w\" sizes=\"(max-width: 300px) 100vw, 300px\" \/><\/a>\n\t\t\t<\/div><\/figure><figure class='gallery-item'>\n\t\t\t<div class='gallery-icon landscape'>\n\t\t\t\t<a href='https:\/\/zakrasnejsivimperk.cz\/?attachment_id=96299'><img loading=\"lazy\" decoding=\"async\" width=\"300\" height=\"183\" src=\"https:\/\/zakrasnejsivimperk.cz\/wp-content\/uploads\/2017\/04\/28\/vimperk-snih-280417-1-300x183.jpg\" class=\"attachment-medium size-medium\" alt=\"\" srcset=\"https:\/\/zakrasnejsivimperk.cz\/wp-content\/uploads\/2017\/04\/28\/vimperk-snih-280417-1-300x183.jpg 300w, https:\/\/zakrasnejsivimperk.cz\/wp-content\/uploads\/2017\/04\/28\/vimperk-snih-280417-1-768x470.jpg 768w, https:\/\/zakrasnejsivimperk.cz\/wp-content\/uploads\/2017\/04\/28\/vimperk-snih-280417-1.jpg 798w, https:\/\/zakrasnejsivimperk.cz\/wp-content\/uploads\/2017\/04\/28\/vimperk-snih-280417-1-584x357.jpg 584w, https:\/\/zakrasnejsivimperk.cz\/wp-content\/uploads\/2017\/04\/28\/vimperk-snih-280417-1-790x483.jpg 790w\" sizes=\"(max-width: 300px) 100vw, 300px\" \/><\/a>\n\t\t\t<\/div><\/figure>\n\t\t<\/div>\n\n","protected":false},"excerpt":{"rendered":"<p>&nbsp;<\/p>\n","protected":false},"author":2,"featured_media":96299,"comment_status":"open","ping_status":"open","sticky":false,"template":"","format":"gallery","meta":{"footnotes":""},"categories":[26],"tags":[],"jetpack_featured_media_url":"https:\/\/zakrasnejsivimperk.cz\/wp-content\/uploads\/2017\/04\/28\/vimperk-snih-280417-1.jpg","_links":{"self":[{"href":"https:\/\/zakrasnejsivimperk.cz\/index.php?rest_route=\/wp\/v2\/posts\/96405"}],"collection":[{"href":"https:\/\/zakrasnejsivimperk.cz\/index.php?rest_route=\/wp\/v2\/posts"}],"about":[{"href":"https:\/\/zakrasnejsivimperk.cz\/index.php?rest_route=\/wp\/v2\/types\/post"}],"author":[{"embeddable":true,"href":"https:\/\/zakrasnejsivimperk.cz\/index.php?rest_route=\/wp\/v2\/users\/2"}],"replies":[{"embeddable":true,"href":"https:\/\/zakrasnejsivimperk.cz\/index.php?rest_route=%2Fwp%2Fv2%2Fcomments&post=96405"}],"version-history":[{"count":2,"href":"https:\/\/zakrasnejsivimperk.cz\/index.php?rest_route=\/wp\/v2\/posts\/96405\/revisions"}],"predecessor-version":[{"id":96407,"href":"https:\/\/zakrasnejsivimperk.cz\/index.php?rest_route=\/wp\/v2\/posts\/96405\/revisions\/96407"}],"wp:featuredmedia":[{"embeddable":true,"href":"https:\/\/zakrasnejsivimperk.cz\/index.php?rest_route=\/wp\/v2\/media\/96299"}],"wp:attachment":[{"href":"https:\/\/zakrasnejsivimperk.cz\/index.php?rest_route=%2Fwp%2Fv2%2Fmedia&parent=96405"}],"wp:term":[{"taxonomy":"category","embeddable":true,"href":"https:\/\/zakrasnejsivimperk.cz\/index.php?rest_route=%2Fwp%2Fv2%2Fcategories&post=96405"},{"taxonomy":"post_tag","embeddable":true,"href":"https:\/\/zakrasnejsivimperk.cz\/index.php?rest_route=%2Fwp%2Fv2%2Ftags&post=96405"}],"curies":[{"name":"wp","href":"https:\/\/api.w.org\/{rel}","templated":true}]}}