{"id":87462,"date":"2025-12-29T17:42:37","date_gmt":"2025-12-29T16:42:37","guid":{"rendered":"http:\/\/zakrasnejsivimperk.cz\/?p=87462"},"modified":"2026-01-01T19:54:24","modified_gmt":"2026-01-01T18:54:24","slug":"pranostiky-na-leden","status":"publish","type":"post","link":"https:\/\/zakrasnejsivimperk.cz\/?p=87462","title":{"rendered":"Pranostiky na leden"},"content":{"rendered":"<p><img loading=\"lazy\" decoding=\"async\" class=\"aligncenter wp-image-87463 size-full\" src=\"http:\/\/zakrasnejsivimperk.cz\/wp-content\/uploads\/2016\/12\/31\/pranostiky-leden.jpg\" width=\"800\" height=\"600\" srcset=\"https:\/\/zakrasnejsivimperk.cz\/wp-content\/uploads\/2016\/12\/31\/pranostiky-leden.jpg 800w, https:\/\/zakrasnejsivimperk.cz\/wp-content\/uploads\/2016\/12\/31\/pranostiky-leden-300x225.jpg 300w, https:\/\/zakrasnejsivimperk.cz\/wp-content\/uploads\/2016\/12\/31\/pranostiky-leden-768x576.jpg 768w, https:\/\/zakrasnejsivimperk.cz\/wp-content\/uploads\/2016\/12\/31\/pranostiky-leden-476x357.jpg 476w, https:\/\/zakrasnejsivimperk.cz\/wp-content\/uploads\/2016\/12\/31\/pranostiky-leden-644x483.jpg 644w\" sizes=\"(max-width: 800px) 100vw, 800px\" \/><\/p>\n<p>&nbsp;<\/p>\n<h2>Cel\u00fd m\u011bs\u00edc<\/h2>\n<p>V lednu mr\u00e1z &#8211; t\u011b\u0161\u00ed n\u00e1s; v lednu voda &#8211; v\u011b\u010dn\u00e1 \u0161koda.<br \/>\nLeden jasn\u00fd, ro\u010dek kr\u00e1sn\u00fd.<br \/>\nV lednu m\u00e1lo vody &#8211; mnoho v\u00edna, mnoho vody &#8211; m\u00e1lo v\u00edna<br \/>\nKdy\u017e v lednu hrom se ozve, hojnost v\u00edna je v o\u010dek\u00e1v\u00e1n\u00ed.<br \/>\nJestli\u017ee zem\u011b v lednu m\u011bs\u00edci otev\u0159ena jest a obzvl\u00e1\u0161t\u011b kdy\u017e posledn\u00ed v\u011btrov\u00e9 p\u0159itom bou\u0159\u00ed, tehdy panuj\u00ed rozli\u010dn\u00e9 nemoce.<br \/>\nKdy\u017e roste tr\u00e1va v lednu, roste \u0161patn\u011b v \u010dervnu.<br \/>\nMnoho sn\u011bhu v lednu, mnoho h\u0159ib\u016f v srpnu.<br \/>\nCo leden sn\u011bhem popr\u00e1\u0161\u00ed, to \u00fanor s vichrem odn\u00e1\u0161\u00ed.<br \/>\nHojn\u00fd sn\u00edh v lednu, m\u00e1lo vody v dubnu.<br \/>\nLeden studen\u00fd, duben zelen\u00fd.<br \/>\nKdy\u017e nen\u00ed konec ledna studen\u00fd, \u00fanor to dvakr\u00e1t nahrad\u00ed.<br \/>\nLednov\u00fd d\u00e9\u0161\u0165 z pecnu odkrajuje.<br \/>\nLednov\u00e1 zima i na peci je zn\u00e1t.<br \/>\nLeniv\u00e9ho tah\u00e1 mr\u00e1z za nos, p\u0159ed piln\u00fdm smek\u00e1.<br \/>\nTepl\u00fd leden, k nouzi krok jen jeden.<br \/>\nKdy\u017e v lednu v\u010dely vyletuj\u00ed, to nedobr\u00fd rok ohla\u0161uj\u00ed.<br \/>\nJak vysoko v lednu le\u017e\u00ed sn\u00edh, tak vysoko tr\u00e1va poroste.<br \/>\nJe-li leden nejost\u0159ej\u0161\u00ed, bude ro\u010dek nejplodn\u011b\u0161\u00ed.<br \/>\nHolomrazy &#8211; \u00farody vrazi.<br \/>\nRyje-li krtek v lednu, kon\u010d\u00ed zima v kv\u011btnu.<br \/>\nNe\u017e v lednu sedl\u00e1ka, to rad\u0161i vlka na poli vid\u011bti<br \/>\nSuch\u00fd leden, mokr\u00fd \u010derven.<br \/>\nV lednu moc sn\u011bhu, v \u010dervnu moc sena.<\/p>\n<p>Kdy\u017e je leden b\u00edl\u00fd, je sedl\u00e1kovi mil\u00fd<br \/>\nJe-li teplo v lednu, sah\u00e1 b\u00edda ke dnu.<\/p>\n<p>&nbsp;<\/p>\n<h2>Jednotliv\u00e9 dny<\/h2>\n<p>1. Jak na Nov\u00fd rok, tak po cel\u00fd rok.<br \/>\n1. Je-li na Nov\u00fd rok hezky, budou p\u011bkn\u00e9 \u017en\u011b.<br \/>\n1. Na Nov\u00fd rok d\u00e9\u0161\u0165 &#8211; o velikonoc\u00edch sn\u00edh<br \/>\n1. Novoro\u010dn\u00ed noc sv\u011btl\u00e1 a tich\u00e1 bez de\u0161t\u011b a v\u011btru znamen\u00e1 dobr\u00fd rok<br \/>\n1. Novoro\u010dn\u00ed noc jasn\u00e1 a klidn\u00e1, bude pov\u011btrnost pro \u00farodu vl\u00eddn\u00e1<br \/>\n1. Na Nov\u00fd rok o slepi\u010d\u00ed krok.<br \/>\n1. Jestli na Nov\u00fd rok t\u0159eba jen tolik slunka zasv\u00edt\u00ed, co by vozka bi\u010dem mrsknul, bude srpen jasn\u00fd.<br \/>\n1. Jsou-li \u010derv\u00e1nky v novoro\u010dn\u00ed den, p\u0159inesou jist\u011b samou slotu jen.<br \/>\n1. Sv\u00edt\u00ed-li na Nov\u00fd rok, co by forman p\u00e1r kon\u00ed ok\u0161\u00edroval a zap\u0159\u00e1hl, bude sedl\u00e1k pohodln\u011b klidit.<br \/>\n1. Na Nov\u00fd rok, do zimy skok.<br \/>\n2. Jak\u00e9 po\u010das\u00ed na svat\u00e9ho Makaria b\u00fdv\u00e1, takov\u00e9 se i v z\u00e1\u0159\u00ed oz\u00fdv\u00e1<br \/>\n2. Kdy\u017e Makary pohodn\u00fd, z\u00e1\u0159\u00ed bude chladn\u00fd.<br \/>\n3. Je-li po 3. lednu po\u010das\u00ed kr\u00e1sn\u00e9, p\u0159ijdou na ja\u0159e bou\u0159e \u010dasn\u00e9<br \/>\n4. Svat\u00e1 Ida, ta dne p\u0159id\u00e1.<br \/>\n5. Na Jm\u00e9na Je\u017e\u00ed\u0161 &#8211; ke kamn\u016fm nejbl\u00ed\u017e<br \/>\n5. Je-li na Jm\u00e9na Je\u017e\u00ed\u0161 hezk\u00fd den, bude \u00farodn\u00fd rok; je-li v\u00edtr, bude m\u00e1lo ovoce.<br \/>\n6. Na t\u0159i kr\u00e1le o krok d\u00e1le<br \/>\n6. T\u0159i kr\u00e1lov\u00e9 mosty stav\u00ed, nebo je bo\u0159\u00ed.<br \/>\n6. Na T\u0159i kr\u00e1le mrzne st\u00e1le.<br \/>\n6. Je-li na T\u0159i kr\u00e1le v\u011btrno, zam\u00edch\u00e1 se planetami a bude \u00farodno.<br \/>\n6. Na T\u0159i kr\u00e1le mnoho hv\u011bzd &#8211; urod\u00ed se hodn\u011b brambor.<br \/>\n6. Je-li na T\u0159i kr\u00e1le jasno, zda\u0159\u00ed se p\u0161enice.<br \/>\n6. Ji\u017e n\u00e1s mrazy nepoplen\u00ed, minulo t\u011b Bo\u017e\u00ed k\u0159t\u011bn\u00ed.<br \/>\n6. T\u0159pit\u00ed-li se hv\u011bzdy tu noc p\u0159ed T\u0159emi kr\u00e1li, rod\u00ed se hojn\u011b b\u00edl\u00fd ber\u00e1nci<br \/>\n6. Je-li na T\u0159i kr\u00e1le v\u011btrno, zam\u00edch\u00e1 se planetami a bude \u00farodno<br \/>\n7. O svat\u00e9m Luci\u00e1nu b\u00fdv\u00e1 \u010dasto mlha k r\u00e1nu.<br \/>\n7. Na svat\u00e9ho Knuta p\u0159ich\u00e1z\u00ed zima krut\u00e1.<br \/>\n8. O svat\u00e9m Erhartu zima zebe do n\u00e1rtu.<br \/>\n9. O svat\u00fdm Bazili\u0161i zima v\u0161udy \u010di\u0161\u00ed.<br \/>\n10. Na svat\u00e9ho Hygina prav\u00e1 zima za\u010d\u00edn\u00e1<br \/>\n10. Kdy\u017e 10. ledna slunce sv\u00edt\u00ed, budem \u017eita, v\u00edna hojnost m\u00edti.<br \/>\n14. Svat\u00fd Vigil z ledu mosty z\u0159\u00eddil; a kdy\u017e nez\u0159\u00eddil, to je b\u0159\u00eddil.<br \/>\n14. Svat\u00fd Hilarus &#8211; vyndej san\u011b, schovej v\u016fz.<br \/>\n15. Na den svat\u00e9ho Pavla poutevn\u00edka p\u011bkn\u00fd den &#8211; dobr\u00fd rok; v\u011btrn\u00fd den &#8211; mokr\u00fd rok.<br \/>\n16. Na svat\u00e9ho Marcela zima leze do t\u011bla<br \/>\n17. Svat\u00fd Anton\u00edn poustevn\u00edk p\u0159in\u00e1\u0161\u00ed led, nebo jej l\u00e1me; nem\u00e1-li \u017e\u00e1dn\u00fd, vyrob\u00ed hned.<br \/>\n18. Na svat\u00e9ho Priska pod san\u011bmi p\u00edsk\u00e1<br \/>\n19. Na svat\u00e9ho Knuta p\u0159ich\u00e1z\u00ed zima krut\u00e1.<br \/>\n19. Kdy\u017e na Al\u017eb\u011btu sn\u011b\u017e\u00ed, sn\u00edh dlouho pole\u017e\u00ed.<br \/>\n20. O svat\u00e9m Fabi\u00e1nu a \u0160ebesti\u00e1nu zal\u00e9z\u00e1 zima za nehty i otu\u017eil\u00e9mu cik\u00e1nu.<br \/>\n20. Na svat\u00e9ho \u0160ebesti\u00e1na se mus\u00ed n\u011bkdo utopit, nebo zmrznout.<br \/>\n20. Nezmrzne-li cik\u00e1n do Fabi\u00e1na a \u0160ebesti\u00e1na, potom u\u017e nezmrzne.<br \/>\n20. Na svat\u00e9ho Fabi\u00e1na a \u0160ebesti\u00e1na strom\u016fm op\u011bt m\u00edza d\u00e1na.<br \/>\n21. Svat\u00e1 Ane\u017eka kape ze st\u0159\u00ed\u0161ky, sedl\u00e1\u010de schovej zhryzky (zbytky p\u00edce, bude ne\u00faroda).<br \/>\n21. Svat\u00e1 Ane\u017eka kdy\u017e laskav\u00e1, vypust\u00ed sk\u0159ivana z ruk\u00e1va.<br \/>\n21. O svat\u00e9 Ane\u017ece od kamen se nechce.<br \/>\n22. Vincence slune\u010dnost d\u00e1v\u00e1 v\u00edna hojnost.<br \/>\n22. Jasn\u00e9 slunko na Vincence k vinobran\u00ed chyst\u00e1 v\u011bnce.<br \/>\n22. Jasn\u00fd den na Vincence d\u00e1 hojnost dobr\u00e9ho v\u00edna.<br \/>\n22. Na den svat\u00e9ho Vincence blesk slune\u010dn\u00fd znamen\u00e1 rok u v\u00edn\u011b b\u00fdt hojn\u00fd.<br \/>\n22. Jestli\u017ee na den svat\u00e9ho Vincence sv\u00edt\u00ed slunce, pamatuj, abys m\u011bl velk\u00fd sud, pon\u011bvad\u017e r\u00e9va d\u00e1 hrozny.<br \/>\n22. Na Vincence slunce v\u0161udy napl\u0148uje v\u00ednem sudy.<br \/>\n22. Sv\u00edt\u00ed-li slunce na svat\u00e9ho Vincence, t\u0159eba pro v\u00edno i \u017eito starat se o \u017eence.<br \/>\n22. Je-li na svat\u00e9ho Vincence p\u011bkn\u011b a teplo, budou velk\u00e1 parna v l\u00e9t\u011b a tepl\u00e9 noci v srpnu.<br \/>\n24. Svat\u00fd Timotej ledy l\u00e1me, nem\u00e1-li je, nad\u011bl\u00e1 je.<br \/>\n25. Den jasn\u00fd Pavla svat\u00e9ho znamen\u00e1 hojnost dobr\u00e9ho.<br \/>\n25. Jestli bude v\u00edtr v\u00e1ti, budou na vojnu volati.<br \/>\n25. Pakli mlha zem p\u0159ikryje, mor v\u0161emu tvoru zv\u011bstuje.<br \/>\n25. Jestli d\u00e9\u0161\u0165 a sn\u00edh sn\u011b\u017eiti, bude mnoh\u00fd hladem m\u0159\u00edti.<br \/>\n25. Bude-li na den svat\u00e9ho Pavla v\u00edtr v\u00e1t, budou toho roku na vojnu voj\u00e1ky br\u00e1t; z kter\u00e9 strany toho dne v\u011bje, z t\u00e9 strany p\u0159ijdou kupci na obil\u00e9.<br \/>\n25. Na svat\u00e9ho Pavla pohoda &#8211; jist\u00e1 Bo\u017e\u00ed \u00faroda a kdy\u017e sn\u00edh neb d\u00e9\u0161\u0165, to je pro hospod\u00e1\u0159e zl\u00e1 zv\u011bst.<br \/>\n25. Na Pavla obr\u00e1cen\u00ed t\u00e9\u017e i zima se prom\u011bn\u00ed: bu\u010f popust\u00ed nebo zhust\u00ed.<br \/>\n25. V den obr\u00e1cen\u00ed svat\u00e9ho Pavla kdy\u017e te\u010de voda po silnici, \u0161et\u0159te pro dobytek p\u00edci.<br \/>\n25. Na svat\u00e9ho Pavla kdy\u017e jsou mlhy, bude rok mnoho nemoc\u00ed. Je-li v\u0161ak ten den jasn\u00fd, bude \u00farodn\u00fd rok.<br \/>\n25. Medv\u011bd na svat\u00e9ho Pavla obr\u00e1cen\u00ed obrac\u00ed se na druh\u00fd bok.<br \/>\n25. Pot\u00ed-li se Dominik, bude Marek je\u0161t\u011b v ko\u017ei\u0161e.<br \/>\n25. Na svat\u00e9ho Pavla pohoda &#8211; jist\u00e1 Bo\u017e\u00ed \u00faroda, a kdy\u017e sn\u00edh neb d\u00e9\u0161\u0165, to je pro hospod\u00e1\u0159e zl\u00e1 zv\u011bst.<br \/>\n25. Kdy\u017e je voda v koleji, \u0161et\u0159te v \u017elab\u011b odjed\u00ed (p\u00edce, nebo\u0165 nastane znovu tuh\u00e1 zima).<br \/>\n26. Na svat\u00e9ho Polykarpa pln\u00e1 sn\u011bhu ka\u017ed\u00e1 \u0161karpa<br \/>\n28. Je-li Karel Velik\u00fd m\u00e1lo ledov\u00fd, \u00fanor to zase naprav\u00ed.<br \/>\n29. Na Salesk\u00e9ho Franti\u0161ka meluz\u00edna si \u010dasto zap\u00edsk\u00e1.<\/p>\n<p>&nbsp;<\/p>\n<p><strong><a href=\"http:\/\/www.pranostika.cz\/zari.html\" target=\"_blank\" rel=\"noopener noreferrer\">PRANOSTIKA.CZ<\/a><\/strong><\/p>\n<p>&nbsp;<\/p>\n<p>&nbsp;<\/p>\n<p>&nbsp;<\/p>\n","protected":false},"excerpt":{"rendered":"<p>&nbsp; Cel\u00fd <\/p>\n","protected":false},"author":2,"featured_media":87463,"comment_status":"open","ping_status":"open","sticky":false,"template":"","format":"gallery","meta":{"footnotes":""},"categories":[78],"tags":[],"jetpack_featured_media_url":"https:\/\/zakrasnejsivimperk.cz\/wp-content\/uploads\/2016\/12\/31\/pranostiky-leden.jpg","_links":{"self":[{"href":"https:\/\/zakrasnejsivimperk.cz\/index.php?rest_route=\/wp\/v2\/posts\/87462"}],"collection":[{"href":"https:\/\/zakrasnejsivimperk.cz\/index.php?rest_route=\/wp\/v2\/posts"}],"about":[{"href":"https:\/\/zakrasnejsivimperk.cz\/index.php?rest_route=\/wp\/v2\/types\/post"}],"author":[{"embeddable":true,"href":"https:\/\/zakrasnejsivimperk.cz\/index.php?rest_route=\/wp\/v2\/users\/2"}],"replies":[{"embeddable":true,"href":"https:\/\/zakrasnejsivimperk.cz\/index.php?rest_route=%2Fwp%2Fv2%2Fcomments&post=87462"}],"version-history":[{"count":4,"href":"https:\/\/zakrasnejsivimperk.cz\/index.php?rest_route=\/wp\/v2\/posts\/87462\/revisions"}],"predecessor-version":[{"id":294311,"href":"https:\/\/zakrasnejsivimperk.cz\/index.php?rest_route=\/wp\/v2\/posts\/87462\/revisions\/294311"}],"wp:featuredmedia":[{"embeddable":true,"href":"https:\/\/zakrasnejsivimperk.cz\/index.php?rest_route=\/wp\/v2\/media\/87463"}],"wp:attachment":[{"href":"https:\/\/zakrasnejsivimperk.cz\/index.php?rest_route=%2Fwp%2Fv2%2Fmedia&parent=87462"}],"wp:term":[{"taxonomy":"category","embeddable":true,"href":"https:\/\/zakrasnejsivimperk.cz\/index.php?rest_route=%2Fwp%2Fv2%2Fcategories&post=87462"},{"taxonomy":"post_tag","embeddable":true,"href":"https:\/\/zakrasnejsivimperk.cz\/index.php?rest_route=%2Fwp%2Fv2%2Ftags&post=87462"}],"curies":[{"name":"wp","href":"https:\/\/api.w.org\/{rel}","templated":true}]}}