{"id":81864,"date":"2016-11-26T16:04:54","date_gmt":"2016-11-26T15:04:54","guid":{"rendered":"http:\/\/zakrasnejsivimperk.cz\/?p=81864"},"modified":"2016-11-28T12:08:00","modified_gmt":"2016-11-28T11:08:00","slug":"recepty-ze-sumavske-vesnice-polevka-je-grunt-pripravte-si-treba-zimni-cesnecku-s-vejci","status":"publish","type":"post","link":"https:\/\/zakrasnejsivimperk.cz\/?p=81864","title":{"rendered":"RECEPTY ZE \u0160UMAVSK\u00c9 VESNICE: Pol\u00e9vka je grunt&#8230; P\u0159ipravte si t\u0159eba zimn\u00ed \u010desne\u010dku s vejci"},"content":{"rendered":"<p><strong>Suroviny:<a href=\"http:\/\/zakrasnejsivimperk.cz\/wp-content\/uploads\/2016\/11\/12\/zimn\u00ed-\u010desne\u010dka.png\"><img loading=\"lazy\" decoding=\"async\" class=\"size-medium wp-image-81865 alignright\" src=\"http:\/\/zakrasnejsivimperk.cz\/wp-content\/uploads\/2016\/11\/12\/zimn\u00ed-\u010desne\u010dka-300x225.png\" alt=\"zimni-cesnecka\" width=\"300\" height=\"225\" srcset=\"https:\/\/zakrasnejsivimperk.cz\/wp-content\/uploads\/2016\/11\/12\/zimn\u00ed-\u010desne\u010dka-300x225.png 300w, https:\/\/zakrasnejsivimperk.cz\/wp-content\/uploads\/2016\/11\/12\/zimn\u00ed-\u010desne\u010dka-476x357.png 476w, https:\/\/zakrasnejsivimperk.cz\/wp-content\/uploads\/2016\/11\/12\/zimn\u00ed-\u010desne\u010dka-644x483.png 644w, https:\/\/zakrasnejsivimperk.cz\/wp-content\/uploads\/2016\/11\/12\/zimn\u00ed-\u010desne\u010dka.png 960w\" sizes=\"(max-width: 300px) 100vw, 300px\" \/><\/a><\/strong><br \/>\n2 litry v\u00fdvaru<br \/>\n3 bobkov\u00e9 listy<br \/>\n5 kuli\u010dek nov\u00e9ho ko\u0159en\u00ed, 5 bobulek jalovce, pep\u0159 cel\u00fd<span class=\"text_exposed_show\"><br \/>\n1\/4 l kysel\u00e9 smetany<br \/>\n2 l\u017e\u00edce polohrub\u00e9 mouky<br \/>\n6 strou\u017ek\u016f \u010desneku<br \/>\ns\u016fl<br \/>\nvaj\u00ed\u010dka sma\u017een\u00e1 na slanin\u011b<\/span><\/p>\n<p style=\"text-align: justify;\"><span class=\"text_exposed_show\">Do v\u00fdvaru d\u00e1me ko\u0159en\u00ed a va\u0159\u00edme asi p\u016fl hodiny. Sced\u00edme a pol\u00e9vku zahust\u00edme smetanou, ve kter\u00e9 jsme rozm\u00edchali mouku. Nech\u00e1me 10 minut va\u0159it. Do pol\u00e9vky d\u00e1me ut\u0159en\u00fd \u010desnek se sol\u00ed,nech\u00e1me proj\u00edt varem a u\u017e neva\u0159\u00edme. Nalijeme na tal\u00ed\u0159 a p\u0159id\u00e1me sma\u017een\u00e1 vejce.<\/span><\/p>\n<p style=\"text-align: justify;\"><strong>P\u0159ipravuje: Lucie KOHOUTOV\u00c1<\/strong><\/p>\n<p>&nbsp;<\/p>\n<p>&nbsp;<\/p>\n<p>&nbsp;<\/p>\n<p>&nbsp;<\/p>\n<p style=\"text-align: justify;\">\n","protected":false},"excerpt":{"rendered":"<p>Suroviny: 2 <\/p>\n","protected":false},"author":2,"featured_media":81865,"comment_status":"open","ping_status":"open","sticky":false,"template":"","format":"gallery","meta":{"footnotes":""},"categories":[34],"tags":[],"jetpack_featured_media_url":"https:\/\/zakrasnejsivimperk.cz\/wp-content\/uploads\/2016\/11\/12\/zimn\u00ed-\u010desne\u010dka.png","_links":{"self":[{"href":"https:\/\/zakrasnejsivimperk.cz\/index.php?rest_route=\/wp\/v2\/posts\/81864"}],"collection":[{"href":"https:\/\/zakrasnejsivimperk.cz\/index.php?rest_route=\/wp\/v2\/posts"}],"about":[{"href":"https:\/\/zakrasnejsivimperk.cz\/index.php?rest_route=\/wp\/v2\/types\/post"}],"author":[{"embeddable":true,"href":"https:\/\/zakrasnejsivimperk.cz\/index.php?rest_route=\/wp\/v2\/users\/2"}],"replies":[{"embeddable":true,"href":"https:\/\/zakrasnejsivimperk.cz\/index.php?rest_route=%2Fwp%2Fv2%2Fcomments&post=81864"}],"version-history":[{"count":4,"href":"https:\/\/zakrasnejsivimperk.cz\/index.php?rest_route=\/wp\/v2\/posts\/81864\/revisions"}],"predecessor-version":[{"id":83828,"href":"https:\/\/zakrasnejsivimperk.cz\/index.php?rest_route=\/wp\/v2\/posts\/81864\/revisions\/83828"}],"wp:featuredmedia":[{"embeddable":true,"href":"https:\/\/zakrasnejsivimperk.cz\/index.php?rest_route=\/wp\/v2\/media\/81865"}],"wp:attachment":[{"href":"https:\/\/zakrasnejsivimperk.cz\/index.php?rest_route=%2Fwp%2Fv2%2Fmedia&parent=81864"}],"wp:term":[{"taxonomy":"category","embeddable":true,"href":"https:\/\/zakrasnejsivimperk.cz\/index.php?rest_route=%2Fwp%2Fv2%2Fcategories&post=81864"},{"taxonomy":"post_tag","embeddable":true,"href":"https:\/\/zakrasnejsivimperk.cz\/index.php?rest_route=%2Fwp%2Fv2%2Ftags&post=81864"}],"curies":[{"name":"wp","href":"https:\/\/api.w.org\/{rel}","templated":true}]}}