{"id":81855,"date":"2016-11-18T14:12:48","date_gmt":"2016-11-18T13:12:48","guid":{"rendered":"http:\/\/zakrasnejsivimperk.cz\/?p=81855"},"modified":"2016-11-18T15:55:53","modified_gmt":"2016-11-18T14:55:53","slug":"recepty-ze-sumavske-vesnice-kureci-kousky-v-kysane-smetane-podle-receptu-z-nezdic-2","status":"publish","type":"post","link":"https:\/\/zakrasnejsivimperk.cz\/?p=81855","title":{"rendered":"RECEPTY ZE \u0160UMAVSK\u00c9 VESNICE: Ku\u0159ec\u00ed kousky v kysan\u00e9 smetan\u011b podle star\u00e9ho receptu z Nezdic"},"content":{"rendered":"<p>Moc dobr\u00e9 a rychl\u00e9 j\u00eddlo.<a href=\"http:\/\/zakrasnejsivimperk.cz\/wp-content\/uploads\/2016\/11\/12\/kureci-kousky.png\"><img loading=\"lazy\" decoding=\"async\" class=\"size-medium wp-image-81856 alignright\" src=\"http:\/\/zakrasnejsivimperk.cz\/wp-content\/uploads\/2016\/11\/12\/kureci-kousky-300x225.png\" alt=\"kureci-kousky\" width=\"300\" height=\"225\" srcset=\"https:\/\/zakrasnejsivimperk.cz\/wp-content\/uploads\/2016\/11\/12\/kureci-kousky-300x225.png 300w, https:\/\/zakrasnejsivimperk.cz\/wp-content\/uploads\/2016\/11\/12\/kureci-kousky-476x357.png 476w, https:\/\/zakrasnejsivimperk.cz\/wp-content\/uploads\/2016\/11\/12\/kureci-kousky.png 605w\" sizes=\"(max-width: 300px) 100vw, 300px\" \/><\/a><\/p>\n<p><strong>Suroviny:<\/strong><br \/>\nku\u0159ec\u00ed prsa<br \/>\n1\/2 p\u00f3rku<span class=\"text_exposed_show\"><br \/>\n2 jarn\u00ed cibulky<br \/>\n1 kysan\u00e1 smetana<br \/>\n1 l\u017e\u00edce hladk\u00e9 mouky<br \/>\n2 l\u017ei\u010dky \u010derven\u00e9 mlet\u00e9 papriky<br \/>\n2 l\u017e\u00edce sekan\u00e9ho oreg\u00e1na<br \/>\ns\u016fl, pep\u0159<br \/>\nm\u00e1slo nebo olej<\/span><\/p>\n<p style=\"text-align: justify;\"><span class=\"text_exposed_show\">Maso nakr\u00e1j\u00edme na kousky, osol\u00edme, opep\u0159\u00edme a osmahneme na m\u00e1slem. P\u0159id\u00e1me nasekan\u00fd p\u00f3rek, cibulku, oreg\u00e1no a chvilku sma\u017e\u00edme. Posypeme paprikou, moukou a hned zalijeme smetanou, kterou tro\u0161ku na\u0159ed\u00edme ml\u00e9kem. Pova\u0159\u00edme asi 5 minut. Pod\u00e1v\u00e1me s bramborov\u00fdm knedl\u00edkem nebo noky.<\/span><\/p>\n<p style=\"text-align: justify;\"><strong>P\u0159ipravuje: Lucie KOHOUTOV\u00c1<\/strong><\/p>\n<p style=\"text-align: justify;\">\n","protected":false},"excerpt":{"rendered":"<p>Moc dobr\u00e9 <\/p>\n","protected":false},"author":2,"featured_media":81856,"comment_status":"open","ping_status":"open","sticky":false,"template":"","format":"gallery","meta":{"footnotes":""},"categories":[34],"tags":[],"jetpack_featured_media_url":"https:\/\/zakrasnejsivimperk.cz\/wp-content\/uploads\/2016\/11\/12\/kureci-kousky.png","_links":{"self":[{"href":"https:\/\/zakrasnejsivimperk.cz\/index.php?rest_route=\/wp\/v2\/posts\/81855"}],"collection":[{"href":"https:\/\/zakrasnejsivimperk.cz\/index.php?rest_route=\/wp\/v2\/posts"}],"about":[{"href":"https:\/\/zakrasnejsivimperk.cz\/index.php?rest_route=\/wp\/v2\/types\/post"}],"author":[{"embeddable":true,"href":"https:\/\/zakrasnejsivimperk.cz\/index.php?rest_route=\/wp\/v2\/users\/2"}],"replies":[{"embeddable":true,"href":"https:\/\/zakrasnejsivimperk.cz\/index.php?rest_route=%2Fwp%2Fv2%2Fcomments&post=81855"}],"version-history":[{"count":10,"href":"https:\/\/zakrasnejsivimperk.cz\/index.php?rest_route=\/wp\/v2\/posts\/81855\/revisions"}],"predecessor-version":[{"id":82270,"href":"https:\/\/zakrasnejsivimperk.cz\/index.php?rest_route=\/wp\/v2\/posts\/81855\/revisions\/82270"}],"wp:featuredmedia":[{"embeddable":true,"href":"https:\/\/zakrasnejsivimperk.cz\/index.php?rest_route=\/wp\/v2\/media\/81856"}],"wp:attachment":[{"href":"https:\/\/zakrasnejsivimperk.cz\/index.php?rest_route=%2Fwp%2Fv2%2Fmedia&parent=81855"}],"wp:term":[{"taxonomy":"category","embeddable":true,"href":"https:\/\/zakrasnejsivimperk.cz\/index.php?rest_route=%2Fwp%2Fv2%2Fcategories&post=81855"},{"taxonomy":"post_tag","embeddable":true,"href":"https:\/\/zakrasnejsivimperk.cz\/index.php?rest_route=%2Fwp%2Fv2%2Ftags&post=81855"}],"curies":[{"name":"wp","href":"https:\/\/api.w.org\/{rel}","templated":true}]}}