{"id":78836,"date":"2016-10-16T16:02:16","date_gmt":"2016-10-16T15:02:16","guid":{"rendered":"http:\/\/zakrasnejsivimperk.cz\/?p=78836"},"modified":"2016-10-16T16:06:26","modified_gmt":"2016-10-16T15:06:26","slug":"dobroty-z-roubenky-kapie-plnene-jahlami-a-cuketou-dnes-pripravila-petra-matuskova","status":"publish","type":"post","link":"https:\/\/zakrasnejsivimperk.cz\/?p=78836","title":{"rendered":"DOBROTY Z ROUBENKY: Kapie pln\u011bn\u00e9 j\u00e1hlami a cuketou, jak je dnes p\u0159ipravila Petra Matu\u0161kov\u00e1"},"content":{"rendered":"<p style=\"text-align: justify;\">P\u0159em\u00fd\u0161lela jsem \u010d\u00edm naplnit kapie a j\u00e1hly mi p\u0159i\u0161ly ide\u00e1ln\u00ed vzhledem k tomu, \u017ee to je dobr\u00e1 lepiv\u00e1 hmota.<br \/>\nNa 5 kapi\u00ed budete pot\u0159ebovat cca 250 g j\u00e1hel (gram\u00e1\u017e p\u0159ed uva\u0159en\u00edm).<\/p>\n<div class=\"text_exposed_show\">\n<p style=\"text-align: justify;\">Osmahla jsem velkou cibuli (pokr\u00e1jenou nadrobno) dozlatova, p\u0159isypala nastrouhanou cuketu (cca 3\/4 kg) a osmahla, osolila, p\u0159idala bylinky (provens\u00e1lskou sm\u011bs, bazalku, oreg\u00e1no, co m\u00e1te po ruce&#8230;.) a podusila. Uva\u0159en\u00e9 a vychladl\u00e9 j\u00e1hly jsem sm\u00edchala s vychladlou cuketovou sm\u011bs\u00ed. Do sm\u011bsi jsem d\u00e1le vm\u00edchala l\u017e\u00edci olivov\u00e9ho oleje, \u010derstv\u00e9 bylinky ze zahr\u00e1dky (velk\u00fd svazek nadrobno pokr\u00e1jen\u00e9 petr\u017eelov\u00e9 nat\u011b, oregano), men\u0161\u00ed misku \u010dern\u00fdch vypeckovan\u00fdch oliv a n\u011bkolik na nudli\u010dky pokr\u00e1jen\u00fdch su\u0161en\u00fdch raj\u010dat nalo\u017een\u00fdch v oleji. Sm\u011bs jsem prom\u00edchala a naplnila j\u00ed rozp\u016flen\u00e9 kapie (m\u016f\u017eete pou\u017e\u00edt i b\u00edl\u00e9 papriky). Kapie jsme vyskl\u00e1dala na vymazan\u00fd pek\u00e1\u010dek a pekla zhruba necelou hodinu p\u0159i 180 st. P\u0159ibli\u017en\u011b 20 minut p\u0159ed koncem jsem posypala najemno nastrouhan\u00fdm s\u00fdrem. Ke kapi\u00edm jsem ud\u011blala sal\u00e1t z \u010dekanky a bylo to moc dobr\u00e9.<\/p>\n<p style=\"text-align: justify;\"><strong>P\u0159ipravuje? Petra MATU\u0160KOV\u00c1<\/strong><\/p>\n<\/div>\n<div class=\"text_exposed_show\"><\/div>\n<div class=\"text_exposed_show\">\n<div id='gallery-1' class='gallery galleryid-78836 gallery-columns-3 gallery-size-medium'><figure class='gallery-item'>\n\t\t\t<div class='gallery-icon landscape'>\n\t\t\t\t<a href='https:\/\/zakrasnejsivimperk.cz\/?attachment_id=78837'><img loading=\"lazy\" decoding=\"async\" width=\"300\" height=\"225\" src=\"https:\/\/zakrasnejsivimperk.cz\/wp-content\/uploads\/2016\/10\/16\/z-roubenky-1-300x225.jpg\" class=\"attachment-medium size-medium\" alt=\"\" srcset=\"https:\/\/zakrasnejsivimperk.cz\/wp-content\/uploads\/2016\/10\/16\/z-roubenky-1-300x225.jpg 300w, https:\/\/zakrasnejsivimperk.cz\/wp-content\/uploads\/2016\/10\/16\/z-roubenky-1-476x357.jpg 476w, https:\/\/zakrasnejsivimperk.cz\/wp-content\/uploads\/2016\/10\/16\/z-roubenky-1-644x483.jpg 644w, https:\/\/zakrasnejsivimperk.cz\/wp-content\/uploads\/2016\/10\/16\/z-roubenky-1.jpg 960w\" sizes=\"(max-width: 300px) 100vw, 300px\" \/><\/a>\n\t\t\t<\/div><\/figure><figure class='gallery-item'>\n\t\t\t<div class='gallery-icon landscape'>\n\t\t\t\t<a href='https:\/\/zakrasnejsivimperk.cz\/?attachment_id=78838'><img loading=\"lazy\" decoding=\"async\" width=\"300\" height=\"225\" src=\"https:\/\/zakrasnejsivimperk.cz\/wp-content\/uploads\/2016\/10\/16\/z-roubenky-2-300x225.jpg\" class=\"attachment-medium size-medium\" alt=\"\" srcset=\"https:\/\/zakrasnejsivimperk.cz\/wp-content\/uploads\/2016\/10\/16\/z-roubenky-2-300x225.jpg 300w, https:\/\/zakrasnejsivimperk.cz\/wp-content\/uploads\/2016\/10\/16\/z-roubenky-2-1024x768.jpg 1024w, https:\/\/zakrasnejsivimperk.cz\/wp-content\/uploads\/2016\/10\/16\/z-roubenky-2-476x357.jpg 476w, https:\/\/zakrasnejsivimperk.cz\/wp-content\/uploads\/2016\/10\/16\/z-roubenky-2-644x483.jpg 644w, https:\/\/zakrasnejsivimperk.cz\/wp-content\/uploads\/2016\/10\/16\/z-roubenky-2.jpg 2048w\" sizes=\"(max-width: 300px) 100vw, 300px\" \/><\/a>\n\t\t\t<\/div><\/figure><figure class='gallery-item'>\n\t\t\t<div class='gallery-icon landscape'>\n\t\t\t\t<a href='https:\/\/zakrasnejsivimperk.cz\/?attachment_id=78839'><img loading=\"lazy\" decoding=\"async\" width=\"300\" height=\"225\" src=\"https:\/\/zakrasnejsivimperk.cz\/wp-content\/uploads\/2016\/10\/16\/z-roubenky-3-300x225.jpg\" class=\"attachment-medium size-medium\" alt=\"\" srcset=\"https:\/\/zakrasnejsivimperk.cz\/wp-content\/uploads\/2016\/10\/16\/z-roubenky-3-300x225.jpg 300w, https:\/\/zakrasnejsivimperk.cz\/wp-content\/uploads\/2016\/10\/16\/z-roubenky-3-476x357.jpg 476w, https:\/\/zakrasnejsivimperk.cz\/wp-content\/uploads\/2016\/10\/16\/z-roubenky-3-644x483.jpg 644w, https:\/\/zakrasnejsivimperk.cz\/wp-content\/uploads\/2016\/10\/16\/z-roubenky-3.jpg 960w\" sizes=\"(max-width: 300px) 100vw, 300px\" \/><\/a>\n\t\t\t<\/div><\/figure>\n\t\t<\/div>\n\n<\/div>\n","protected":false},"excerpt":{"rendered":"<p>P\u0159em\u00fd\u0161lela jsem <\/p>\n","protected":false},"author":2,"featured_media":78838,"comment_status":"open","ping_status":"open","sticky":false,"template":"","format":"gallery","meta":{"footnotes":""},"categories":[34],"tags":[],"jetpack_featured_media_url":"https:\/\/zakrasnejsivimperk.cz\/wp-content\/uploads\/2016\/10\/16\/z-roubenky-2.jpg","_links":{"self":[{"href":"https:\/\/zakrasnejsivimperk.cz\/index.php?rest_route=\/wp\/v2\/posts\/78836"}],"collection":[{"href":"https:\/\/zakrasnejsivimperk.cz\/index.php?rest_route=\/wp\/v2\/posts"}],"about":[{"href":"https:\/\/zakrasnejsivimperk.cz\/index.php?rest_route=\/wp\/v2\/types\/post"}],"author":[{"embeddable":true,"href":"https:\/\/zakrasnejsivimperk.cz\/index.php?rest_route=\/wp\/v2\/users\/2"}],"replies":[{"embeddable":true,"href":"https:\/\/zakrasnejsivimperk.cz\/index.php?rest_route=%2Fwp%2Fv2%2Fcomments&post=78836"}],"version-history":[{"count":3,"href":"https:\/\/zakrasnejsivimperk.cz\/index.php?rest_route=\/wp\/v2\/posts\/78836\/revisions"}],"predecessor-version":[{"id":78842,"href":"https:\/\/zakrasnejsivimperk.cz\/index.php?rest_route=\/wp\/v2\/posts\/78836\/revisions\/78842"}],"wp:featuredmedia":[{"embeddable":true,"href":"https:\/\/zakrasnejsivimperk.cz\/index.php?rest_route=\/wp\/v2\/media\/78838"}],"wp:attachment":[{"href":"https:\/\/zakrasnejsivimperk.cz\/index.php?rest_route=%2Fwp%2Fv2%2Fmedia&parent=78836"}],"wp:term":[{"taxonomy":"category","embeddable":true,"href":"https:\/\/zakrasnejsivimperk.cz\/index.php?rest_route=%2Fwp%2Fv2%2Fcategories&post=78836"},{"taxonomy":"post_tag","embeddable":true,"href":"https:\/\/zakrasnejsivimperk.cz\/index.php?rest_route=%2Fwp%2Fv2%2Ftags&post=78836"}],"curies":[{"name":"wp","href":"https:\/\/api.w.org\/{rel}","templated":true}]}}