{"id":77948,"date":"2016-10-08T07:14:57","date_gmt":"2016-10-08T06:14:57","guid":{"rendered":"http:\/\/zakrasnejsivimperk.cz\/?p=77948"},"modified":"2016-10-08T07:16:46","modified_gmt":"2016-10-08T06:16:46","slug":"recepty-ze-sumavske-vesnice-inspirace-pro-dnesni-den-slavnostni-zavitky-z-nahoranek","status":"publish","type":"post","link":"https:\/\/zakrasnejsivimperk.cz\/?p=77948","title":{"rendered":"RECEPTY ZE \u0160UMAVSK\u00c9 VESNICE: Inspirace pro v\u00edkendov\u00e9 dny &#8211; slavnostn\u00ed z\u00e1vitky z Naho\u0159\u00e1nek"},"content":{"rendered":"<p><strong>SLAVNOSTN\u00cd Z\u00c1VITKY (Naho\u0159\u00e1nky)<\/strong><\/p>\n<p><strong>Suroviny:<\/strong><br \/>\npl\u00e1tky k\u00fdty podle po\u010dtu str\u00e1vn\u00edk\u016f<br \/>\n5 strou\u017ek\u016f \u010desneku + 1 do pek\u00e1\u010dku<br \/>\ndobromysl (oreg\u00e1no)<span class=\"text_exposed_show\"><br \/>\n5 l\u017eic hr\u00e1\u0161ku<br \/>\npl\u00e1tky uzen\u00e9ho podle po\u010dtu pl\u00e1tk\u016f<br \/>\ns\u00e1dlo<br \/>\ncibule<br \/>\n1 dcl smetany<br \/>\ns\u016fl, pep\u0159<br \/>\nhladk\u00e1 mouka<br \/>\n1 l\u017ei\u010dka z\u00e1zvoru<\/span><\/p>\n<p>&nbsp;<\/p>\n<p>&nbsp;<\/p>\n<p style=\"text-align: justify;\"><span class=\"text_exposed_show\">Pl\u00e1tky naklepeme, osol\u00edme a opep\u0159\u00edme. P\u011bt strou\u017ek\u016f \u010desneku ut\u0159eme, sm\u00edch\u00e1me s nasekan\u00fdm oreg\u00e1nem a rozpu\u0161t\u011bn\u00fdm kouskem s\u00e1dla. Pl\u00e1tky touto sm\u011bs\u00ed pot\u0159eme a nech\u00e1me chvilku odle\u017eet. Na ka\u017ed\u00fd pl\u00e1tek d\u00e1me uzen\u00e9 a trochu hr\u00e1\u0161ku (2 l\u017e\u00edce d\u00e1me stranou), zavineme do z\u00e1vitk\u016f, spoj\u00edme p\u00e1r\u00e1tky nebo ov\u00e1\u017eeme nit\u00ed.<br \/>\nSm\u00edch\u00e1me mouku s 1\/2 l\u017ei\u010dkou z\u00e1zvoru a z\u00e1vitky v nich obal\u00edme. Ope\u010deme na s\u00e1dle, d\u00e1me do pek\u00e1\u010dku i s v\u00fdpekem, p\u0159id\u00e1me k nim cibulku nakr\u00e1jenou na v\u011bt\u0161\u00ed kousky a nasekan\u00fd \u010desnek. Podlijeme v\u00fdvarem nebo vodou a pe\u010deme dokud nen\u00ed maso m\u011bkk\u00e9. Maso vyjmeme, v\u00fdpek p\u0159eced\u00edme, p\u0159id\u00e1me smetanu, hr\u00e1\u0161ek a kr\u00e1tce pova\u0159\u00edme. Mus\u00ed to b\u00fdt \u0161\u0165\u00e1vi\u010dka, ne om\u00e1\u010dka. Vr\u00e1t\u00edme maso a kr\u00e1tce proh\u0159ejeme.<\/span><span class=\"text_exposed_show\"><br \/>\nDobrou chu\u0165!<\/span><\/p>\n<p style=\"text-align: justify;\"><strong>P\u0159ipravuje: Lucie KOHOUTOV\u00c1<\/strong><\/p>\n<p style=\"text-align: justify;\">\n","protected":false},"excerpt":{"rendered":"<p>SLAVNOSTN\u00cd Z\u00c1VITKY <\/p>\n","protected":false},"author":2,"featured_media":77949,"comment_status":"open","ping_status":"open","sticky":false,"template":"","format":"standard","meta":{"footnotes":""},"categories":[34],"tags":[],"jetpack_featured_media_url":"https:\/\/zakrasnejsivimperk.cz\/wp-content\/uploads\/2016\/10\/08\/z\u00e1vitky.jpg","_links":{"self":[{"href":"https:\/\/zakrasnejsivimperk.cz\/index.php?rest_route=\/wp\/v2\/posts\/77948"}],"collection":[{"href":"https:\/\/zakrasnejsivimperk.cz\/index.php?rest_route=\/wp\/v2\/posts"}],"about":[{"href":"https:\/\/zakrasnejsivimperk.cz\/index.php?rest_route=\/wp\/v2\/types\/post"}],"author":[{"embeddable":true,"href":"https:\/\/zakrasnejsivimperk.cz\/index.php?rest_route=\/wp\/v2\/users\/2"}],"replies":[{"embeddable":true,"href":"https:\/\/zakrasnejsivimperk.cz\/index.php?rest_route=%2Fwp%2Fv2%2Fcomments&post=77948"}],"version-history":[{"count":7,"href":"https:\/\/zakrasnejsivimperk.cz\/index.php?rest_route=\/wp\/v2\/posts\/77948\/revisions"}],"predecessor-version":[{"id":77956,"href":"https:\/\/zakrasnejsivimperk.cz\/index.php?rest_route=\/wp\/v2\/posts\/77948\/revisions\/77956"}],"wp:featuredmedia":[{"embeddable":true,"href":"https:\/\/zakrasnejsivimperk.cz\/index.php?rest_route=\/wp\/v2\/media\/77949"}],"wp:attachment":[{"href":"https:\/\/zakrasnejsivimperk.cz\/index.php?rest_route=%2Fwp%2Fv2%2Fmedia&parent=77948"}],"wp:term":[{"taxonomy":"category","embeddable":true,"href":"https:\/\/zakrasnejsivimperk.cz\/index.php?rest_route=%2Fwp%2Fv2%2Fcategories&post=77948"},{"taxonomy":"post_tag","embeddable":true,"href":"https:\/\/zakrasnejsivimperk.cz\/index.php?rest_route=%2Fwp%2Fv2%2Ftags&post=77948"}],"curies":[{"name":"wp","href":"https:\/\/api.w.org\/{rel}","templated":true}]}}