{"id":76150,"date":"2016-09-19T12:55:50","date_gmt":"2016-09-19T11:55:50","guid":{"rendered":"http:\/\/zakrasnejsivimperk.cz\/?p=76150"},"modified":"2016-09-19T12:55:50","modified_gmt":"2016-09-19T11:55:50","slug":"dobroty-z-roubenky-dnes-peceme-slany-kolac-s-cuketou-a-nivou-podle-receptu-petry-matuskove","status":"publish","type":"post","link":"https:\/\/zakrasnejsivimperk.cz\/?p=76150","title":{"rendered":"DOBROTY Z ROUBENKY: Dnes pe\u010deme slan\u00fd kol\u00e1\u010d s cuketou a nivou podle receptu Petry Matu\u0161kov\u00e9"},"content":{"rendered":"<p style=\"text-align: justify;\">Op\u011bt jednoduch\u00fd recept, kter\u00fd se mi osv\u011bd\u010dil a budu d\u011blat \u010dast\u011bji: Nastrouhala jsem cuketu (jednu men\u0161\u00ed cuketu) a nivu (cca 20 dkg) a prom\u00edchala. jeden tvaroh jsem prom\u00edchala s jedn\u00edm vaj\u00ed\u010dkem, osolila opep\u0159ila a vm\u00edchala dva\u00a0ut\u0159en\u00e9 strou\u017eky \u010desneku. D\u00e1le jsem si p\u0159ipravila listov\u00e9 t\u011bsto do formy na kol\u00e1\u010d. Dno jsem pot\u0159ela tvarohem, na n\u011bj navrstvila sm\u011bs cukety a nivy, zasypala nastrouhan\u00fdm s\u00fdrem a dala na hodinu p\u00e9ct na 180 st. A je hotovo. dobrou chu\u0165.<\/p>\n<p style=\"text-align: justify;\"><strong>P\u0159ipravuje: Petra MATU\u0160KOV\u00c1<\/strong><\/p>\n<p style=\"text-align: justify;\">\n<p>&nbsp;<\/p>\n<p>&nbsp;<\/p>\n<p>&nbsp;<\/p>\n<p>&nbsp;<\/p>\n<p>&nbsp;<\/p>\n","protected":false},"excerpt":{"rendered":"<p>Op\u011bt jednoduch\u00fd <\/p>\n","protected":false},"author":2,"featured_media":76157,"comment_status":"open","ping_status":"open","sticky":false,"template":"","format":"standard","meta":{"footnotes":""},"categories":[34],"tags":[],"jetpack_featured_media_url":"https:\/\/zakrasnejsivimperk.cz\/wp-content\/uploads\/2016\/09\/19\/slany-kolac.jpg","_links":{"self":[{"href":"https:\/\/zakrasnejsivimperk.cz\/index.php?rest_route=\/wp\/v2\/posts\/76150"}],"collection":[{"href":"https:\/\/zakrasnejsivimperk.cz\/index.php?rest_route=\/wp\/v2\/posts"}],"about":[{"href":"https:\/\/zakrasnejsivimperk.cz\/index.php?rest_route=\/wp\/v2\/types\/post"}],"author":[{"embeddable":true,"href":"https:\/\/zakrasnejsivimperk.cz\/index.php?rest_route=\/wp\/v2\/users\/2"}],"replies":[{"embeddable":true,"href":"https:\/\/zakrasnejsivimperk.cz\/index.php?rest_route=%2Fwp%2Fv2%2Fcomments&post=76150"}],"version-history":[{"count":2,"href":"https:\/\/zakrasnejsivimperk.cz\/index.php?rest_route=\/wp\/v2\/posts\/76150\/revisions"}],"predecessor-version":[{"id":76159,"href":"https:\/\/zakrasnejsivimperk.cz\/index.php?rest_route=\/wp\/v2\/posts\/76150\/revisions\/76159"}],"wp:featuredmedia":[{"embeddable":true,"href":"https:\/\/zakrasnejsivimperk.cz\/index.php?rest_route=\/wp\/v2\/media\/76157"}],"wp:attachment":[{"href":"https:\/\/zakrasnejsivimperk.cz\/index.php?rest_route=%2Fwp%2Fv2%2Fmedia&parent=76150"}],"wp:term":[{"taxonomy":"category","embeddable":true,"href":"https:\/\/zakrasnejsivimperk.cz\/index.php?rest_route=%2Fwp%2Fv2%2Fcategories&post=76150"},{"taxonomy":"post_tag","embeddable":true,"href":"https:\/\/zakrasnejsivimperk.cz\/index.php?rest_route=%2Fwp%2Fv2%2Ftags&post=76150"}],"curies":[{"name":"wp","href":"https:\/\/api.w.org\/{rel}","templated":true}]}}