{"id":74209,"date":"2016-09-16T14:48:39","date_gmt":"2016-09-16T13:48:39","guid":{"rendered":"http:\/\/zakrasnejsivimperk.cz\/?p=74209"},"modified":"2016-09-16T19:23:41","modified_gmt":"2016-09-16T18:23:41","slug":"recepty-ze-sumavske-vesnice-opet-neco-sladkeho-ctihodne-buchticky-ze-strasinska","status":"publish","type":"post","link":"https:\/\/zakrasnejsivimperk.cz\/?p=74209","title":{"rendered":"RECEPTY ZE \u0160UMAVSK\u00c9 VESNICE: Op\u011bt tady m\u00e1me n\u011bco sladk\u00e9ho, ctihodn\u00e9 buchti\u010dky ze Stra\u0161\u00ednska"},"content":{"rendered":"<p><strong>BUCHTI\u010cKY CTIHODN\u00c9 (Stra\u0161\u00ednsko)<\/strong><br \/>\nD\u011blala jsem z polovi\u010dn\u00ed d\u00e1vky, m\u011bla jsem 3 plechy.<br \/>\n<strong>T\u011bsto:<\/strong><br \/>\n1 kg polohrub\u00e9 mouky<br \/>\n25 dkg m\u00e1sla<span class=\"text_exposed_show\"><br \/>\n15 dkg mou\u010dkov\u00e9ho cukru<br \/>\n3 \u017eloutky<br \/>\n\u0161petka soli<br \/>\n5 dkg kvasnic (kv\u00e1sek -cukr, trocha ml\u00e9ka)<br \/>\nvla\u017en\u00e9 ml\u00e9ko- asi 4 dcl (v p\u0159edpisu nebyla m\u00edra, na polovi\u010dn\u00ed d\u00e1vku mi vy\u0161lo 2 dcl)<\/span><\/p>\n<div class=\"text_exposed_show\">\n<p><strong>\u0160imlov\u00e9 maz\u00e1n\u00ed:<\/strong><br \/>\n2 tvarohy<br \/>\n4 \u017eloutky<br \/>\nk\u016fra z 1 citr\u00f3nu<br \/>\nmlet\u00fd m\u00e1k podle chuti<br \/>\ncukr<br \/>\n2 l\u017e\u00edce kysan\u00e9 smetany<\/p>\n<p>povidla<br \/>\ndrobenka<br \/>\n\u017eloutek + smetana na pot\u0159en\u00ed<br \/>\nm\u00e1slo + rum na pokap\u00e1n\u00ed<\/p>\n<p style=\"text-align: justify;\">Vypracujeme hladk\u00e9 t\u011bsto, kter\u00e9 nech\u00e1me kynout. Tvo\u0159\u00edme mal\u00e9 buchti\u010dky, kter\u00e9 pln\u00edme maz\u00e1n\u00edm. D\u00e1me na plech (zkou\u0161ela jsem ob\u011b strany, jak spojem nahoru, tak obr\u00e1cen\u011b, l\u00e9pe dr\u017e\u00ed spojem nahoru), doprost\u0159ed buchti\u010dky ud\u011bl\u00e1me prstem d\u016flek a ot\u0159eme \u017eloutkem se smetanou. Do ka\u017ed\u00e9ho d\u016flku d\u00e1me povidla, posypeme drobenkou a d\u00e1me do trouby rozeh\u0159\u00e1t\u00e9 na 190 st.. Hork\u00e9 kapeme rozpu\u0161t\u011bn\u00fdm m\u00e1slem s rumem.<\/p>\n<p style=\"text-align: justify;\"><strong>P\u0159ipravuje: Lucie KOHOUTOV\u00c1<\/strong><\/p>\n<div id='gallery-1' class='gallery galleryid-74209 gallery-columns-3 gallery-size-medium'><figure class='gallery-item'>\n\t\t\t<div class='gallery-icon landscape'>\n\t\t\t\t<a href='https:\/\/zakrasnejsivimperk.cz\/?attachment_id=74210'><img loading=\"lazy\" decoding=\"async\" width=\"300\" height=\"225\" src=\"https:\/\/zakrasnejsivimperk.cz\/wp-content\/uploads\/2016\/09\/03\/buchti\u010dky-1-300x225.jpg\" class=\"attachment-medium size-medium\" alt=\"\" srcset=\"https:\/\/zakrasnejsivimperk.cz\/wp-content\/uploads\/2016\/09\/03\/buchti\u010dky-1-300x225.jpg 300w, https:\/\/zakrasnejsivimperk.cz\/wp-content\/uploads\/2016\/09\/03\/buchti\u010dky-1-476x357.jpg 476w, https:\/\/zakrasnejsivimperk.cz\/wp-content\/uploads\/2016\/09\/03\/buchti\u010dky-1-644x483.jpg 644w, https:\/\/zakrasnejsivimperk.cz\/wp-content\/uploads\/2016\/09\/03\/buchti\u010dky-1.jpg 960w\" sizes=\"(max-width: 300px) 100vw, 300px\" \/><\/a>\n\t\t\t<\/div><\/figure><figure class='gallery-item'>\n\t\t\t<div class='gallery-icon landscape'>\n\t\t\t\t<a href='https:\/\/zakrasnejsivimperk.cz\/?attachment_id=74211'><img loading=\"lazy\" decoding=\"async\" width=\"300\" height=\"225\" src=\"https:\/\/zakrasnejsivimperk.cz\/wp-content\/uploads\/2016\/09\/03\/buchti\u010dky-2-300x225.jpg\" class=\"attachment-medium size-medium\" alt=\"\" srcset=\"https:\/\/zakrasnejsivimperk.cz\/wp-content\/uploads\/2016\/09\/03\/buchti\u010dky-2-300x225.jpg 300w, https:\/\/zakrasnejsivimperk.cz\/wp-content\/uploads\/2016\/09\/03\/buchti\u010dky-2-476x357.jpg 476w, https:\/\/zakrasnejsivimperk.cz\/wp-content\/uploads\/2016\/09\/03\/buchti\u010dky-2-644x483.jpg 644w, https:\/\/zakrasnejsivimperk.cz\/wp-content\/uploads\/2016\/09\/03\/buchti\u010dky-2.jpg 960w\" sizes=\"(max-width: 300px) 100vw, 300px\" \/><\/a>\n\t\t\t<\/div><\/figure><figure class='gallery-item'>\n\t\t\t<div class='gallery-icon landscape'>\n\t\t\t\t<a href='https:\/\/zakrasnejsivimperk.cz\/?attachment_id=74212'><img loading=\"lazy\" decoding=\"async\" width=\"300\" height=\"225\" src=\"https:\/\/zakrasnejsivimperk.cz\/wp-content\/uploads\/2016\/09\/03\/buchti\u010dky-3-300x225.jpg\" class=\"attachment-medium size-medium\" alt=\"\" srcset=\"https:\/\/zakrasnejsivimperk.cz\/wp-content\/uploads\/2016\/09\/03\/buchti\u010dky-3-300x225.jpg 300w, https:\/\/zakrasnejsivimperk.cz\/wp-content\/uploads\/2016\/09\/03\/buchti\u010dky-3-476x357.jpg 476w, https:\/\/zakrasnejsivimperk.cz\/wp-content\/uploads\/2016\/09\/03\/buchti\u010dky-3-644x483.jpg 644w, https:\/\/zakrasnejsivimperk.cz\/wp-content\/uploads\/2016\/09\/03\/buchti\u010dky-3.jpg 960w\" sizes=\"(max-width: 300px) 100vw, 300px\" \/><\/a>\n\t\t\t<\/div><\/figure>\n\t\t<\/div>\n\n<\/div>\n","protected":false},"excerpt":{"rendered":"<p>BUCHTI\u010cKY CTIHODN\u00c9 <\/p>\n","protected":false},"author":2,"featured_media":74212,"comment_status":"open","ping_status":"open","sticky":false,"template":"","format":"gallery","meta":{"footnotes":""},"categories":[34],"tags":[],"jetpack_featured_media_url":"https:\/\/zakrasnejsivimperk.cz\/wp-content\/uploads\/2016\/09\/03\/buchti\u010dky-3.jpg","_links":{"self":[{"href":"https:\/\/zakrasnejsivimperk.cz\/index.php?rest_route=\/wp\/v2\/posts\/74209"}],"collection":[{"href":"https:\/\/zakrasnejsivimperk.cz\/index.php?rest_route=\/wp\/v2\/posts"}],"about":[{"href":"https:\/\/zakrasnejsivimperk.cz\/index.php?rest_route=\/wp\/v2\/types\/post"}],"author":[{"embeddable":true,"href":"https:\/\/zakrasnejsivimperk.cz\/index.php?rest_route=\/wp\/v2\/users\/2"}],"replies":[{"embeddable":true,"href":"https:\/\/zakrasnejsivimperk.cz\/index.php?rest_route=%2Fwp%2Fv2%2Fcomments&post=74209"}],"version-history":[{"count":3,"href":"https:\/\/zakrasnejsivimperk.cz\/index.php?rest_route=\/wp\/v2\/posts\/74209\/revisions"}],"predecessor-version":[{"id":75709,"href":"https:\/\/zakrasnejsivimperk.cz\/index.php?rest_route=\/wp\/v2\/posts\/74209\/revisions\/75709"}],"wp:featuredmedia":[{"embeddable":true,"href":"https:\/\/zakrasnejsivimperk.cz\/index.php?rest_route=\/wp\/v2\/media\/74212"}],"wp:attachment":[{"href":"https:\/\/zakrasnejsivimperk.cz\/index.php?rest_route=%2Fwp%2Fv2%2Fmedia&parent=74209"}],"wp:term":[{"taxonomy":"category","embeddable":true,"href":"https:\/\/zakrasnejsivimperk.cz\/index.php?rest_route=%2Fwp%2Fv2%2Fcategories&post=74209"},{"taxonomy":"post_tag","embeddable":true,"href":"https:\/\/zakrasnejsivimperk.cz\/index.php?rest_route=%2Fwp%2Fv2%2Ftags&post=74209"}],"curies":[{"name":"wp","href":"https:\/\/api.w.org\/{rel}","templated":true}]}}