{"id":74205,"date":"2016-09-03T08:00:38","date_gmt":"2016-09-03T07:00:38","guid":{"rendered":"http:\/\/zakrasnejsivimperk.cz\/?p=74205"},"modified":"2016-09-03T08:01:33","modified_gmt":"2016-09-03T07:01:33","slug":"recepty-ze-sumavske-vesnice-je-cas-sklizne-brambor-udelejte-si-bramborove-karbanatky","status":"publish","type":"post","link":"https:\/\/zakrasnejsivimperk.cz\/?p=74205","title":{"rendered":"RECEPTY ZE \u0160UMAVSK\u00c9 VESNICE: Je \u010das sklizn\u011b brambor, ud\u011blejte si tak\u00e9 bramborov\u00e9 karban\u00e1tky"},"content":{"rendered":"<p style=\"text-align: justify;\"><strong>Karban\u00e1tky jsou v\u00fdborn\u00e9 jako samostatn\u00e9 letn\u00ed j\u00eddlo, ale daj\u00ed se pou\u017e\u00edt i jako p\u0159\u00edloha.<\/strong><\/p>\n<p><strong>Suroviny:<\/strong><span class=\"text_exposed_show\"><br \/>\n1\/2 kg va\u0159en\u00fdch brambor ve slupce<br \/>\n1 syrov\u00e1 brambora<br \/>\n3 \u2013 4 strou\u017eky \u010desneku<br \/>\n2 \u017eloutky<br \/>\n10 dkg uzen\u00e9ho nebo uzen\u00e9 \u0161unky<br \/>\ns\u016fl, pep\u0159, major\u00e1nka<br \/>\nna obalen\u00ed mouka, vejce, strouhanka<\/span><\/p>\n<div class=\"text_exposed_show\">\n<p style=\"text-align: justify;\">Brambory nastrouh\u00e1me, p\u0159id\u00e1me ostatn\u00ed suroviny a vypracujeme t\u011bsto. Tvo\u0159\u00edme karban\u00e1tky, kter\u00e9 obal\u00edme v trojobalu jako \u0159\u00edzky. Sma\u017e\u00edme na s\u00e1dle nebo tuku.<\/p>\n<p style=\"text-align: justify;\"><strong>P\u0159ipravuje: Lucie KOHOUTOV\u00c1<\/strong><\/p>\n<\/div>\n<p>&nbsp;<\/p>\n<p>&nbsp;<\/p>\n<p>&nbsp;<\/p>\n","protected":false},"excerpt":{"rendered":"<p>Karban\u00e1tky jsou <\/p>\n","protected":false},"author":2,"featured_media":74206,"comment_status":"open","ping_status":"open","sticky":false,"template":"","format":"standard","meta":{"footnotes":""},"categories":[34],"tags":[],"jetpack_featured_media_url":"https:\/\/zakrasnejsivimperk.cz\/wp-content\/uploads\/2016\/09\/03\/karbanatky-z-brambor.jpg","_links":{"self":[{"href":"https:\/\/zakrasnejsivimperk.cz\/index.php?rest_route=\/wp\/v2\/posts\/74205"}],"collection":[{"href":"https:\/\/zakrasnejsivimperk.cz\/index.php?rest_route=\/wp\/v2\/posts"}],"about":[{"href":"https:\/\/zakrasnejsivimperk.cz\/index.php?rest_route=\/wp\/v2\/types\/post"}],"author":[{"embeddable":true,"href":"https:\/\/zakrasnejsivimperk.cz\/index.php?rest_route=\/wp\/v2\/users\/2"}],"replies":[{"embeddable":true,"href":"https:\/\/zakrasnejsivimperk.cz\/index.php?rest_route=%2Fwp%2Fv2%2Fcomments&post=74205"}],"version-history":[{"count":2,"href":"https:\/\/zakrasnejsivimperk.cz\/index.php?rest_route=\/wp\/v2\/posts\/74205\/revisions"}],"predecessor-version":[{"id":74208,"href":"https:\/\/zakrasnejsivimperk.cz\/index.php?rest_route=\/wp\/v2\/posts\/74205\/revisions\/74208"}],"wp:featuredmedia":[{"embeddable":true,"href":"https:\/\/zakrasnejsivimperk.cz\/index.php?rest_route=\/wp\/v2\/media\/74206"}],"wp:attachment":[{"href":"https:\/\/zakrasnejsivimperk.cz\/index.php?rest_route=%2Fwp%2Fv2%2Fmedia&parent=74205"}],"wp:term":[{"taxonomy":"category","embeddable":true,"href":"https:\/\/zakrasnejsivimperk.cz\/index.php?rest_route=%2Fwp%2Fv2%2Fcategories&post=74205"},{"taxonomy":"post_tag","embeddable":true,"href":"https:\/\/zakrasnejsivimperk.cz\/index.php?rest_route=%2Fwp%2Fv2%2Ftags&post=74205"}],"curies":[{"name":"wp","href":"https:\/\/api.w.org\/{rel}","templated":true}]}}