{"id":73294,"date":"2016-08-28T20:54:01","date_gmt":"2016-08-28T19:54:01","guid":{"rendered":"http:\/\/zakrasnejsivimperk.cz\/?p=73294"},"modified":"2016-08-28T20:58:16","modified_gmt":"2016-08-28T19:58:16","slug":"recepty-ze-sumavske-vesnice-dnes-opet-neco-sladkeho-svatecni-kolacky-ze-strasinska","status":"publish","type":"post","link":"https:\/\/zakrasnejsivimperk.cz\/?p=73294","title":{"rendered":"RECEPTY ZE \u0160UMAVSK\u00c9 VESNICE: Dnes tady m\u00e1me n\u011bco sladk\u00e9ho &#8211; sv\u00e1te\u010dn\u00ed kol\u00e1\u010dky ze Stra\u0161\u00ednska"},"content":{"rendered":"<p><strong>Suroviny:<\/strong><br \/>\n30 dkg polohrub\u00e9 mouky<br \/>\n20 dkg hladk\u00e9 mouky<br \/>\n12 dkg m\u00e1sla<span class=\"text_exposed_show\"><br \/>\n1 l\u017e\u00edce s\u00e1dla<br \/>\n2 vejce<br \/>\n1 \u017eloutek<br \/>\n1 l\u017e\u00edce rumu<br \/>\n1 dro\u017ed\u00ed (kv\u00e1sek)<br \/>\nasi 2,5 dcl smetany (plnotu\u010dn\u00e9 ml\u00e9ko)<\/span><\/p>\n<div class=\"text_exposed_show\">\n<p style=\"text-align: justify;\">Zad\u011bl\u00e1me lehk\u00e9 t\u011bsto, kter\u00e9 nech\u00e1me asi 2 hodiny kynout. Tvo\u0159\u00edme kol\u00e1\u010dky, kter\u00e9 pln\u00edme podle libosti. Okraje pot\u0159eme b\u00edlkem a pe\u010deme p\u0159i 180 st. asi 15 minut, podle velikosti. Hork\u00e9 pot\u00edr\u00e1me m\u00e1slem s rumem a sypeme cukrem.<\/p>\n<p style=\"text-align: justify;\"><strong>P\u0159ipravuje: Lucie KOHOUTOV\u00c1<\/strong><\/p>\n<div id='gallery-1' class='gallery galleryid-73294 gallery-columns-3 gallery-size-medium'><figure class='gallery-item'>\n\t\t\t<div class='gallery-icon landscape'>\n\t\t\t\t<a href='https:\/\/zakrasnejsivimperk.cz\/?attachment_id=73298'><img loading=\"lazy\" decoding=\"async\" width=\"300\" height=\"225\" src=\"https:\/\/zakrasnejsivimperk.cz\/wp-content\/uploads\/2016\/08\/26\/sv\u00e1te\u010dn\u00ed-kol\u00e1\u010dky-1-300x225.jpg\" class=\"attachment-medium size-medium\" alt=\"\" srcset=\"https:\/\/zakrasnejsivimperk.cz\/wp-content\/uploads\/2016\/08\/26\/sv\u00e1te\u010dn\u00ed-kol\u00e1\u010dky-1-300x225.jpg 300w, https:\/\/zakrasnejsivimperk.cz\/wp-content\/uploads\/2016\/08\/26\/sv\u00e1te\u010dn\u00ed-kol\u00e1\u010dky-1-476x357.jpg 476w, https:\/\/zakrasnejsivimperk.cz\/wp-content\/uploads\/2016\/08\/26\/sv\u00e1te\u010dn\u00ed-kol\u00e1\u010dky-1-644x483.jpg 644w, https:\/\/zakrasnejsivimperk.cz\/wp-content\/uploads\/2016\/08\/26\/sv\u00e1te\u010dn\u00ed-kol\u00e1\u010dky-1.jpg 960w\" sizes=\"(max-width: 300px) 100vw, 300px\" \/><\/a>\n\t\t\t<\/div><\/figure><figure class='gallery-item'>\n\t\t\t<div class='gallery-icon landscape'>\n\t\t\t\t<a href='https:\/\/zakrasnejsivimperk.cz\/?attachment_id=73295'><img loading=\"lazy\" decoding=\"async\" width=\"300\" height=\"225\" src=\"https:\/\/zakrasnejsivimperk.cz\/wp-content\/uploads\/2016\/08\/26\/sv\u00e1te\u010dn\u00ed-kol\u00e1\u010dky-2-300x225.jpg\" class=\"attachment-medium size-medium\" alt=\"\" srcset=\"https:\/\/zakrasnejsivimperk.cz\/wp-content\/uploads\/2016\/08\/26\/sv\u00e1te\u010dn\u00ed-kol\u00e1\u010dky-2-300x225.jpg 300w, https:\/\/zakrasnejsivimperk.cz\/wp-content\/uploads\/2016\/08\/26\/sv\u00e1te\u010dn\u00ed-kol\u00e1\u010dky-2-476x357.jpg 476w, https:\/\/zakrasnejsivimperk.cz\/wp-content\/uploads\/2016\/08\/26\/sv\u00e1te\u010dn\u00ed-kol\u00e1\u010dky-2-644x483.jpg 644w, https:\/\/zakrasnejsivimperk.cz\/wp-content\/uploads\/2016\/08\/26\/sv\u00e1te\u010dn\u00ed-kol\u00e1\u010dky-2.jpg 960w\" sizes=\"(max-width: 300px) 100vw, 300px\" \/><\/a>\n\t\t\t<\/div><\/figure><figure class='gallery-item'>\n\t\t\t<div class='gallery-icon landscape'>\n\t\t\t\t<a href='https:\/\/zakrasnejsivimperk.cz\/?attachment_id=73296'><img loading=\"lazy\" decoding=\"async\" width=\"300\" height=\"225\" src=\"https:\/\/zakrasnejsivimperk.cz\/wp-content\/uploads\/2016\/08\/26\/sv\u00e1te\u010dn\u00ed-kol\u00e1\u010dky-3-300x225.jpg\" class=\"attachment-medium size-medium\" alt=\"\" srcset=\"https:\/\/zakrasnejsivimperk.cz\/wp-content\/uploads\/2016\/08\/26\/sv\u00e1te\u010dn\u00ed-kol\u00e1\u010dky-3-300x225.jpg 300w, https:\/\/zakrasnejsivimperk.cz\/wp-content\/uploads\/2016\/08\/26\/sv\u00e1te\u010dn\u00ed-kol\u00e1\u010dky-3-476x357.jpg 476w, https:\/\/zakrasnejsivimperk.cz\/wp-content\/uploads\/2016\/08\/26\/sv\u00e1te\u010dn\u00ed-kol\u00e1\u010dky-3-644x483.jpg 644w, https:\/\/zakrasnejsivimperk.cz\/wp-content\/uploads\/2016\/08\/26\/sv\u00e1te\u010dn\u00ed-kol\u00e1\u010dky-3.jpg 960w\" sizes=\"(max-width: 300px) 100vw, 300px\" \/><\/a>\n\t\t\t<\/div><\/figure><figure class='gallery-item'>\n\t\t\t<div class='gallery-icon landscape'>\n\t\t\t\t<a href='https:\/\/zakrasnejsivimperk.cz\/?attachment_id=73297'><img loading=\"lazy\" decoding=\"async\" width=\"300\" height=\"225\" src=\"https:\/\/zakrasnejsivimperk.cz\/wp-content\/uploads\/2016\/08\/26\/sv\u00e1te\u010dn\u00ed-kol\u00e1\u010dky-4-300x225.jpg\" class=\"attachment-medium size-medium\" alt=\"\" srcset=\"https:\/\/zakrasnejsivimperk.cz\/wp-content\/uploads\/2016\/08\/26\/sv\u00e1te\u010dn\u00ed-kol\u00e1\u010dky-4-300x225.jpg 300w, https:\/\/zakrasnejsivimperk.cz\/wp-content\/uploads\/2016\/08\/26\/sv\u00e1te\u010dn\u00ed-kol\u00e1\u010dky-4-476x357.jpg 476w, https:\/\/zakrasnejsivimperk.cz\/wp-content\/uploads\/2016\/08\/26\/sv\u00e1te\u010dn\u00ed-kol\u00e1\u010dky-4-644x483.jpg 644w, https:\/\/zakrasnejsivimperk.cz\/wp-content\/uploads\/2016\/08\/26\/sv\u00e1te\u010dn\u00ed-kol\u00e1\u010dky-4.jpg 960w\" sizes=\"(max-width: 300px) 100vw, 300px\" \/><\/a>\n\t\t\t<\/div><\/figure>\n\t\t<\/div>\n\n<\/div>\n","protected":false},"excerpt":{"rendered":"<p>Suroviny: 30 <\/p>\n","protected":false},"author":2,"featured_media":73296,"comment_status":"open","ping_status":"open","sticky":false,"template":"","format":"gallery","meta":{"footnotes":""},"categories":[34],"tags":[],"jetpack_featured_media_url":"https:\/\/zakrasnejsivimperk.cz\/wp-content\/uploads\/2016\/08\/26\/sv\u00e1te\u010dn\u00ed-kol\u00e1\u010dky-3.jpg","_links":{"self":[{"href":"https:\/\/zakrasnejsivimperk.cz\/index.php?rest_route=\/wp\/v2\/posts\/73294"}],"collection":[{"href":"https:\/\/zakrasnejsivimperk.cz\/index.php?rest_route=\/wp\/v2\/posts"}],"about":[{"href":"https:\/\/zakrasnejsivimperk.cz\/index.php?rest_route=\/wp\/v2\/types\/post"}],"author":[{"embeddable":true,"href":"https:\/\/zakrasnejsivimperk.cz\/index.php?rest_route=\/wp\/v2\/users\/2"}],"replies":[{"embeddable":true,"href":"https:\/\/zakrasnejsivimperk.cz\/index.php?rest_route=%2Fwp%2Fv2%2Fcomments&post=73294"}],"version-history":[{"count":4,"href":"https:\/\/zakrasnejsivimperk.cz\/index.php?rest_route=\/wp\/v2\/posts\/73294\/revisions"}],"predecessor-version":[{"id":73557,"href":"https:\/\/zakrasnejsivimperk.cz\/index.php?rest_route=\/wp\/v2\/posts\/73294\/revisions\/73557"}],"wp:featuredmedia":[{"embeddable":true,"href":"https:\/\/zakrasnejsivimperk.cz\/index.php?rest_route=\/wp\/v2\/media\/73296"}],"wp:attachment":[{"href":"https:\/\/zakrasnejsivimperk.cz\/index.php?rest_route=%2Fwp%2Fv2%2Fmedia&parent=73294"}],"wp:term":[{"taxonomy":"category","embeddable":true,"href":"https:\/\/zakrasnejsivimperk.cz\/index.php?rest_route=%2Fwp%2Fv2%2Fcategories&post=73294"},{"taxonomy":"post_tag","embeddable":true,"href":"https:\/\/zakrasnejsivimperk.cz\/index.php?rest_route=%2Fwp%2Fv2%2Ftags&post=73294"}],"curies":[{"name":"wp","href":"https:\/\/api.w.org\/{rel}","templated":true}]}}