{"id":72043,"date":"2016-08-21T12:53:15","date_gmt":"2016-08-21T11:53:15","guid":{"rendered":"http:\/\/zakrasnejsivimperk.cz\/?p=72043"},"modified":"2016-08-21T15:22:55","modified_gmt":"2016-08-21T14:22:55","slug":"recepty-ze-sumavske-vesnice-buchticky-podle-babicky-vypadaji-lakave-co-rikate","status":"publish","type":"post","link":"https:\/\/zakrasnejsivimperk.cz\/?p=72043","title":{"rendered":"RECEPTY ZE \u0160UMAVSK\u00c9 VESNICE: Buchti\u010dky podle babi\u010dky. Vypadaj\u00ed l\u00e1kav\u011b, co \u0159\u00edk\u00e1te? Jen se zakousnout"},"content":{"rendered":"<p style=\"text-align: justify;\"><strong>BUCHTI\u010cKY (recept po babi\u010dce)<\/strong><br \/>\n<strong>Buchty b\u00fdvaly pokrmem v\u0161edn\u00edch dn\u016f, hlavn\u011b buchty ,,pr\u00e1zdn\u00e9&#8221; (bez n\u00e1pln\u011b). Pln\u011bn\u00e9 se pekly hlavn\u011b na ned\u011ble a sv\u00e1tky. M\u011bly i r\u016fznou velikost. ,,Cihli\u010dky&#8221; se pekly o \u017en\u00edch na pole, mal\u00e9 byly slavnostn\u011bj\u0161\u00ed a na Chodsku se pekly ,,d\u00edle\u010dky&#8221;, co\u017e je buchta bez n\u00e1pln\u011b a cukru.<\/strong><\/p>\n<p style=\"text-align: justify;\">Pekla jsem z jednoho t\u011bsta nap\u016fl ,,pr\u00e1zdn\u00e9&#8221; a s povidly. D\u011blejte je opravdu mali\u010dk\u00e9.<br \/>\n<strong>Suroviny:<\/strong><br \/>\n15 dkg m\u00e1sla<span class=\"text_exposed_show\"><br \/>\n2 vejce<br \/>\n10 dkg cukru<br \/>\n2 dcl ml\u00e9ka<br \/>\nkv\u00e1sek z 1 dro\u017ed\u00ed (3 l\u017e\u00edce tepl\u00e9ho ml\u00e9ka, 1 l\u017ei\u010dka cukru, dro\u017ed\u00ed)<br \/>\nk\u016fra z 1\/2 citr\u00f3nu<br \/>\n40 dkg polohrub\u00e9 mouky<br \/>\n10 dkg hladk\u00e9 mouky<br \/>\nhrst rozinek<\/span><\/p>\n<div class=\"text_exposed_show\">\n<p>8 l\u017eic ml\u00e9ka s vanilkov\u00fdm cukrem, 3 l\u017e\u00edce cukru a 1 l\u017e\u00edce m\u00e1sla na zalit\u00ed<\/p>\n<p style=\"text-align: justify;\">Zad\u011bl\u00e1me kv\u00e1sek, ut\u0159eme m\u00e1slo s vejci, cukrem, k\u016frou a p\u0159isypeme mouku. Zapracujeme kv\u00e1sek a vla\u017en\u00e9 ml\u00e9ko. T\u011bsto dob\u0159e propracujeme, podle pot\u0159eby p\u0159id\u00e1me mouku. Do t\u011bsta d\u00e1me rozinky a je\u0161t\u011b propracujeme. T\u011bsto nen\u00ed tuh\u00e9, ale vl\u00e1\u010dn\u00e9. Nech\u00e1me kynout.<br \/>\nZ vykynut\u00e9ho t\u011bsta tvo\u0159\u00edme mal\u00e9 buchti\u010dky (m\u016f\u017eete i naplnit) a klademe t\u011bsn\u011b vedle sebe do vymazan\u00e9 formy nebo mal\u00e9ho pek\u00e1\u010dku. Nech\u00e1me znova asi 15 minut kynout.<br \/>\nOh\u0159ejeme ml\u00e9ko roz\u0161leh\u00e1me v n\u011bm m\u00e1slo, cukr, vanilkov\u00fd cukr a nalijeme na buchti\u010dky. Pe\u010deme p\u0159i 185 st. asi 30 minut. Po upe\u010den\u00ed pot\u0159eme m\u00e1slem s rumem a sypeme cukrem.<\/p>\n<p style=\"text-align: justify;\"><strong>P\u0159ipravuje: Lucie KOHOUTOV\u00c1<\/strong><\/p>\n<div id='gallery-1' class='gallery galleryid-72043 gallery-columns-3 gallery-size-medium'><figure class='gallery-item'>\n\t\t\t<div class='gallery-icon landscape'>\n\t\t\t\t<a href='https:\/\/zakrasnejsivimperk.cz\/?attachment_id=72044'><img loading=\"lazy\" decoding=\"async\" width=\"300\" height=\"225\" src=\"https:\/\/zakrasnejsivimperk.cz\/wp-content\/uploads\/2016\/08\/18\/buchti\u010dky-1-300x225.jpg\" class=\"attachment-medium size-medium\" alt=\"\" srcset=\"https:\/\/zakrasnejsivimperk.cz\/wp-content\/uploads\/2016\/08\/18\/buchti\u010dky-1-300x225.jpg 300w, https:\/\/zakrasnejsivimperk.cz\/wp-content\/uploads\/2016\/08\/18\/buchti\u010dky-1-476x357.jpg 476w, https:\/\/zakrasnejsivimperk.cz\/wp-content\/uploads\/2016\/08\/18\/buchti\u010dky-1-644x483.jpg 644w, https:\/\/zakrasnejsivimperk.cz\/wp-content\/uploads\/2016\/08\/18\/buchti\u010dky-1.jpg 960w\" sizes=\"(max-width: 300px) 100vw, 300px\" \/><\/a>\n\t\t\t<\/div><\/figure><figure class='gallery-item'>\n\t\t\t<div class='gallery-icon landscape'>\n\t\t\t\t<a href='https:\/\/zakrasnejsivimperk.cz\/?attachment_id=72045'><img loading=\"lazy\" decoding=\"async\" width=\"300\" height=\"225\" src=\"https:\/\/zakrasnejsivimperk.cz\/wp-content\/uploads\/2016\/08\/18\/buchti\u010dky-2-300x225.jpg\" class=\"attachment-medium size-medium\" alt=\"\" srcset=\"https:\/\/zakrasnejsivimperk.cz\/wp-content\/uploads\/2016\/08\/18\/buchti\u010dky-2-300x225.jpg 300w, https:\/\/zakrasnejsivimperk.cz\/wp-content\/uploads\/2016\/08\/18\/buchti\u010dky-2-476x357.jpg 476w, https:\/\/zakrasnejsivimperk.cz\/wp-content\/uploads\/2016\/08\/18\/buchti\u010dky-2-644x483.jpg 644w, https:\/\/zakrasnejsivimperk.cz\/wp-content\/uploads\/2016\/08\/18\/buchti\u010dky-2.jpg 960w\" sizes=\"(max-width: 300px) 100vw, 300px\" \/><\/a>\n\t\t\t<\/div><\/figure><figure class='gallery-item'>\n\t\t\t<div class='gallery-icon landscape'>\n\t\t\t\t<a href='https:\/\/zakrasnejsivimperk.cz\/?attachment_id=72046'><img loading=\"lazy\" decoding=\"async\" width=\"300\" height=\"225\" src=\"https:\/\/zakrasnejsivimperk.cz\/wp-content\/uploads\/2016\/08\/18\/buchti\u010dky-3-300x225.jpg\" class=\"attachment-medium size-medium\" alt=\"\" srcset=\"https:\/\/zakrasnejsivimperk.cz\/wp-content\/uploads\/2016\/08\/18\/buchti\u010dky-3-300x225.jpg 300w, https:\/\/zakrasnejsivimperk.cz\/wp-content\/uploads\/2016\/08\/18\/buchti\u010dky-3-476x357.jpg 476w, https:\/\/zakrasnejsivimperk.cz\/wp-content\/uploads\/2016\/08\/18\/buchti\u010dky-3-644x483.jpg 644w, https:\/\/zakrasnejsivimperk.cz\/wp-content\/uploads\/2016\/08\/18\/buchti\u010dky-3.jpg 960w\" sizes=\"(max-width: 300px) 100vw, 300px\" \/><\/a>\n\t\t\t<\/div><\/figure><figure class='gallery-item'>\n\t\t\t<div class='gallery-icon landscape'>\n\t\t\t\t<a href='https:\/\/zakrasnejsivimperk.cz\/?attachment_id=72047'><img loading=\"lazy\" decoding=\"async\" width=\"300\" height=\"225\" src=\"https:\/\/zakrasnejsivimperk.cz\/wp-content\/uploads\/2016\/08\/18\/buchti\u010dky-4-300x225.jpg\" class=\"attachment-medium size-medium\" alt=\"\" srcset=\"https:\/\/zakrasnejsivimperk.cz\/wp-content\/uploads\/2016\/08\/18\/buchti\u010dky-4-300x225.jpg 300w, https:\/\/zakrasnejsivimperk.cz\/wp-content\/uploads\/2016\/08\/18\/buchti\u010dky-4-476x357.jpg 476w, https:\/\/zakrasnejsivimperk.cz\/wp-content\/uploads\/2016\/08\/18\/buchti\u010dky-4-644x483.jpg 644w, https:\/\/zakrasnejsivimperk.cz\/wp-content\/uploads\/2016\/08\/18\/buchti\u010dky-4.jpg 960w\" sizes=\"(max-width: 300px) 100vw, 300px\" \/><\/a>\n\t\t\t<\/div><\/figure><figure class='gallery-item'>\n\t\t\t<div class='gallery-icon landscape'>\n\t\t\t\t<a href='https:\/\/zakrasnejsivimperk.cz\/?attachment_id=72048'><img loading=\"lazy\" decoding=\"async\" width=\"300\" height=\"225\" src=\"https:\/\/zakrasnejsivimperk.cz\/wp-content\/uploads\/2016\/08\/18\/buchti\u010dky-5-300x225.jpg\" class=\"attachment-medium size-medium\" alt=\"\" srcset=\"https:\/\/zakrasnejsivimperk.cz\/wp-content\/uploads\/2016\/08\/18\/buchti\u010dky-5-300x225.jpg 300w, https:\/\/zakrasnejsivimperk.cz\/wp-content\/uploads\/2016\/08\/18\/buchti\u010dky-5-476x357.jpg 476w, https:\/\/zakrasnejsivimperk.cz\/wp-content\/uploads\/2016\/08\/18\/buchti\u010dky-5-644x483.jpg 644w, https:\/\/zakrasnejsivimperk.cz\/wp-content\/uploads\/2016\/08\/18\/buchti\u010dky-5.jpg 960w\" sizes=\"(max-width: 300px) 100vw, 300px\" \/><\/a>\n\t\t\t<\/div><\/figure>\n\t\t<\/div>\n\n<\/div>\n","protected":false},"excerpt":{"rendered":"<p>BUCHTI\u010cKY (recept <\/p>\n","protected":false},"author":2,"featured_media":72048,"comment_status":"open","ping_status":"open","sticky":false,"template":"","format":"gallery","meta":{"footnotes":""},"categories":[34],"tags":[],"jetpack_featured_media_url":"https:\/\/zakrasnejsivimperk.cz\/wp-content\/uploads\/2016\/08\/18\/buchti\u010dky-5.jpg","_links":{"self":[{"href":"https:\/\/zakrasnejsivimperk.cz\/index.php?rest_route=\/wp\/v2\/posts\/72043"}],"collection":[{"href":"https:\/\/zakrasnejsivimperk.cz\/index.php?rest_route=\/wp\/v2\/posts"}],"about":[{"href":"https:\/\/zakrasnejsivimperk.cz\/index.php?rest_route=\/wp\/v2\/types\/post"}],"author":[{"embeddable":true,"href":"https:\/\/zakrasnejsivimperk.cz\/index.php?rest_route=\/wp\/v2\/users\/2"}],"replies":[{"embeddable":true,"href":"https:\/\/zakrasnejsivimperk.cz\/index.php?rest_route=%2Fwp%2Fv2%2Fcomments&post=72043"}],"version-history":[{"count":4,"href":"https:\/\/zakrasnejsivimperk.cz\/index.php?rest_route=\/wp\/v2\/posts\/72043\/revisions"}],"predecessor-version":[{"id":72052,"href":"https:\/\/zakrasnejsivimperk.cz\/index.php?rest_route=\/wp\/v2\/posts\/72043\/revisions\/72052"}],"wp:featuredmedia":[{"embeddable":true,"href":"https:\/\/zakrasnejsivimperk.cz\/index.php?rest_route=\/wp\/v2\/media\/72048"}],"wp:attachment":[{"href":"https:\/\/zakrasnejsivimperk.cz\/index.php?rest_route=%2Fwp%2Fv2%2Fmedia&parent=72043"}],"wp:term":[{"taxonomy":"category","embeddable":true,"href":"https:\/\/zakrasnejsivimperk.cz\/index.php?rest_route=%2Fwp%2Fv2%2Fcategories&post=72043"},{"taxonomy":"post_tag","embeddable":true,"href":"https:\/\/zakrasnejsivimperk.cz\/index.php?rest_route=%2Fwp%2Fv2%2Ftags&post=72043"}],"curies":[{"name":"wp","href":"https:\/\/api.w.org\/{rel}","templated":true}]}}