{"id":63638,"date":"2016-06-08T07:39:50","date_gmt":"2016-06-08T06:39:50","guid":{"rendered":"http:\/\/zakrasnejsivimperk.cz\/?p=63638"},"modified":"2016-06-08T08:05:45","modified_gmt":"2016-06-08T07:05:45","slug":"stachy-letos-si-pospisily-v-parciku-na-mistnim-namesti-uz-vyrostly-prvni-hriby-kolodeje","status":"publish","type":"post","link":"https:\/\/zakrasnejsivimperk.cz\/?p=63638","title":{"rendered":"STACHY: Letos na sebe nedaly dlouho \u010dekat. V par\u010d\u00edku na n\u00e1m\u011bst\u00ed u\u017e vyrostly prvn\u00ed h\u0159iby kolod\u011bje"},"content":{"rendered":"<h6>Foto: (FB) &#8211; Obec Stachy, 8. \u010dervna<\/h6>\n<p><a href=\"http:\/\/zakrasnejsivimperk.cz\/wp-content\/uploads\/2016\/06\/08\/houby-stachy.jpg\"><br \/>\n<\/a><img decoding=\"async\" class=\"aligncenter\" src=\"http:\/\/zakrasnejsivimperk.cz\/wp-content\/uploads\/2016\/06\/08\/houby-stachy.jpg\" alt=\"\" \/><\/p>\n<p><img decoding=\"async\" class=\"aligncenter\" src=\"http:\/\/zakrasnejsivimperk.cz\/wp-content\/uploads\/2016\/06\/08\/houby-stachy2.jpg\" alt=\"\" \/><\/p>\n<p>&nbsp;<\/p>\n<p>&nbsp;<\/p>\n<p>&nbsp;<\/p>\n","protected":false},"excerpt":{"rendered":"<p>Foto: (FB) <\/p>\n","protected":false},"author":2,"featured_media":63639,"comment_status":"open","ping_status":"open","sticky":false,"template":"","format":"gallery","meta":{"footnotes":""},"categories":[23],"tags":[],"jetpack_featured_media_url":"https:\/\/zakrasnejsivimperk.cz\/wp-content\/uploads\/2016\/06\/08\/houby-stachy.jpg","_links":{"self":[{"href":"https:\/\/zakrasnejsivimperk.cz\/index.php?rest_route=\/wp\/v2\/posts\/63638"}],"collection":[{"href":"https:\/\/zakrasnejsivimperk.cz\/index.php?rest_route=\/wp\/v2\/posts"}],"about":[{"href":"https:\/\/zakrasnejsivimperk.cz\/index.php?rest_route=\/wp\/v2\/types\/post"}],"author":[{"embeddable":true,"href":"https:\/\/zakrasnejsivimperk.cz\/index.php?rest_route=\/wp\/v2\/users\/2"}],"replies":[{"embeddable":true,"href":"https:\/\/zakrasnejsivimperk.cz\/index.php?rest_route=%2Fwp%2Fv2%2Fcomments&post=63638"}],"version-history":[{"count":6,"href":"https:\/\/zakrasnejsivimperk.cz\/index.php?rest_route=\/wp\/v2\/posts\/63638\/revisions"}],"predecessor-version":[{"id":63652,"href":"https:\/\/zakrasnejsivimperk.cz\/index.php?rest_route=\/wp\/v2\/posts\/63638\/revisions\/63652"}],"wp:featuredmedia":[{"embeddable":true,"href":"https:\/\/zakrasnejsivimperk.cz\/index.php?rest_route=\/wp\/v2\/media\/63639"}],"wp:attachment":[{"href":"https:\/\/zakrasnejsivimperk.cz\/index.php?rest_route=%2Fwp%2Fv2%2Fmedia&parent=63638"}],"wp:term":[{"taxonomy":"category","embeddable":true,"href":"https:\/\/zakrasnejsivimperk.cz\/index.php?rest_route=%2Fwp%2Fv2%2Fcategories&post=63638"},{"taxonomy":"post_tag","embeddable":true,"href":"https:\/\/zakrasnejsivimperk.cz\/index.php?rest_route=%2Fwp%2Fv2%2Ftags&post=63638"}],"curies":[{"name":"wp","href":"https:\/\/api.w.org\/{rel}","templated":true}]}}