{"id":4439,"date":"2014-12-23T22:16:35","date_gmt":"2014-12-23T21:16:35","guid":{"rendered":"http:\/\/zakrasnejsivimperk.cz\/?p=4439"},"modified":"2014-12-23T22:20:49","modified_gmt":"2014-12-23T21:20:49","slug":"obrazem","status":"publish","type":"post","link":"https:\/\/zakrasnejsivimperk.cz\/?p=4439","title":{"rendered":"BUK POD BOUB\u00cdNEM: Zaj\u00edmav\u00e9 \u00fakazy na obloze. \u017de by to bylo UFO cestou na Boub\u00edn?"},"content":{"rendered":"<p><strong>Foto: Zden\u011bk MR\u00c1Z, Buk pod Boub\u00ednem 23. prosince 2014<\/strong><\/p>\n<div id='gallery-1' class='gallery galleryid-4439 gallery-columns-3 gallery-size-medium'><figure class='gallery-item'>\n\t\t\t<div class='gallery-icon landscape'>\n\t\t\t\t<a href='https:\/\/zakrasnejsivimperk.cz\/?attachment_id=4441'><img loading=\"lazy\" decoding=\"async\" width=\"300\" height=\"199\" src=\"https:\/\/zakrasnejsivimperk.cz\/wp-content\/uploads\/2014\/12\/UFO-nad-Bukems-300x199.jpg\" class=\"attachment-medium size-medium\" alt=\"\" srcset=\"https:\/\/zakrasnejsivimperk.cz\/wp-content\/uploads\/2014\/12\/UFO-nad-Bukems-300x199.jpg 300w, https:\/\/zakrasnejsivimperk.cz\/wp-content\/uploads\/2014\/12\/UFO-nad-Bukems-100x65.jpg 100w, https:\/\/zakrasnejsivimperk.cz\/wp-content\/uploads\/2014\/12\/UFO-nad-Bukems-535x357.jpg 535w, https:\/\/zakrasnejsivimperk.cz\/wp-content\/uploads\/2014\/12\/UFO-nad-Bukems-724x483.jpg 724w, https:\/\/zakrasnejsivimperk.cz\/wp-content\/uploads\/2014\/12\/UFO-nad-Bukems-570x380.jpg 570w, https:\/\/zakrasnejsivimperk.cz\/wp-content\/uploads\/2014\/12\/UFO-nad-Bukems-375x250.jpg 375w, https:\/\/zakrasnejsivimperk.cz\/wp-content\/uploads\/2014\/12\/UFO-nad-Bukems-276x184.jpg 276w, https:\/\/zakrasnejsivimperk.cz\/wp-content\/uploads\/2014\/12\/UFO-nad-Bukems-180x120.jpg 180w, https:\/\/zakrasnejsivimperk.cz\/wp-content\/uploads\/2014\/12\/UFO-nad-Bukems-480x320.jpg 480w, https:\/\/zakrasnejsivimperk.cz\/wp-content\/uploads\/2014\/12\/UFO-nad-Bukems.jpg 800w\" sizes=\"(max-width: 300px) 100vw, 300px\" \/><\/a>\n\t\t\t<\/div><\/figure><figure class='gallery-item'>\n\t\t\t<div class='gallery-icon landscape'>\n\t\t\t\t<a href='https:\/\/zakrasnejsivimperk.cz\/?attachment_id=4440'><img loading=\"lazy\" decoding=\"async\" width=\"300\" height=\"199\" src=\"https:\/\/zakrasnejsivimperk.cz\/wp-content\/uploads\/2014\/12\/UFO-nad-Bukem-300x199.jpg\" class=\"attachment-medium size-medium\" alt=\"\" srcset=\"https:\/\/zakrasnejsivimperk.cz\/wp-content\/uploads\/2014\/12\/UFO-nad-Bukem-300x199.jpg 300w, https:\/\/zakrasnejsivimperk.cz\/wp-content\/uploads\/2014\/12\/UFO-nad-Bukem-100x65.jpg 100w, https:\/\/zakrasnejsivimperk.cz\/wp-content\/uploads\/2014\/12\/UFO-nad-Bukem-535x357.jpg 535w, https:\/\/zakrasnejsivimperk.cz\/wp-content\/uploads\/2014\/12\/UFO-nad-Bukem-724x483.jpg 724w, https:\/\/zakrasnejsivimperk.cz\/wp-content\/uploads\/2014\/12\/UFO-nad-Bukem-570x380.jpg 570w, https:\/\/zakrasnejsivimperk.cz\/wp-content\/uploads\/2014\/12\/UFO-nad-Bukem-375x250.jpg 375w, https:\/\/zakrasnejsivimperk.cz\/wp-content\/uploads\/2014\/12\/UFO-nad-Bukem-276x184.jpg 276w, https:\/\/zakrasnejsivimperk.cz\/wp-content\/uploads\/2014\/12\/UFO-nad-Bukem-180x120.jpg 180w, https:\/\/zakrasnejsivimperk.cz\/wp-content\/uploads\/2014\/12\/UFO-nad-Bukem-480x320.jpg 480w, https:\/\/zakrasnejsivimperk.cz\/wp-content\/uploads\/2014\/12\/UFO-nad-Bukem.jpg 800w\" sizes=\"(max-width: 300px) 100vw, 300px\" \/><\/a>\n\t\t\t<\/div><\/figure>\n\t\t<\/div>\n\n<p>&nbsp;<\/p>\n","protected":false},"excerpt":{"rendered":"<p>Foto: Zden\u011bk <\/p>\n","protected":false},"author":2,"featured_media":4440,"comment_status":"open","ping_status":"open","sticky":false,"template":"","format":"gallery","meta":{"footnotes":""},"categories":[1],"tags":[],"jetpack_featured_media_url":"https:\/\/zakrasnejsivimperk.cz\/wp-content\/uploads\/2014\/12\/UFO-nad-Bukem.jpg","_links":{"self":[{"href":"https:\/\/zakrasnejsivimperk.cz\/index.php?rest_route=\/wp\/v2\/posts\/4439"}],"collection":[{"href":"https:\/\/zakrasnejsivimperk.cz\/index.php?rest_route=\/wp\/v2\/posts"}],"about":[{"href":"https:\/\/zakrasnejsivimperk.cz\/index.php?rest_route=\/wp\/v2\/types\/post"}],"author":[{"embeddable":true,"href":"https:\/\/zakrasnejsivimperk.cz\/index.php?rest_route=\/wp\/v2\/users\/2"}],"replies":[{"embeddable":true,"href":"https:\/\/zakrasnejsivimperk.cz\/index.php?rest_route=%2Fwp%2Fv2%2Fcomments&post=4439"}],"version-history":[{"count":4,"href":"https:\/\/zakrasnejsivimperk.cz\/index.php?rest_route=\/wp\/v2\/posts\/4439\/revisions"}],"predecessor-version":[{"id":4445,"href":"https:\/\/zakrasnejsivimperk.cz\/index.php?rest_route=\/wp\/v2\/posts\/4439\/revisions\/4445"}],"wp:featuredmedia":[{"embeddable":true,"href":"https:\/\/zakrasnejsivimperk.cz\/index.php?rest_route=\/wp\/v2\/media\/4440"}],"wp:attachment":[{"href":"https:\/\/zakrasnejsivimperk.cz\/index.php?rest_route=%2Fwp%2Fv2%2Fmedia&parent=4439"}],"wp:term":[{"taxonomy":"category","embeddable":true,"href":"https:\/\/zakrasnejsivimperk.cz\/index.php?rest_route=%2Fwp%2Fv2%2Fcategories&post=4439"},{"taxonomy":"post_tag","embeddable":true,"href":"https:\/\/zakrasnejsivimperk.cz\/index.php?rest_route=%2Fwp%2Fv2%2Ftags&post=4439"}],"curies":[{"name":"wp","href":"https:\/\/api.w.org\/{rel}","templated":true}]}}