{"id":43763,"date":"2016-01-20T10:35:38","date_gmt":"2016-01-20T09:35:38","guid":{"rendered":"http:\/\/zakrasnejsivimperk.cz\/?p=43763"},"modified":"2016-01-20T10:38:15","modified_gmt":"2016-01-20T09:38:15","slug":"ctenari-v-kuchyni-univerzalni-zavin-z-listoveho-testa-ovoce-tvarohu-a-cukrarskych-piskotu","status":"publish","type":"post","link":"https:\/\/zakrasnejsivimperk.cz\/?p=43763","title":{"rendered":"\u010cTEN\u00c1\u0158I V KUCHYNI: Z\u00e1vin z listov\u00e9ho t\u011bsta, ovoce, tvarohu a cukr\u00e1\u0159sk\u00fdch pi\u0161kot\u016f od V\u011bry Bu\u0148atov\u00e9"},"content":{"rendered":"<p style=\"text-align: justify;\"><strong>P\u0159edkl\u00e1d\u00e1m recept na univerz\u00e1ln\u00ed z\u00e1vin z listov\u00e9ho t\u011bsta, ovoce, tvarohu a cukr\u00e1\u0159sk\u00fdch pi\u0161kot\u016f:<\/strong> rozv\u00e1l\u00edme koupen\u00e9 t\u011bsto, na st\u0159ed polo\u017e\u00edme cukr\u00e1\u0159sk\u00e9 pi\u0161koty, kolem ovoce podle vlastn\u00edho v\u00fdb\u011bru a povrch zalijeme tvarohem rozm\u00edchan\u00fdm s vaj\u00ed\u010dkem nebo pudinkov\u00fdm pr\u00e1\u0161kem a cukrem. Pot\u00e9 p\u0159elo\u017e\u00edme, pot\u0159eme vaj\u00ed\u010dkem a upe\u010deme. Ovoce lze pou\u017e\u00edt i okapan\u00e9 z kompotu, jablka dochutit sko\u0159ic\u00ed, tvaroh rumem nebo vanilkou &#8211; prost\u011b podle chuti nebo z\u00e1sob. Nikdy nezklamala jak\u00e1koliv kombinace.<\/p>\n<p style=\"text-align: justify;\"><strong>Text a foto: V\u011bra BU\u0147ATOV\u00c1, \u017dirovnice<\/strong><\/p>\n<div id='gallery-1' class='gallery galleryid-43763 gallery-columns-3 gallery-size-medium'><figure class='gallery-item'>\n\t\t\t<div class='gallery-icon landscape'>\n\t\t\t\t<a href='https:\/\/zakrasnejsivimperk.cz\/?attachment_id=43764'><img loading=\"lazy\" decoding=\"async\" width=\"300\" height=\"225\" src=\"https:\/\/zakrasnejsivimperk.cz\/wp-content\/uploads\/2016\/01\/19\/zavin-1-300x225.jpg\" class=\"attachment-medium size-medium\" alt=\"\" aria-describedby=\"gallery-1-43764\" srcset=\"https:\/\/zakrasnejsivimperk.cz\/wp-content\/uploads\/2016\/01\/19\/zavin-1-300x225.jpg 300w, https:\/\/zakrasnejsivimperk.cz\/wp-content\/uploads\/2016\/01\/19\/zavin-1-1024x768.jpg 1024w, https:\/\/zakrasnejsivimperk.cz\/wp-content\/uploads\/2016\/01\/19\/zavin-1-476x357.jpg 476w, https:\/\/zakrasnejsivimperk.cz\/wp-content\/uploads\/2016\/01\/19\/zavin-1-644x483.jpg 644w, https:\/\/zakrasnejsivimperk.cz\/wp-content\/uploads\/2016\/01\/19\/zavin-1.jpg 2048w\" sizes=\"(max-width: 300px) 100vw, 300px\" \/><\/a>\n\t\t\t<\/div>\n\t\t\t\t<figcaption class='wp-caption-text gallery-caption' id='gallery-1-43764'>\n\t\t\t\tKompotovan\u00e9 \u0161vestky\n\t\t\t\t<\/figcaption><\/figure><figure class='gallery-item'>\n\t\t\t<div class='gallery-icon landscape'>\n\t\t\t\t<a href='https:\/\/zakrasnejsivimperk.cz\/?attachment_id=43765'><img loading=\"lazy\" decoding=\"async\" width=\"300\" height=\"225\" src=\"https:\/\/zakrasnejsivimperk.cz\/wp-content\/uploads\/2016\/01\/19\/zavin-2-300x225.jpg\" class=\"attachment-medium size-medium\" alt=\"\" aria-describedby=\"gallery-1-43765\" srcset=\"https:\/\/zakrasnejsivimperk.cz\/wp-content\/uploads\/2016\/01\/19\/zavin-2-300x225.jpg 300w, https:\/\/zakrasnejsivimperk.cz\/wp-content\/uploads\/2016\/01\/19\/zavin-2-476x357.jpg 476w, https:\/\/zakrasnejsivimperk.cz\/wp-content\/uploads\/2016\/01\/19\/zavin-2-644x483.jpg 644w, https:\/\/zakrasnejsivimperk.cz\/wp-content\/uploads\/2016\/01\/19\/zavin-2.jpg 960w\" sizes=\"(max-width: 300px) 100vw, 300px\" \/><\/a>\n\t\t\t<\/div>\n\t\t\t\t<figcaption class='wp-caption-text gallery-caption' id='gallery-1-43765'>\n\t\t\t\tDal\u0161\u00ed varianta &#8211; jablka, jahody a navrch tvaroh.\n\t\t\t\t<\/figcaption><\/figure><figure class='gallery-item'>\n\t\t\t<div class='gallery-icon landscape'>\n\t\t\t\t<a href='https:\/\/zakrasnejsivimperk.cz\/?attachment_id=43766'><img loading=\"lazy\" decoding=\"async\" width=\"300\" height=\"225\" src=\"https:\/\/zakrasnejsivimperk.cz\/wp-content\/uploads\/2016\/01\/19\/zavin-3-300x225.jpg\" class=\"attachment-medium size-medium\" alt=\"\" aria-describedby=\"gallery-1-43766\" srcset=\"https:\/\/zakrasnejsivimperk.cz\/wp-content\/uploads\/2016\/01\/19\/zavin-3-300x225.jpg 300w, https:\/\/zakrasnejsivimperk.cz\/wp-content\/uploads\/2016\/01\/19\/zavin-3-476x357.jpg 476w, https:\/\/zakrasnejsivimperk.cz\/wp-content\/uploads\/2016\/01\/19\/zavin-3-644x483.jpg 644w, https:\/\/zakrasnejsivimperk.cz\/wp-content\/uploads\/2016\/01\/19\/zavin-3.jpg 960w\" sizes=\"(max-width: 300px) 100vw, 300px\" \/><\/a>\n\t\t\t<\/div>\n\t\t\t\t<figcaption class='wp-caption-text gallery-caption' id='gallery-1-43766'>\n\t\t\t\tV\u0161e sladit cukrem podle chuti str\u00e1vn\u00edk\u016f.\n\t\t\t\t<\/figcaption><\/figure><figure class='gallery-item'>\n\t\t\t<div class='gallery-icon landscape'>\n\t\t\t\t<a href='https:\/\/zakrasnejsivimperk.cz\/?attachment_id=43768'><img loading=\"lazy\" decoding=\"async\" width=\"300\" height=\"225\" src=\"https:\/\/zakrasnejsivimperk.cz\/wp-content\/uploads\/2016\/01\/19\/zavinn-300x225.jpg\" class=\"attachment-medium size-medium\" alt=\"\" srcset=\"https:\/\/zakrasnejsivimperk.cz\/wp-content\/uploads\/2016\/01\/19\/zavinn-300x225.jpg 300w, https:\/\/zakrasnejsivimperk.cz\/wp-content\/uploads\/2016\/01\/19\/zavinn-476x357.jpg 476w, https:\/\/zakrasnejsivimperk.cz\/wp-content\/uploads\/2016\/01\/19\/zavinn.jpg 640w\" sizes=\"(max-width: 300px) 100vw, 300px\" \/><\/a>\n\t\t\t<\/div><\/figure>\n\t\t<\/div>\n\n","protected":false},"excerpt":{"rendered":"<p>P\u0159edkl\u00e1d\u00e1m recept <\/p>\n","protected":false},"author":2,"featured_media":43768,"comment_status":"open","ping_status":"open","sticky":false,"template":"","format":"gallery","meta":{"footnotes":""},"categories":[34],"tags":[],"jetpack_featured_media_url":"https:\/\/zakrasnejsivimperk.cz\/wp-content\/uploads\/2016\/01\/19\/zavinn.jpg","_links":{"self":[{"href":"https:\/\/zakrasnejsivimperk.cz\/index.php?rest_route=\/wp\/v2\/posts\/43763"}],"collection":[{"href":"https:\/\/zakrasnejsivimperk.cz\/index.php?rest_route=\/wp\/v2\/posts"}],"about":[{"href":"https:\/\/zakrasnejsivimperk.cz\/index.php?rest_route=\/wp\/v2\/types\/post"}],"author":[{"embeddable":true,"href":"https:\/\/zakrasnejsivimperk.cz\/index.php?rest_route=\/wp\/v2\/users\/2"}],"replies":[{"embeddable":true,"href":"https:\/\/zakrasnejsivimperk.cz\/index.php?rest_route=%2Fwp%2Fv2%2Fcomments&post=43763"}],"version-history":[{"count":7,"href":"https:\/\/zakrasnejsivimperk.cz\/index.php?rest_route=\/wp\/v2\/posts\/43763\/revisions"}],"predecessor-version":[{"id":43789,"href":"https:\/\/zakrasnejsivimperk.cz\/index.php?rest_route=\/wp\/v2\/posts\/43763\/revisions\/43789"}],"wp:featuredmedia":[{"embeddable":true,"href":"https:\/\/zakrasnejsivimperk.cz\/index.php?rest_route=\/wp\/v2\/media\/43768"}],"wp:attachment":[{"href":"https:\/\/zakrasnejsivimperk.cz\/index.php?rest_route=%2Fwp%2Fv2%2Fmedia&parent=43763"}],"wp:term":[{"taxonomy":"category","embeddable":true,"href":"https:\/\/zakrasnejsivimperk.cz\/index.php?rest_route=%2Fwp%2Fv2%2Fcategories&post=43763"},{"taxonomy":"post_tag","embeddable":true,"href":"https:\/\/zakrasnejsivimperk.cz\/index.php?rest_route=%2Fwp%2Fv2%2Ftags&post=43763"}],"curies":[{"name":"wp","href":"https:\/\/api.w.org\/{rel}","templated":true}]}}