{"id":43191,"date":"2016-01-15T08:28:37","date_gmt":"2016-01-15T07:28:37","guid":{"rendered":"http:\/\/zakrasnejsivimperk.cz\/?p=43191"},"modified":"2016-01-19T23:22:01","modified_gmt":"2016-01-19T22:22:01","slug":"vari-ctenari-pripravte-rodine-k-obedu-nebo-veceri-zelvy-podle-receptu-very-bunatove","status":"publish","type":"post","link":"https:\/\/zakrasnejsivimperk.cz\/?p=43191","title":{"rendered":"\u010cTEN\u00c1\u0158I V KUCHYNI: P\u0159ipravte rodin\u011b k ob\u011bdu nebo ve\u010de\u0159i \u017eelvy podle receptu V\u011bry Bu\u0148atov\u00e9 ze \u017dirovnice"},"content":{"rendered":"<p style=\"text-align: justify;\">Pokud najdete v lednici krom\u011b masa na sekanou i n\u011bjakou no\u017ei\u010dku p\u00e1rku a pl\u00e1tkov\u00fd s\u00fdr k tomu a m\u00e1te chu\u0165 si trochu pohr\u00e1t, p\u0159ipravte rodin\u011b k ob\u011bdu nebo ve\u010de\u0159i \u017eelvy. Je to vcelku jednoduch\u00e9. Vytvo\u0159te z hmoty na klasickou sekanou koule velikosti p\u011bsti, p\u00e1rky na\u0159e\u017ete cca na 5-6 cm kousky, pl\u00e1tek eidamu v\u017edy na 6 prou\u017ek\u016f a za\u010dn\u011bte si hr\u00e1t. Na no\u017ei\u010dky sta\u010d\u00ed kousek roz\u0159\u00edznout na plocho, hlavi\u010dku na\u0159\u00edznout a o\u010di z h\u0159eb\u00ed\u010dk\u016f. Po zhruba p\u016fl hodin\u011b pe\u010den\u00ed nech\u00e1me venku trochu zchladnout (aby se s\u00fdr nelepil) a tvo\u0159\u00edme krun\u00fd\u0159. Dope\u010deme do roztopen\u00ed s\u00fdru. Takhle si i d\u016fchodci mohou dop\u0159\u00e1t k ob\u011bdu \u017eelvu a ani d\u011bti ur\u010dit\u011b takovou sekanou neodm\u00edtnou. Dobrou chu\u0165!<\/p>\n<p style=\"text-align: justify;\"><strong>P\u0159ipravila: V\u011bra BU\u0147ATOV\u00c1, \u017dirovnice<\/strong><\/p>\n<div id='gallery-1' class='gallery galleryid-43191 gallery-columns-3 gallery-size-medium'><figure class='gallery-item'>\n\t\t\t<div class='gallery-icon landscape'>\n\t\t\t\t<a href='https:\/\/zakrasnejsivimperk.cz\/?attachment_id=43194'><img loading=\"lazy\" decoding=\"async\" width=\"300\" height=\"194\" src=\"https:\/\/zakrasnejsivimperk.cz\/wp-content\/uploads\/2016\/01\/15\/\u017eelvi\u010dky-5-300x194.jpg\" class=\"attachment-medium size-medium\" alt=\"\" srcset=\"https:\/\/zakrasnejsivimperk.cz\/wp-content\/uploads\/2016\/01\/15\/\u017eelvi\u010dky-5-300x194.jpg 300w, https:\/\/zakrasnejsivimperk.cz\/wp-content\/uploads\/2016\/01\/15\/\u017eelvi\u010dky-5-100x65.jpg 100w, https:\/\/zakrasnejsivimperk.cz\/wp-content\/uploads\/2016\/01\/15\/\u017eelvi\u010dky-5-553x357.jpg 553w, https:\/\/zakrasnejsivimperk.cz\/wp-content\/uploads\/2016\/01\/15\/\u017eelvi\u010dky-5-749x483.jpg 749w, https:\/\/zakrasnejsivimperk.cz\/wp-content\/uploads\/2016\/01\/15\/\u017eelvi\u010dky-5-745x483.jpg 745w, https:\/\/zakrasnejsivimperk.cz\/wp-content\/uploads\/2016\/01\/15\/\u017eelvi\u010dky-5.jpg 800w\" sizes=\"(max-width: 300px) 100vw, 300px\" \/><\/a>\n\t\t\t<\/div><\/figure><figure class='gallery-item'>\n\t\t\t<div class='gallery-icon landscape'>\n\t\t\t\t<a href='https:\/\/zakrasnejsivimperk.cz\/?attachment_id=43195'><img loading=\"lazy\" decoding=\"async\" width=\"300\" height=\"189\" src=\"https:\/\/zakrasnejsivimperk.cz\/wp-content\/uploads\/2016\/01\/15\/\u017eelvi\u010dky-6-300x189.jpg\" class=\"attachment-medium size-medium\" alt=\"\" srcset=\"https:\/\/zakrasnejsivimperk.cz\/wp-content\/uploads\/2016\/01\/15\/\u017eelvi\u010dky-6-300x189.jpg 300w, https:\/\/zakrasnejsivimperk.cz\/wp-content\/uploads\/2016\/01\/15\/\u017eelvi\u010dky-6-566x357.jpg 566w, https:\/\/zakrasnejsivimperk.cz\/wp-content\/uploads\/2016\/01\/15\/\u017eelvi\u010dky-6-765x483.jpg 765w, https:\/\/zakrasnejsivimperk.cz\/wp-content\/uploads\/2016\/01\/15\/\u017eelvi\u010dky-6.jpg 800w\" sizes=\"(max-width: 300px) 100vw, 300px\" \/><\/a>\n\t\t\t<\/div><\/figure><figure class='gallery-item'>\n\t\t\t<div class='gallery-icon landscape'>\n\t\t\t\t<a href='https:\/\/zakrasnejsivimperk.cz\/?attachment_id=43193'><img loading=\"lazy\" decoding=\"async\" width=\"300\" height=\"179\" src=\"https:\/\/zakrasnejsivimperk.cz\/wp-content\/uploads\/2016\/01\/15\/\u017eelvi\u010dky-1-300x179.jpg\" class=\"attachment-medium size-medium\" alt=\"\" srcset=\"https:\/\/zakrasnejsivimperk.cz\/wp-content\/uploads\/2016\/01\/15\/\u017eelvi\u010dky-1-300x179.jpg 300w, https:\/\/zakrasnejsivimperk.cz\/wp-content\/uploads\/2016\/01\/15\/\u017eelvi\u010dky-1-600x357.jpg 600w, https:\/\/zakrasnejsivimperk.cz\/wp-content\/uploads\/2016\/01\/15\/\u017eelvi\u010dky-1.jpg 800w\" sizes=\"(max-width: 300px) 100vw, 300px\" \/><\/a>\n\t\t\t<\/div><\/figure><figure class='gallery-item'>\n\t\t\t<div class='gallery-icon landscape'>\n\t\t\t\t<a href='https:\/\/zakrasnejsivimperk.cz\/?attachment_id=43196'><img loading=\"lazy\" decoding=\"async\" width=\"300\" height=\"217\" src=\"https:\/\/zakrasnejsivimperk.cz\/wp-content\/uploads\/2016\/01\/15\/\u017eelvi\u010dky-7-300x217.jpg\" class=\"attachment-medium size-medium\" alt=\"\" srcset=\"https:\/\/zakrasnejsivimperk.cz\/wp-content\/uploads\/2016\/01\/15\/\u017eelvi\u010dky-7-300x217.jpg 300w, https:\/\/zakrasnejsivimperk.cz\/wp-content\/uploads\/2016\/01\/15\/\u017eelvi\u010dky-7-326x235.jpg 326w, https:\/\/zakrasnejsivimperk.cz\/wp-content\/uploads\/2016\/01\/15\/\u017eelvi\u010dky-7-494x357.jpg 494w, https:\/\/zakrasnejsivimperk.cz\/wp-content\/uploads\/2016\/01\/15\/\u017eelvi\u010dky-7-198x143.jpg 198w, https:\/\/zakrasnejsivimperk.cz\/wp-content\/uploads\/2016\/01\/15\/\u017eelvi\u010dky-7.jpg 663w\" sizes=\"(max-width: 300px) 100vw, 300px\" \/><\/a>\n\t\t\t<\/div><\/figure>\n\t\t<\/div>\n\n","protected":false},"excerpt":{"rendered":"<p>Pokud najdete <\/p>\n","protected":false},"author":2,"featured_media":43196,"comment_status":"open","ping_status":"open","sticky":false,"template":"","format":"gallery","meta":{"footnotes":""},"categories":[34],"tags":[],"jetpack_featured_media_url":"https:\/\/zakrasnejsivimperk.cz\/wp-content\/uploads\/2016\/01\/15\/\u017eelvi\u010dky-7.jpg","_links":{"self":[{"href":"https:\/\/zakrasnejsivimperk.cz\/index.php?rest_route=\/wp\/v2\/posts\/43191"}],"collection":[{"href":"https:\/\/zakrasnejsivimperk.cz\/index.php?rest_route=\/wp\/v2\/posts"}],"about":[{"href":"https:\/\/zakrasnejsivimperk.cz\/index.php?rest_route=\/wp\/v2\/types\/post"}],"author":[{"embeddable":true,"href":"https:\/\/zakrasnejsivimperk.cz\/index.php?rest_route=\/wp\/v2\/users\/2"}],"replies":[{"embeddable":true,"href":"https:\/\/zakrasnejsivimperk.cz\/index.php?rest_route=%2Fwp%2Fv2%2Fcomments&post=43191"}],"version-history":[{"count":5,"href":"https:\/\/zakrasnejsivimperk.cz\/index.php?rest_route=\/wp\/v2\/posts\/43191\/revisions"}],"predecessor-version":[{"id":43773,"href":"https:\/\/zakrasnejsivimperk.cz\/index.php?rest_route=\/wp\/v2\/posts\/43191\/revisions\/43773"}],"wp:featuredmedia":[{"embeddable":true,"href":"https:\/\/zakrasnejsivimperk.cz\/index.php?rest_route=\/wp\/v2\/media\/43196"}],"wp:attachment":[{"href":"https:\/\/zakrasnejsivimperk.cz\/index.php?rest_route=%2Fwp%2Fv2%2Fmedia&parent=43191"}],"wp:term":[{"taxonomy":"category","embeddable":true,"href":"https:\/\/zakrasnejsivimperk.cz\/index.php?rest_route=%2Fwp%2Fv2%2Fcategories&post=43191"},{"taxonomy":"post_tag","embeddable":true,"href":"https:\/\/zakrasnejsivimperk.cz\/index.php?rest_route=%2Fwp%2Fv2%2Ftags&post=43191"}],"curies":[{"name":"wp","href":"https:\/\/api.w.org\/{rel}","templated":true}]}}