{"id":42784,"date":"2016-01-10T21:09:25","date_gmt":"2016-01-10T20:09:25","guid":{"rendered":"http:\/\/zakrasnejsivimperk.cz\/?p=42784"},"modified":"2016-01-10T21:10:11","modified_gmt":"2016-01-10T20:10:11","slug":"recepty-ze-sumavske-vesnice-palacinkovy-nakyp-z-receptu-pro-hospodynky-z-roku-1935","status":"publish","type":"post","link":"https:\/\/zakrasnejsivimperk.cz\/?p=42784","title":{"rendered":"RECEPTY ZE \u0160UMAVSK\u00c9 VESNICE: Pala\u010dinkov\u00fd n\u00e1kyp podle Recept\u016f pro hospody\u0148ky z roku 1935"},"content":{"rendered":"<p><strong>Pala\u010dinkov\u00e9 t\u011bsto:<\/strong><br \/>\n2 \u017eloutky (b\u00edlky odlo\u017e\u00edme)<br \/>\n10 dkg pr\u00e1\u0161kov\u00e9ho cukru<br \/>\n20 dkg polohrub\u00e9 mouky<br \/>\n400 ml ml\u00e9ka (nebo v\u00edce, dle pot\u0159eby)<\/p>\n<p><strong>Vanilkov\u00e1 om\u00e1\u010dka:<\/strong><br \/>\n2 \u017eloutky (b\u00edlky p\u0159id\u00e1me k ostatn\u00edm)<br \/>\n2 l\u017ei\u010dky \u0161krobu<br \/>\n10 dkg cukru<br \/>\nvanilkov\u00fd lusk (vanilkov\u00fd cukr)<br \/>\n250-300 ml ml\u00e9ka<br \/>\nPokud chceme, m\u016f\u017eeme m\u00edsto \u0161krobu d\u00e1t 3 l\u017ei\u010dky vanilkov\u00e9ho pudinku.<br \/>\nPro dosp\u011bl\u00e9 lze p\u0159idat 2 l\u017ei\u010dky rumu<\/p>\n<p><strong>N\u00e1pl\u0148 pala\u010dinek:<\/strong><br \/>\n1 tvaroh<br \/>\n5 dkg cukru<br \/>\n8 kosti\u010dek kvalitn\u00ed \u010dokol\u00e1dy (nastrouhat)<br \/>\nM\u016f\u017eeme zase dle chuti nam\u00edchat s kysanou smetanou<\/p>\n<p style=\"text-align: justify;\">Zad\u011bl\u00e1me t\u011bsto na pala\u010dinky a pe\u010deme. Po vychladnut\u00ed napln\u00edme tvarohovou sm\u011bs\u00ed a naskl\u00e1d\u00e1me do n\u00e1kypov\u00e9 formy. P\u0159iprav\u00edme om\u00e1\u010dku. \u017dloutky ut\u0159eme s cukrem a \u0161krobem, p\u0159id\u00e1me vanilku a sm\u011bs d\u00e1me do tepl\u00e9ho ml\u00e9ka. Za st\u00e1l\u00e9ho m\u00edch\u00e1n\u00ed va\u0159\u00edme asi 2 minuty v bodu varu. Sm\u011bs nalijeme na pala\u010dinky. U\u0161leh\u00e1me sn\u00edh, do kter\u00e9ho jsme zapravili 1 l\u017e\u00edci pr\u00e1\u0161kov\u00e9ho cukru. Sn\u00edh navr\u0161\u00edme na kr\u00e9m. D\u00e1me zap\u00e9ct do trouby p\u0159i 190 st.do doby, ne\u017e sn\u00edh zezl\u00e1tne. Dobrou chu\u0165.<\/p>\n<p style=\"text-align: justify;\"><strong>P\u0159ipravuje: Lucie KOHOUTOV\u00c1<\/strong><\/p>\n<div id='gallery-1' class='gallery galleryid-42784 gallery-columns-3 gallery-size-medium'><figure class='gallery-item'>\n\t\t\t<div class='gallery-icon landscape'>\n\t\t\t\t<a href='https:\/\/zakrasnejsivimperk.cz\/?attachment_id=42786'><img loading=\"lazy\" decoding=\"async\" width=\"300\" height=\"225\" src=\"https:\/\/zakrasnejsivimperk.cz\/wp-content\/uploads\/2016\/01\/10\/pala\u010dinkovy-nakyp-1-300x225.jpg\" class=\"attachment-medium size-medium\" alt=\"\" srcset=\"https:\/\/zakrasnejsivimperk.cz\/wp-content\/uploads\/2016\/01\/10\/pala\u010dinkovy-nakyp-1-300x225.jpg 300w, https:\/\/zakrasnejsivimperk.cz\/wp-content\/uploads\/2016\/01\/10\/pala\u010dinkovy-nakyp-1-476x357.jpg 476w, https:\/\/zakrasnejsivimperk.cz\/wp-content\/uploads\/2016\/01\/10\/pala\u010dinkovy-nakyp-1-644x483.jpg 644w, https:\/\/zakrasnejsivimperk.cz\/wp-content\/uploads\/2016\/01\/10\/pala\u010dinkovy-nakyp-1.jpg 960w\" sizes=\"(max-width: 300px) 100vw, 300px\" \/><\/a>\n\t\t\t<\/div><\/figure><figure class='gallery-item'>\n\t\t\t<div class='gallery-icon landscape'>\n\t\t\t\t<a href='https:\/\/zakrasnejsivimperk.cz\/?attachment_id=42787'><img loading=\"lazy\" decoding=\"async\" width=\"300\" height=\"225\" src=\"https:\/\/zakrasnejsivimperk.cz\/wp-content\/uploads\/2016\/01\/10\/pala\u010dinkovy-nakyp-2-300x225.jpg\" class=\"attachment-medium size-medium\" alt=\"\" srcset=\"https:\/\/zakrasnejsivimperk.cz\/wp-content\/uploads\/2016\/01\/10\/pala\u010dinkovy-nakyp-2-300x225.jpg 300w, https:\/\/zakrasnejsivimperk.cz\/wp-content\/uploads\/2016\/01\/10\/pala\u010dinkovy-nakyp-2-476x357.jpg 476w, https:\/\/zakrasnejsivimperk.cz\/wp-content\/uploads\/2016\/01\/10\/pala\u010dinkovy-nakyp-2-644x483.jpg 644w, https:\/\/zakrasnejsivimperk.cz\/wp-content\/uploads\/2016\/01\/10\/pala\u010dinkovy-nakyp-2.jpg 960w\" sizes=\"(max-width: 300px) 100vw, 300px\" \/><\/a>\n\t\t\t<\/div><\/figure><figure class='gallery-item'>\n\t\t\t<div class='gallery-icon landscape'>\n\t\t\t\t<a href='https:\/\/zakrasnejsivimperk.cz\/?attachment_id=42788'><img loading=\"lazy\" decoding=\"async\" width=\"300\" height=\"225\" src=\"https:\/\/zakrasnejsivimperk.cz\/wp-content\/uploads\/2016\/01\/10\/pala\u010dinkovy-nakyp-3-300x225.jpg\" class=\"attachment-medium size-medium\" alt=\"\" srcset=\"https:\/\/zakrasnejsivimperk.cz\/wp-content\/uploads\/2016\/01\/10\/pala\u010dinkovy-nakyp-3-300x225.jpg 300w, https:\/\/zakrasnejsivimperk.cz\/wp-content\/uploads\/2016\/01\/10\/pala\u010dinkovy-nakyp-3-476x357.jpg 476w, https:\/\/zakrasnejsivimperk.cz\/wp-content\/uploads\/2016\/01\/10\/pala\u010dinkovy-nakyp-3-644x483.jpg 644w, https:\/\/zakrasnejsivimperk.cz\/wp-content\/uploads\/2016\/01\/10\/pala\u010dinkovy-nakyp-3.jpg 960w\" sizes=\"(max-width: 300px) 100vw, 300px\" \/><\/a>\n\t\t\t<\/div><\/figure><figure class='gallery-item'>\n\t\t\t<div class='gallery-icon landscape'>\n\t\t\t\t<a href='https:\/\/zakrasnejsivimperk.cz\/?attachment_id=42789'><img loading=\"lazy\" decoding=\"async\" width=\"300\" height=\"225\" src=\"https:\/\/zakrasnejsivimperk.cz\/wp-content\/uploads\/2016\/01\/10\/pala\u010dinkovy-nakyp-4-300x225.jpg\" class=\"attachment-medium size-medium\" alt=\"\" srcset=\"https:\/\/zakrasnejsivimperk.cz\/wp-content\/uploads\/2016\/01\/10\/pala\u010dinkovy-nakyp-4-300x225.jpg 300w, https:\/\/zakrasnejsivimperk.cz\/wp-content\/uploads\/2016\/01\/10\/pala\u010dinkovy-nakyp-4-476x357.jpg 476w, https:\/\/zakrasnejsivimperk.cz\/wp-content\/uploads\/2016\/01\/10\/pala\u010dinkovy-nakyp-4-644x483.jpg 644w, https:\/\/zakrasnejsivimperk.cz\/wp-content\/uploads\/2016\/01\/10\/pala\u010dinkovy-nakyp-4.jpg 960w\" sizes=\"(max-width: 300px) 100vw, 300px\" \/><\/a>\n\t\t\t<\/div><\/figure><figure class='gallery-item'>\n\t\t\t<div class='gallery-icon landscape'>\n\t\t\t\t<a href='https:\/\/zakrasnejsivimperk.cz\/?attachment_id=42790'><img loading=\"lazy\" decoding=\"async\" width=\"300\" height=\"225\" src=\"https:\/\/zakrasnejsivimperk.cz\/wp-content\/uploads\/2016\/01\/10\/pala\u010dinkovy-nakyp-5-300x225.jpg\" class=\"attachment-medium size-medium\" alt=\"\" srcset=\"https:\/\/zakrasnejsivimperk.cz\/wp-content\/uploads\/2016\/01\/10\/pala\u010dinkovy-nakyp-5-300x225.jpg 300w, https:\/\/zakrasnejsivimperk.cz\/wp-content\/uploads\/2016\/01\/10\/pala\u010dinkovy-nakyp-5-476x357.jpg 476w, https:\/\/zakrasnejsivimperk.cz\/wp-content\/uploads\/2016\/01\/10\/pala\u010dinkovy-nakyp-5-644x483.jpg 644w, https:\/\/zakrasnejsivimperk.cz\/wp-content\/uploads\/2016\/01\/10\/pala\u010dinkovy-nakyp-5.jpg 960w\" sizes=\"(max-width: 300px) 100vw, 300px\" \/><\/a>\n\t\t\t<\/div><\/figure><figure class='gallery-item'>\n\t\t\t<div class='gallery-icon landscape'>\n\t\t\t\t<a href='https:\/\/zakrasnejsivimperk.cz\/?attachment_id=42791'><img loading=\"lazy\" decoding=\"async\" width=\"300\" height=\"225\" src=\"https:\/\/zakrasnejsivimperk.cz\/wp-content\/uploads\/2016\/01\/10\/pala\u010dinkovy-nakyp-6-300x225.jpg\" class=\"attachment-medium size-medium\" alt=\"\" srcset=\"https:\/\/zakrasnejsivimperk.cz\/wp-content\/uploads\/2016\/01\/10\/pala\u010dinkovy-nakyp-6-300x225.jpg 300w, https:\/\/zakrasnejsivimperk.cz\/wp-content\/uploads\/2016\/01\/10\/pala\u010dinkovy-nakyp-6-476x357.jpg 476w, https:\/\/zakrasnejsivimperk.cz\/wp-content\/uploads\/2016\/01\/10\/pala\u010dinkovy-nakyp-6-644x483.jpg 644w, https:\/\/zakrasnejsivimperk.cz\/wp-content\/uploads\/2016\/01\/10\/pala\u010dinkovy-nakyp-6.jpg 960w\" sizes=\"(max-width: 300px) 100vw, 300px\" \/><\/a>\n\t\t\t<\/div><\/figure><figure class='gallery-item'>\n\t\t\t<div class='gallery-icon landscape'>\n\t\t\t\t<a href='https:\/\/zakrasnejsivimperk.cz\/?attachment_id=42792'><img loading=\"lazy\" decoding=\"async\" width=\"300\" height=\"225\" src=\"https:\/\/zakrasnejsivimperk.cz\/wp-content\/uploads\/2016\/01\/10\/pala\u010dinkovy-nakyp-7-300x225.jpg\" class=\"attachment-medium size-medium\" alt=\"\" srcset=\"https:\/\/zakrasnejsivimperk.cz\/wp-content\/uploads\/2016\/01\/10\/pala\u010dinkovy-nakyp-7-300x225.jpg 300w, https:\/\/zakrasnejsivimperk.cz\/wp-content\/uploads\/2016\/01\/10\/pala\u010dinkovy-nakyp-7-476x357.jpg 476w, https:\/\/zakrasnejsivimperk.cz\/wp-content\/uploads\/2016\/01\/10\/pala\u010dinkovy-nakyp-7-644x483.jpg 644w, https:\/\/zakrasnejsivimperk.cz\/wp-content\/uploads\/2016\/01\/10\/pala\u010dinkovy-nakyp-7.jpg 960w\" sizes=\"(max-width: 300px) 100vw, 300px\" \/><\/a>\n\t\t\t<\/div><\/figure>\n\t\t<\/div>\n\n","protected":false},"excerpt":{"rendered":"<p>Pala\u010dinkov\u00e9 t\u011bsto: <\/p>\n","protected":false},"author":2,"featured_media":42792,"comment_status":"open","ping_status":"open","sticky":false,"template":"","format":"gallery","meta":{"footnotes":""},"categories":[34],"tags":[],"jetpack_featured_media_url":"https:\/\/zakrasnejsivimperk.cz\/wp-content\/uploads\/2016\/01\/10\/pala\u010dinkovy-nakyp-7.jpg","_links":{"self":[{"href":"https:\/\/zakrasnejsivimperk.cz\/index.php?rest_route=\/wp\/v2\/posts\/42784"}],"collection":[{"href":"https:\/\/zakrasnejsivimperk.cz\/index.php?rest_route=\/wp\/v2\/posts"}],"about":[{"href":"https:\/\/zakrasnejsivimperk.cz\/index.php?rest_route=\/wp\/v2\/types\/post"}],"author":[{"embeddable":true,"href":"https:\/\/zakrasnejsivimperk.cz\/index.php?rest_route=\/wp\/v2\/users\/2"}],"replies":[{"embeddable":true,"href":"https:\/\/zakrasnejsivimperk.cz\/index.php?rest_route=%2Fwp%2Fv2%2Fcomments&post=42784"}],"version-history":[{"count":2,"href":"https:\/\/zakrasnejsivimperk.cz\/index.php?rest_route=\/wp\/v2\/posts\/42784\/revisions"}],"predecessor-version":[{"id":42794,"href":"https:\/\/zakrasnejsivimperk.cz\/index.php?rest_route=\/wp\/v2\/posts\/42784\/revisions\/42794"}],"wp:featuredmedia":[{"embeddable":true,"href":"https:\/\/zakrasnejsivimperk.cz\/index.php?rest_route=\/wp\/v2\/media\/42792"}],"wp:attachment":[{"href":"https:\/\/zakrasnejsivimperk.cz\/index.php?rest_route=%2Fwp%2Fv2%2Fmedia&parent=42784"}],"wp:term":[{"taxonomy":"category","embeddable":true,"href":"https:\/\/zakrasnejsivimperk.cz\/index.php?rest_route=%2Fwp%2Fv2%2Fcategories&post=42784"},{"taxonomy":"post_tag","embeddable":true,"href":"https:\/\/zakrasnejsivimperk.cz\/index.php?rest_route=%2Fwp%2Fv2%2Ftags&post=42784"}],"curies":[{"name":"wp","href":"https:\/\/api.w.org\/{rel}","templated":true}]}}