{"id":4168,"date":"2014-12-20T19:25:49","date_gmt":"2014-12-20T18:25:49","guid":{"rendered":"http:\/\/zakrasnejsivimperk.cz\/?p=4168"},"modified":"2014-12-20T22:49:27","modified_gmt":"2014-12-20T21:49:27","slug":"foto-zdenek-mraz-2","status":"publish","type":"post","link":"https:\/\/zakrasnejsivimperk.cz\/?p=4168","title":{"rendered":"OBRAZEM: Ve\u010dern\u00ed p\u0159edv\u00e1no\u010dn\u00ed pohlednice z Buku pod Boub\u00ednem. Fotil Zden\u011bk Mr\u00e1z"},"content":{"rendered":"<p>PR\u00c1V\u011a TE\u010e: Buk pod Boub\u00ednem p\u0159edv\u00e1no\u010dn\u00ed, za\u010d\u00edn\u00e1 sn\u011b\u017eit.<\/p>\n<p><strong>Foto: Zden\u011bk MR\u00c1Z<\/strong><\/p>\n<div id='gallery-1' class='gallery galleryid-4168 gallery-columns-3 gallery-size-medium'><figure class='gallery-item'>\n\t\t\t<div class='gallery-icon landscape'>\n\t\t\t\t<a href='https:\/\/zakrasnejsivimperk.cz\/?attachment_id=4169'><img loading=\"lazy\" decoding=\"async\" width=\"300\" height=\"199\" src=\"https:\/\/zakrasnejsivimperk.cz\/wp-content\/uploads\/2014\/12\/buk-predvanocni-300x199.jpg\" class=\"attachment-medium size-medium\" alt=\"\" srcset=\"https:\/\/zakrasnejsivimperk.cz\/wp-content\/uploads\/2014\/12\/buk-predvanocni-300x199.jpg 300w, https:\/\/zakrasnejsivimperk.cz\/wp-content\/uploads\/2014\/12\/buk-predvanocni-100x65.jpg 100w, https:\/\/zakrasnejsivimperk.cz\/wp-content\/uploads\/2014\/12\/buk-predvanocni-535x357.jpg 535w, https:\/\/zakrasnejsivimperk.cz\/wp-content\/uploads\/2014\/12\/buk-predvanocni-724x483.jpg 724w, https:\/\/zakrasnejsivimperk.cz\/wp-content\/uploads\/2014\/12\/buk-predvanocni-570x380.jpg 570w, https:\/\/zakrasnejsivimperk.cz\/wp-content\/uploads\/2014\/12\/buk-predvanocni-375x250.jpg 375w, https:\/\/zakrasnejsivimperk.cz\/wp-content\/uploads\/2014\/12\/buk-predvanocni-276x184.jpg 276w, https:\/\/zakrasnejsivimperk.cz\/wp-content\/uploads\/2014\/12\/buk-predvanocni-180x120.jpg 180w, https:\/\/zakrasnejsivimperk.cz\/wp-content\/uploads\/2014\/12\/buk-predvanocni-480x320.jpg 480w, https:\/\/zakrasnejsivimperk.cz\/wp-content\/uploads\/2014\/12\/buk-predvanocni.jpg 800w\" sizes=\"(max-width: 300px) 100vw, 300px\" \/><\/a>\n\t\t\t<\/div><\/figure><figure class='gallery-item'>\n\t\t\t<div class='gallery-icon landscape'>\n\t\t\t\t<a href='https:\/\/zakrasnejsivimperk.cz\/?attachment_id=4170'><img loading=\"lazy\" decoding=\"async\" width=\"300\" height=\"199\" src=\"https:\/\/zakrasnejsivimperk.cz\/wp-content\/uploads\/2014\/12\/buk-strom-300x199.jpg\" class=\"attachment-medium size-medium\" alt=\"\" srcset=\"https:\/\/zakrasnejsivimperk.cz\/wp-content\/uploads\/2014\/12\/buk-strom-300x199.jpg 300w, https:\/\/zakrasnejsivimperk.cz\/wp-content\/uploads\/2014\/12\/buk-strom-100x65.jpg 100w, https:\/\/zakrasnejsivimperk.cz\/wp-content\/uploads\/2014\/12\/buk-strom-535x357.jpg 535w, https:\/\/zakrasnejsivimperk.cz\/wp-content\/uploads\/2014\/12\/buk-strom-724x483.jpg 724w, https:\/\/zakrasnejsivimperk.cz\/wp-content\/uploads\/2014\/12\/buk-strom-570x380.jpg 570w, https:\/\/zakrasnejsivimperk.cz\/wp-content\/uploads\/2014\/12\/buk-strom-375x250.jpg 375w, https:\/\/zakrasnejsivimperk.cz\/wp-content\/uploads\/2014\/12\/buk-strom-276x184.jpg 276w, https:\/\/zakrasnejsivimperk.cz\/wp-content\/uploads\/2014\/12\/buk-strom-180x120.jpg 180w, https:\/\/zakrasnejsivimperk.cz\/wp-content\/uploads\/2014\/12\/buk-strom-480x320.jpg 480w, https:\/\/zakrasnejsivimperk.cz\/wp-content\/uploads\/2014\/12\/buk-strom.jpg 800w\" sizes=\"(max-width: 300px) 100vw, 300px\" \/><\/a>\n\t\t\t<\/div><\/figure>\n\t\t<\/div>\n\n<p>&nbsp;<\/p>\n","protected":false},"excerpt":{"rendered":"<p>PR\u00c1V\u011a TE\u010e: <\/p>\n","protected":false},"author":2,"featured_media":4169,"comment_status":"open","ping_status":"open","sticky":false,"template":"","format":"gallery","meta":{"footnotes":""},"categories":[1],"tags":[],"jetpack_featured_media_url":"https:\/\/zakrasnejsivimperk.cz\/wp-content\/uploads\/2014\/12\/buk-predvanocni.jpg","_links":{"self":[{"href":"https:\/\/zakrasnejsivimperk.cz\/index.php?rest_route=\/wp\/v2\/posts\/4168"}],"collection":[{"href":"https:\/\/zakrasnejsivimperk.cz\/index.php?rest_route=\/wp\/v2\/posts"}],"about":[{"href":"https:\/\/zakrasnejsivimperk.cz\/index.php?rest_route=\/wp\/v2\/types\/post"}],"author":[{"embeddable":true,"href":"https:\/\/zakrasnejsivimperk.cz\/index.php?rest_route=\/wp\/v2\/users\/2"}],"replies":[{"embeddable":true,"href":"https:\/\/zakrasnejsivimperk.cz\/index.php?rest_route=%2Fwp%2Fv2%2Fcomments&post=4168"}],"version-history":[{"count":4,"href":"https:\/\/zakrasnejsivimperk.cz\/index.php?rest_route=\/wp\/v2\/posts\/4168\/revisions"}],"predecessor-version":[{"id":4202,"href":"https:\/\/zakrasnejsivimperk.cz\/index.php?rest_route=\/wp\/v2\/posts\/4168\/revisions\/4202"}],"wp:featuredmedia":[{"embeddable":true,"href":"https:\/\/zakrasnejsivimperk.cz\/index.php?rest_route=\/wp\/v2\/media\/4169"}],"wp:attachment":[{"href":"https:\/\/zakrasnejsivimperk.cz\/index.php?rest_route=%2Fwp%2Fv2%2Fmedia&parent=4168"}],"wp:term":[{"taxonomy":"category","embeddable":true,"href":"https:\/\/zakrasnejsivimperk.cz\/index.php?rest_route=%2Fwp%2Fv2%2Fcategories&post=4168"},{"taxonomy":"post_tag","embeddable":true,"href":"https:\/\/zakrasnejsivimperk.cz\/index.php?rest_route=%2Fwp%2Fv2%2Ftags&post=4168"}],"curies":[{"name":"wp","href":"https:\/\/api.w.org\/{rel}","templated":true}]}}