{"id":40402,"date":"2015-12-18T13:53:51","date_gmt":"2015-12-18T12:53:51","guid":{"rendered":"http:\/\/zakrasnejsivimperk.cz\/?p=40402"},"modified":"2024-03-19T20:20:09","modified_gmt":"2024-03-19T19:20:09","slug":"recepty-ze-sumavske-vesnice-pokracujeme-v-peceni-na-vanoce-dnes-to-budou-kokosove-venecky","status":"publish","type":"post","link":"https:\/\/zakrasnejsivimperk.cz\/?p=40402","title":{"rendered":"RECEPTY ZE \u0160UMAVSK\u00c9 VESNICE: Pokra\u010dujeme v pe\u010den\u00ed na V\u00e1noce, dnes to budou kokosov\u00e9 v\u011bne\u010dky"},"content":{"rendered":"<p><strong>KOKOSOV\u00c9 V\u011aNE\u010cKY PROTLA\u010cOVAN\u00c9 STROJKEM<\/strong><\/p>\n<p><strong>V\u011bne\u010dky I. (1947)<\/strong><br \/>\n20 dkg hladk\u00e9 mouky<br \/>\n20 dkg m\u00e1sla<span class=\"text_exposed_show\"><br \/>\n20 dkg kokosu<br \/>\n16 dkg mou\u010dkov\u00e9ho cukru<br \/>\n2 \u017eloutky<\/span><\/p>\n<div class=\"text_exposed_show\">\n<p style=\"text-align: justify;\">Vypracujeme t\u011bsto, d\u00e1me do strojku na maso s n\u00e1stavcem, nastav\u00edme na vroubky a tvo\u0159\u00edme v\u011bne\u010dky. Pe\u010deme p\u0159i 180 st. asi 6 minut. Hork\u00e9 obalujeme v mou\u010dkov\u00e9m cukru s vanilkou.<\/p>\n<p><strong>V\u011bne\u010dky II. (Klatovsko)<\/strong><br \/>\n25 dkg hladk\u00e9 mouky<br \/>\n20 dkg mou\u010dkov\u00e9ho cukru<br \/>\n15 dkg kokosu<br \/>\n3 \u017eloutky<br \/>\n15 dkg m\u00e1sla<\/p>\n<p>Postup jako u receptu \u010d. I.<\/p>\n<p><strong>V\u011bne\u010dky III. (V\u010deln\u00e1)<\/strong><br \/>\n10 dkg mou\u010dkov\u00e9ho cukru<br \/>\n12 dkg kokosu<br \/>\n12 dkg m\u00e1sla<br \/>\n30 dkg polohrub\u00e9 mouky<br \/>\n2 vejce<\/p>\n<p>Postup jako u receptu \u010d.I.<\/p>\n<p>&nbsp;<\/p>\n<p><strong>P\u0159ipravuje: Lucie kOHOUTOV\u00c1<\/strong><\/p>\n<\/div>\n","protected":false},"excerpt":{"rendered":"<p>KOKOSOV\u00c9 V\u011aNE\u010cKY <\/p>\n","protected":false},"author":2,"featured_media":0,"comment_status":"open","ping_status":"open","sticky":false,"template":"","format":"gallery","meta":{"footnotes":""},"categories":[34],"tags":[],"jetpack_featured_media_url":"","_links":{"self":[{"href":"https:\/\/zakrasnejsivimperk.cz\/index.php?rest_route=\/wp\/v2\/posts\/40402"}],"collection":[{"href":"https:\/\/zakrasnejsivimperk.cz\/index.php?rest_route=\/wp\/v2\/posts"}],"about":[{"href":"https:\/\/zakrasnejsivimperk.cz\/index.php?rest_route=\/wp\/v2\/types\/post"}],"author":[{"embeddable":true,"href":"https:\/\/zakrasnejsivimperk.cz\/index.php?rest_route=\/wp\/v2\/users\/2"}],"replies":[{"embeddable":true,"href":"https:\/\/zakrasnejsivimperk.cz\/index.php?rest_route=%2Fwp%2Fv2%2Fcomments&post=40402"}],"version-history":[{"count":2,"href":"https:\/\/zakrasnejsivimperk.cz\/index.php?rest_route=\/wp\/v2\/posts\/40402\/revisions"}],"predecessor-version":[{"id":301171,"href":"https:\/\/zakrasnejsivimperk.cz\/index.php?rest_route=\/wp\/v2\/posts\/40402\/revisions\/301171"}],"wp:attachment":[{"href":"https:\/\/zakrasnejsivimperk.cz\/index.php?rest_route=%2Fwp%2Fv2%2Fmedia&parent=40402"}],"wp:term":[{"taxonomy":"category","embeddable":true,"href":"https:\/\/zakrasnejsivimperk.cz\/index.php?rest_route=%2Fwp%2Fv2%2Fcategories&post=40402"},{"taxonomy":"post_tag","embeddable":true,"href":"https:\/\/zakrasnejsivimperk.cz\/index.php?rest_route=%2Fwp%2Fv2%2Ftags&post=40402"}],"curies":[{"name":"wp","href":"https:\/\/api.w.org\/{rel}","templated":true}]}}