{"id":40238,"date":"2024-12-15T15:19:52","date_gmt":"2024-12-15T14:19:52","guid":{"rendered":"http:\/\/zakrasnejsivimperk.cz\/?p=40238"},"modified":"2024-12-15T19:23:15","modified_gmt":"2024-12-15T18:23:15","slug":"stara-sumava-jeslicky-samy-zvou-k-zastaveni-k-prodleni-k-podivani-a-zamyslenim-nad-svym-zivotem","status":"publish","type":"post","link":"https:\/\/zakrasnejsivimperk.cz\/?p=40238","title":{"rendered":"STAR\u00c1 \u0160UMAVA A PO\u0160UMAV\u00cd: Jesli\u010dky zvou k zastaven\u00ed, k prodlen\u00ed, k pod\u00edv\u00e1n\u00ed a zamy\u0161len\u00edm nad \u017eivotem"},"content":{"rendered":"<p><img loading=\"lazy\" decoding=\"async\" class=\"aligncenter wp-image-302393 size-full\" src=\"https:\/\/zakrasnejsivimperk.cz\/wp-content\/uploads\/2024\/03\/30\/ram-jeslicky-tt.jpg\" alt=\"\" width=\"760\" height=\"558\" srcset=\"https:\/\/zakrasnejsivimperk.cz\/wp-content\/uploads\/2024\/03\/30\/ram-jeslicky-tt.jpg 760w, https:\/\/zakrasnejsivimperk.cz\/wp-content\/uploads\/2024\/03\/30\/ram-jeslicky-tt-300x220.jpg 300w, https:\/\/zakrasnejsivimperk.cz\/wp-content\/uploads\/2024\/03\/30\/ram-jeslicky-tt-486x357.jpg 486w, https:\/\/zakrasnejsivimperk.cz\/wp-content\/uploads\/2024\/03\/30\/ram-jeslicky-tt-658x483.jpg 658w\" sizes=\"(max-width: 760px) 100vw, 760px\" \/><\/p>\n<p>&nbsp;<\/p>\n<h6 style=\"text-align: justify;\"><strong>Jesli\u010dky samy zvou k zastaven\u00ed, k prodlen\u00ed, k pod\u00edv\u00e1n\u00ed a zamy\u0161len\u00edm nad sv\u00fdm \u017eivotem. Zat\u00edmco tam p\u0159ed nimi stoj\u00edme, zastav\u00ed se a prodl\u00ed i mnoho v\u011bc\u00ed kolem n\u00e1s a v n\u00e1s: na\u0161e u\u0161tvanost, n\u00e1\u0161 neklid, na\u0161e t\u00edse\u0148, n\u00e1\u0161 strach\u2026U\u010d\u00ed n\u00e1s \u00fa\u017easu, poko\u0159e, ml\u010den\u00ed, bd\u011bl\u00e9 pozornosti v\u016f\u010di \u010demusi jen zd\u00e1nliv\u011b mali\u010dk\u00e9mu.<\/strong><\/h6>\n<p style=\"text-align: justify;\">Jakmile kraj pokryly prvn\u00ed vrstvy sn\u011bhu, lid\u00e9 se sch\u00e1zeli ve sv\u00fdch chaloupk\u00e1ch a v\u011bnovali se oprav\u00e1m n\u00e1\u0159ad\u00ed a dom\u00e1c\u00ed v\u00fdrob\u011b. N\u00e1stroje byly byly nej\u010dast\u011bji ze d\u0159eva, nejtypi\u010dt\u011bj\u0161\u00edmi produkty t\u00e9to oblasti byly d\u0159ev\u00e1ky, \u0161indele nebo d\u0159\u00edvka na sirky. \u017deny draly pe\u0159\u00ed, p\u0159edly len nebo sp\u0159\u00e1daly vlnu. P\u0159itom si lid\u00e9 vypr\u00e1v\u011bli r\u016fzn\u00e9 p\u0159\u00edb\u011bhy, vzpom\u00ednali a \u010detli Bibli. Ka\u017ed\u00fd den se modlili a sv\u00e9 p\u0159\u00edbytky zdobili ru\u010dn\u011b vy\u0159ez\u00e1van\u00fdmi betl\u00e9my a jesli\u010dkami.<\/p>\n<p style=\"text-align: justify;\">O adventn\u00edch ned\u011bl\u00edch se v\u0161ichni lid\u00e9 z cel\u00e9 farnosti sch\u00e1zeli v kostel\u00edch na adventn\u00edch bohoslu\u017eb\u00e1ch. V t\u00e9to dob\u011b byly zak\u00e1zan\u00e9 z\u00e1bavy a tancova\u010dky, jedlo se velmi skromn\u011b a st\u0159\u00eddm\u011b. Advent a \u010dty\u0159t\u00fddenn\u00ed p\u016fst skon\u010dil na \u0160t\u011bdr\u00fd ve\u010der v okam\u017eiku v\u00fdchodu prvn\u00ed hv\u011bzdy. Chaloupky se ozdobily \u010derstv\u00fdm chvoj\u00edm; na st\u016fl i na podlahu (mnoho domk\u016f m\u011blo podlahu jen z udusan\u00e9 hl\u00edny) se rozlo\u017eily v\u011btve jehli\u010dnan\u016f. N\u011bkte\u0159\u00ed lid\u00e9, obvykle jen rycht\u00e1\u0159i, tak\u00e9 zdobili stromky, \u010derstv\u011b u\u0159\u00edznut\u00e9 jedli\u010dky nebo smr\u010dky z okoln\u00edch les\u016f.<\/p>\n<p style=\"text-align: justify;\">V\u00fdzdoba byla velmi skromn\u00e1: o\u0159echy, ovoce, slam\u011bn\u00e9 ozdoby, v\u00fdjime\u010dn\u011b sv\u00ed\u010dky. Na stromky bohat\u0161\u00edch spoluob\u010dan\u016f se obvykle chodili d\u00edvat lid\u00e9 z cel\u00e9 vesnice, proto\u017ee tato tradice zde byla zcela nov\u00e1. P\u0159inesl ji do kraje obchodn\u00edk s resonan\u010dn\u00edm d\u0159evem (tedy d\u0159evem na v\u00fdrobu hudebn\u00edch n\u00e1stroj\u016f) ze sv\u00fdch cest do V\u00eddn\u011b. Jedn\u00edm z hlavn\u00edch v\u00e1no\u010dn\u00edch zvyk\u016f, mnohem star\u0161\u00edm ne\u017e v\u00e1no\u010dn\u00ed stromek, je u n\u00e1s stav\u011bn\u00ed jesli\u010dek&#8230;&#8230;&#8230;<\/p>\n<p style=\"text-align: justify;\">Kladou n\u00e1m p\u0159ed o\u010di z\u00e1zrak. To je na\u0161e stanovi\u0161t\u011b, n\u00e1\u0161 prav\u00fd \u00fahel pohledu: p\u0159ed jesli\u010dkami. Sv\u011btlo, pokoj a klid se n\u00e1m navracej\u00ed. Jesli\u010dky o\u017e\u00edvaj\u00ed a ch\u00e1pou se n\u00e1s. D\u00e1v\u00e1me se jimi uchopit a uchv\u00e1tit. P\u0159i ve\u0161ker\u00e9 pozornosti, j\u00ed\u017e na n\u00e1s jesli\u010dky vy\u017eaduj\u00ed, otev\u00edraj\u00ed se n\u00e1m z\u00e1rove\u0148 na\u0161e o\u010di pro mal\u00e9 a \u010dasto tak obrovit\u00e9 v\u011bci \u017eivota. U\u010d\u00ed n\u00e1s \u00fa\u017easu, poko\u0159e, ml\u010den\u00ed, bd\u011bl\u00e9 pozornosti v\u016f\u010di \u010demusi jen zd\u00e1nliv\u011b mali\u010dk\u00e9mu. Bez hlesu a jak\u00e9koli ok\u00e1zalosti je n\u00e1m umo\u017en\u011bno pozorovat betl\u00e9msk\u00fd div, rozva\u017eovat o n\u011bm, d\u00e1t mu p\u016fsobit a oslovit se j\u00edm, d\u00e1t se j\u00edm dojmout a zas\u00e1hnout. Jesli\u010dky dok\u00e1\u017e\u00ed otev\u0159\u00edt na\u0161e srdce. To je jejich um\u011bn\u00ed, jejich dar. I kdy\u017e my z\u016fst\u00e1v\u00e1me p\u0159ed nimi st\u00e1t, ony st\u00e1t nez\u016fst\u00e1vaj\u00ed, p\u0159ich\u00e1zej\u00ed k n\u00e1m.<\/p>\n<p style=\"text-align: justify;\">Na v\u0161ech zpodoben\u00edch jesli\u010dek se setk\u00e1v\u00e1me s lidmi, a\u0165 u\u017e jde o prost\u00e9 past\u00fd\u0159e \u010di velkolep\u00e9 panovn\u00edky, jen\u017e p\u0159i\u0161li k Betl\u00e9mu poklonit se a pokleknout p\u0159ed d\u00edt\u011btem v jesli\u010dk\u00e1ch. Mohli by i n\u00e1m pomoci, abychom zcela nezapomn\u011bli to gesto pokleknut\u00ed. Lidsk\u00e9 panov\u00e1n\u00ed nen\u00ed pro \u010dlov\u011bka nijak\u00fdm d\u016fvodem k tomu, aby se p\u0159ed n\u00edm skl\u00e1n\u011bl \u010di dokonce padal na kolena. Snad proto v\u0161ak nenach\u00e1z\u00edme ani skute\u010dnou svobodu, pon\u011bvad\u017e ke svobod\u011b \u010dlov\u011bka skute\u010dn\u011b vzp\u0159\u00edmen\u00e9ho n\u00e1le\u017e\u00ed schopnost a v\u016fle se sklonit p\u0159ed t\u00edm, co je vy\u0161\u0161\u00ed a v\u00fdznamn\u011bj\u0161\u00ed ne\u017e ta na\u0161e vlastn\u00ed vzp\u0159\u00edmen\u00e1 hrd\u00e1 postava.<\/p>\n<p>&nbsp;<\/p>\n<p style=\"text-align: justify;\"><strong>Zdroj:<\/strong> Hubert Panh\u00f6lzl Glaube und Heimat<\/p>\n<p style=\"text-align: justify;\"><strong>P\u0159ipravuje: Miroslav K\u016eS ANDRES<\/strong><\/p>\n<p style=\"text-align: justify;\"><strong>Foto: archiv autora<\/strong><\/p>\n<hr \/>\n<p>&nbsp;<\/p>\n","protected":false},"excerpt":{"rendered":"<p>&nbsp; Jesli\u010dky <\/p>\n","protected":false},"author":2,"featured_media":331741,"comment_status":"open","ping_status":"open","sticky":false,"template":"","format":"gallery","meta":{"footnotes":""},"categories":[111],"tags":[],"jetpack_featured_media_url":"https:\/\/zakrasnejsivimperk.cz\/wp-content\/uploads\/2015\/12\/15\/ram-jeslicky.jpg","_links":{"self":[{"href":"https:\/\/zakrasnejsivimperk.cz\/index.php?rest_route=\/wp\/v2\/posts\/40238"}],"collection":[{"href":"https:\/\/zakrasnejsivimperk.cz\/index.php?rest_route=\/wp\/v2\/posts"}],"about":[{"href":"https:\/\/zakrasnejsivimperk.cz\/index.php?rest_route=\/wp\/v2\/types\/post"}],"author":[{"embeddable":true,"href":"https:\/\/zakrasnejsivimperk.cz\/index.php?rest_route=\/wp\/v2\/users\/2"}],"replies":[{"embeddable":true,"href":"https:\/\/zakrasnejsivimperk.cz\/index.php?rest_route=%2Fwp%2Fv2%2Fcomments&post=40238"}],"version-history":[{"count":5,"href":"https:\/\/zakrasnejsivimperk.cz\/index.php?rest_route=\/wp\/v2\/posts\/40238\/revisions"}],"predecessor-version":[{"id":331742,"href":"https:\/\/zakrasnejsivimperk.cz\/index.php?rest_route=\/wp\/v2\/posts\/40238\/revisions\/331742"}],"wp:featuredmedia":[{"embeddable":true,"href":"https:\/\/zakrasnejsivimperk.cz\/index.php?rest_route=\/wp\/v2\/media\/331741"}],"wp:attachment":[{"href":"https:\/\/zakrasnejsivimperk.cz\/index.php?rest_route=%2Fwp%2Fv2%2Fmedia&parent=40238"}],"wp:term":[{"taxonomy":"category","embeddable":true,"href":"https:\/\/zakrasnejsivimperk.cz\/index.php?rest_route=%2Fwp%2Fv2%2Fcategories&post=40238"},{"taxonomy":"post_tag","embeddable":true,"href":"https:\/\/zakrasnejsivimperk.cz\/index.php?rest_route=%2Fwp%2Fv2%2Ftags&post=40238"}],"curies":[{"name":"wp","href":"https:\/\/api.w.org\/{rel}","templated":true}]}}