{"id":39921,"date":"2015-12-12T22:52:16","date_gmt":"2015-12-12T21:52:16","guid":{"rendered":"http:\/\/zakrasnejsivimperk.cz\/?p=39921"},"modified":"2024-03-13T21:49:00","modified_gmt":"2024-03-13T20:49:00","slug":"recepty-ze-sumavske-vesnice-pokracujeme-v-peceni-na-vanoce-dnes-skoricove-cukrovi","status":"publish","type":"post","link":"https:\/\/zakrasnejsivimperk.cz\/?p=39921","title":{"rendered":"RECEPTY ZE \u0160UMAVSK\u00c9 VESNICE: Pokra\u010dujeme v pe\u010den\u00ed na V\u00e1noce, dnes sko\u0159icov\u00e9 cukrov\u00ed"},"content":{"rendered":"<p><strong>I. &#8211; Hartmanice<\/strong><br \/>\nSuroviny:<br \/>\n2 vejce<span class=\"text_exposed_show\"><br \/>\n15 dkg krupicov\u00e9ho cukru<br \/>\n1 vanilkov\u00fd cukr<br \/>\n25 dkg hladk\u00e9 mouky<br \/>\n1 l\u017ei\u010dka sko\u0159ice<br \/>\n25 dkg mlet\u00fdch mandl\u00ed<br \/>\n10 dkg m\u00e1sla<\/span><\/p>\n<div class=\"text_exposed_show\">\n<p style=\"text-align: justify;\">Vejce vy\u0161leh\u00e1me do spolu s cukrem, p\u0159isypeme ostatn\u00ed suroviny a pomoc\u00ed m\u00e1sla vypracujeme t\u011bsto. Vykrajujeme libovoln\u00e9 tvary a pe\u010deme p\u0159i 180 st. asi 6 minut. M\u016f\u017eeme pot\u00edrat b\u00edlkovou polevou.<\/p>\n<p><strong>II. &#8211; Kuchyn\u011b na\u0161\u00ed vesnice 1947<\/strong><br \/>\nSuroviny:<br \/>\n18 dkg m\u00e1sla<br \/>\n18 dkg hladk\u00e9 mouky<br \/>\n18 dkg pr\u00e1\u0161kov\u00e9ho cukru<br \/>\n1 vejce<br \/>\n1 \u017eloutek<br \/>\n1\/2 l\u017ei\u010dky sko\u0159ice<br \/>\n1 l\u017ei\u010dka rumu<br \/>\nk\u016fra z citronu<\/p>\n<p style=\"text-align: justify;\">Vypracujeme t\u011bsto, kter\u00e9 nech\u00e1me asi 2 hodiny odpo\u010dinout. D\u00e1le stejn\u00fd postup jako u receptu \u010d.I..<\/p>\n<p><strong>III. &#8211; Po\u0161umav\u00ed<\/strong><br \/>\nSuroviny:<br \/>\n30 dkg hladk\u00e9 mouky<br \/>\n1 l\u017ei\u010dka sko\u0159ice<br \/>\n10 dkg mou\u010dkov\u00e9ho cukru<br \/>\n20 dkg m\u00e1sla<br \/>\n1 \u017eloutek<br \/>\n1 vanilkov\u00fd cukr<\/p>\n<p style=\"text-align: justify;\">Vypracujeme t\u011bsto a nech\u00e1me p\u0159es noc v lednici. Vykrajujeme hv\u011bzdi\u010dky, pe\u010deme p\u0159i 180 st., dokud nemaj\u00ed r\u016f\u017eovou barvu.<\/p>\n<p style=\"text-align: justify;\"><strong>P\u0159ipravuje: Lucie KOHOUTOV\u00c1<\/strong><\/p>\n<\/div>\n<p>&nbsp;<\/p>\n<p>&nbsp;<\/p>\n","protected":false},"excerpt":{"rendered":"<p>I. &#8211; <\/p>\n","protected":false},"author":2,"featured_media":0,"comment_status":"open","ping_status":"open","sticky":false,"template":"","format":"gallery","meta":{"footnotes":""},"categories":[34],"tags":[],"jetpack_featured_media_url":"","_links":{"self":[{"href":"https:\/\/zakrasnejsivimperk.cz\/index.php?rest_route=\/wp\/v2\/posts\/39921"}],"collection":[{"href":"https:\/\/zakrasnejsivimperk.cz\/index.php?rest_route=\/wp\/v2\/posts"}],"about":[{"href":"https:\/\/zakrasnejsivimperk.cz\/index.php?rest_route=\/wp\/v2\/types\/post"}],"author":[{"embeddable":true,"href":"https:\/\/zakrasnejsivimperk.cz\/index.php?rest_route=\/wp\/v2\/users\/2"}],"replies":[{"embeddable":true,"href":"https:\/\/zakrasnejsivimperk.cz\/index.php?rest_route=%2Fwp%2Fv2%2Fcomments&post=39921"}],"version-history":[{"count":2,"href":"https:\/\/zakrasnejsivimperk.cz\/index.php?rest_route=\/wp\/v2\/posts\/39921\/revisions"}],"predecessor-version":[{"id":300642,"href":"https:\/\/zakrasnejsivimperk.cz\/index.php?rest_route=\/wp\/v2\/posts\/39921\/revisions\/300642"}],"wp:attachment":[{"href":"https:\/\/zakrasnejsivimperk.cz\/index.php?rest_route=%2Fwp%2Fv2%2Fmedia&parent=39921"}],"wp:term":[{"taxonomy":"category","embeddable":true,"href":"https:\/\/zakrasnejsivimperk.cz\/index.php?rest_route=%2Fwp%2Fv2%2Fcategories&post=39921"},{"taxonomy":"post_tag","embeddable":true,"href":"https:\/\/zakrasnejsivimperk.cz\/index.php?rest_route=%2Fwp%2Fv2%2Ftags&post=39921"}],"curies":[{"name":"wp","href":"https:\/\/api.w.org\/{rel}","templated":true}]}}