{"id":38829,"date":"2015-12-03T12:33:54","date_gmt":"2015-12-03T11:33:54","guid":{"rendered":"http:\/\/zakrasnejsivimperk.cz\/?p=38829"},"modified":"2024-03-19T20:20:49","modified_gmt":"2024-03-19T19:20:49","slug":"recepty-ze-sumavske-vesnice-pokracujeme-v-peceni-na-vanoce-dnes-linecke-cukrovi","status":"publish","type":"post","link":"https:\/\/zakrasnejsivimperk.cz\/?p=38829","title":{"rendered":"RECEPTY ZE \u0160UMAVSK\u00c9 VESNICE: Pokra\u010dujeme v pe\u010den\u00ed na V\u00e1noce, dnes lineck\u00e9 cukrov\u00ed"},"content":{"rendered":"<p style=\"text-align: justify;\"><strong>Pokra\u010dujeme tradi\u010dn\u00edm cukrov\u00edm, prvn\u00ed recept je s fotografiemi, ostatn\u00ed zase pro hospody\u0148ky, kter\u00e9 cht\u011bj\u00ed zkusit n\u011bco nov\u00e9ho<\/strong>.<\/p>\n<p style=\"text-align: justify;\"><strong>Pro za\u010d\u00ednaj\u00edc\u00ed kucha\u0159inky &#8211;<\/strong><br \/>\nPou\u017e\u00edvejte opravdu m\u00e1slo, maxim\u00e1ln\u011b Heru. M\u00e1slo mus\u00ed m\u00edt pokojovou teplotu, nesm\u00ed b\u00fdt moc m\u011bkk\u00e9, potom se ,t\u011bsto ma\u017ee.Na vymaz\u00e1n\u00ed plech\u016f pou\u017eijte pap\u00edr od m\u00e1sla, je to \u00fasporn\u00e9 a praktick\u00e9. V\u0161echno cukrov\u00ed hl\u00edd\u00e1me do m\u00edrn\u011b r\u016f\u017eov\u00e9 barvy a hned sundav\u00e1me z plechu.<\/p>\n<div class=\"text_exposed_show\">\n<p>I. Lineck\u00e9 kol\u00e1\u010dky (1928)<br \/>\n25 dkg hladk\u00e9 mouky<br \/>\n15 dkg m\u00e1sla<br \/>\n10 dkg pr\u00e1\u0161kov\u00e9ho cukru<br \/>\n1 \u017eloutek<br \/>\nk\u016fra z 1 citronu<br \/>\nvanilkov\u00fd cukr<\/p>\n<p style=\"text-align: justify;\">Na v\u00e1le spoj\u00edme suroviny do hladk\u00e9ho t\u011bsta, nech\u00e1me si ho klidn\u011b p\u0159es noc odpo\u010dinout v lednici. Druh\u00fd den vyv\u00e1l\u00edme a vykrajujeme r\u016fzn\u00e9 tvary a spojujeme marmel\u00e1dou. Nejlep\u0161\u00ed je ryb\u00edzov\u00e1, pro koho je ostr\u00e1, pou\u017eije jahodovou.<\/p>\n<\/div>\n<p>&nbsp;<\/p>\n<div class=\"text_exposed_show\">\n<p><strong>II. Lineck\u00e9 kol\u00e1\u010dky (Stra\u0161\u00ednsko)<\/strong><br \/>\n21 dkg hladk\u00e9 mouky<br \/>\n15 dkg m\u00e1sla<br \/>\n8 dkg pr\u00e1\u0161kov\u00e9ho cukru<br \/>\n2 \u017eloutky<br \/>\n1\/2 pr\u00e1\u0161ku do pe\u010diva<br \/>\n1 l\u017ei\u010dka rumu<\/p>\n<p>Postup jako u receptu \u010d.\u00a0I.<\/p>\n<p>&nbsp;<\/p>\n<p><strong>III. Lineck\u00e9 kol\u00e1\u010dky (Male\u010d)<\/strong><br \/>\n25 dkg hladk\u00e9 mouky<br \/>\n6 dkg mou\u010dkov\u00e9ho cukru<br \/>\n14 dkg m\u00e1sla<br \/>\n2 \u017eloutky<br \/>\n1 l\u017e\u00edce ml\u00e9ka<\/p>\n<p>Postup jako u receptu \u010d. I.<\/p>\n<p>&nbsp;<\/p>\n<p><strong>IV. Lineck\u00e1 kole\u010dka (Nezdice)<\/strong><br \/>\n25 dkg hladk\u00e9 mouky<br \/>\n25 dkg m\u00e1sla<br \/>\n13 dkg mou\u010dkov\u00e9ho cukru<br \/>\n1 vejce<br \/>\nk\u016fra z 1 citronu<\/p>\n<p>Postup jako u receptu \u010d. I.<\/p>\n<p>&nbsp;<\/p>\n<\/div>\n<p><strong>P\u0159ipravuje: Lucie KOHOUTOV\u00c1<\/strong><\/p>\n","protected":false},"excerpt":{"rendered":"<p>Pokra\u010dujeme tradi\u010dn\u00edm <\/p>\n","protected":false},"author":2,"featured_media":0,"comment_status":"open","ping_status":"open","sticky":false,"template":"","format":"gallery","meta":{"footnotes":""},"categories":[34],"tags":[],"jetpack_featured_media_url":"","_links":{"self":[{"href":"https:\/\/zakrasnejsivimperk.cz\/index.php?rest_route=\/wp\/v2\/posts\/38829"}],"collection":[{"href":"https:\/\/zakrasnejsivimperk.cz\/index.php?rest_route=\/wp\/v2\/posts"}],"about":[{"href":"https:\/\/zakrasnejsivimperk.cz\/index.php?rest_route=\/wp\/v2\/types\/post"}],"author":[{"embeddable":true,"href":"https:\/\/zakrasnejsivimperk.cz\/index.php?rest_route=\/wp\/v2\/users\/2"}],"replies":[{"embeddable":true,"href":"https:\/\/zakrasnejsivimperk.cz\/index.php?rest_route=%2Fwp%2Fv2%2Fcomments&post=38829"}],"version-history":[{"count":4,"href":"https:\/\/zakrasnejsivimperk.cz\/index.php?rest_route=\/wp\/v2\/posts\/38829\/revisions"}],"predecessor-version":[{"id":301175,"href":"https:\/\/zakrasnejsivimperk.cz\/index.php?rest_route=\/wp\/v2\/posts\/38829\/revisions\/301175"}],"wp:attachment":[{"href":"https:\/\/zakrasnejsivimperk.cz\/index.php?rest_route=%2Fwp%2Fv2%2Fmedia&parent=38829"}],"wp:term":[{"taxonomy":"category","embeddable":true,"href":"https:\/\/zakrasnejsivimperk.cz\/index.php?rest_route=%2Fwp%2Fv2%2Fcategories&post=38829"},{"taxonomy":"post_tag","embeddable":true,"href":"https:\/\/zakrasnejsivimperk.cz\/index.php?rest_route=%2Fwp%2Fv2%2Ftags&post=38829"}],"curies":[{"name":"wp","href":"https:\/\/api.w.org\/{rel}","templated":true}]}}