{"id":37507,"date":"2015-11-26T13:11:36","date_gmt":"2015-11-26T12:11:36","guid":{"rendered":"http:\/\/zakrasnejsivimperk.cz\/?p=37507"},"modified":"2024-03-19T20:21:41","modified_gmt":"2024-03-19T19:21:41","slug":"recepty-ze-sumavske-vesnice-medovy-kolac-s-tvarohem-podle-stareho-receptu-z-pohranici","status":"publish","type":"post","link":"https:\/\/zakrasnejsivimperk.cz\/?p=37507","title":{"rendered":"RECEPTY ZE \u0160UMAVSK\u00c9 VESNICE: Medov\u00fd kol\u00e1\u010d s tvarohem podle receptu z pohrani\u010d\u00ed"},"content":{"rendered":"<p>K\u0159ehk\u00fd kol\u00e1\u010d s tvarohem a chut\u00ed brusinek.<\/p>\n<p><strong>Suroviny na t\u011bsto:<\/strong><br \/>\n25 dkg hladk\u00e9 mouky<span class=\"text_exposed_show\"><br \/>\n15 dkg m\u00e1sla (m\u011bkk\u00e9)<br \/>\n5 dkg mou\u010dkov\u00e9ho cukru<br \/>\n5 dkg medu<br \/>\n1 vejce<\/span><\/p>\n<div class=\"text_exposed_show\">\n<p><strong>N\u00e1pl\u0148 :<\/strong><br \/>\n25 dkg m\u011bkk\u00e9ho tvarohu<br \/>\n250 ml kysan\u00e9 smetany<br \/>\n10 dkg medu<br \/>\n1 \u017eloutek<br \/>\nhrsti\u010dka brusinek<\/p>\n<p style=\"text-align: justify;\">V\u0161echny suroviny na t\u011bsto propracujeme a d\u00e1me na 1\/2 h do chladna. Zat\u00edm si p\u0159iprav\u00edme n\u00e1pl\u0148. \u017dloutek ut\u0159eme s cukrem a medem, p\u0159id\u00e1me tvaroh, smetanu a vm\u00edch\u00e1me brusinky.<br \/>\nZ t\u011bsta vyv\u00e1l\u00edme pl\u00e1t, kter\u00fdm vylo\u017e\u00edme vymazanou kol\u00e1\u010dovou formu. D\u00e1me n\u00e1pl\u0148 a pokryjeme prou\u017eky jako lineck\u00fd kol\u00e1\u010d. Pe\u010deme p\u0159i 185 st. asi 30 minut. Hork\u00fd cukrujeme.<br \/>\nDobrou chu\u0165!<\/p>\n<p style=\"text-align: justify;\"><strong>P\u0159ipravuje: Lucie KOHOUTOV\u00c1<\/strong><\/p>\n<\/div>\n","protected":false},"excerpt":{"rendered":"<p>K\u0159ehk\u00fd kol\u00e1\u010d <\/p>\n","protected":false},"author":2,"featured_media":0,"comment_status":"open","ping_status":"open","sticky":false,"template":"","format":"gallery","meta":{"footnotes":""},"categories":[34],"tags":[],"jetpack_featured_media_url":"","_links":{"self":[{"href":"https:\/\/zakrasnejsivimperk.cz\/index.php?rest_route=\/wp\/v2\/posts\/37507"}],"collection":[{"href":"https:\/\/zakrasnejsivimperk.cz\/index.php?rest_route=\/wp\/v2\/posts"}],"about":[{"href":"https:\/\/zakrasnejsivimperk.cz\/index.php?rest_route=\/wp\/v2\/types\/post"}],"author":[{"embeddable":true,"href":"https:\/\/zakrasnejsivimperk.cz\/index.php?rest_route=\/wp\/v2\/users\/2"}],"replies":[{"embeddable":true,"href":"https:\/\/zakrasnejsivimperk.cz\/index.php?rest_route=%2Fwp%2Fv2%2Fcomments&post=37507"}],"version-history":[{"count":3,"href":"https:\/\/zakrasnejsivimperk.cz\/index.php?rest_route=\/wp\/v2\/posts\/37507\/revisions"}],"predecessor-version":[{"id":301178,"href":"https:\/\/zakrasnejsivimperk.cz\/index.php?rest_route=\/wp\/v2\/posts\/37507\/revisions\/301178"}],"wp:attachment":[{"href":"https:\/\/zakrasnejsivimperk.cz\/index.php?rest_route=%2Fwp%2Fv2%2Fmedia&parent=37507"}],"wp:term":[{"taxonomy":"category","embeddable":true,"href":"https:\/\/zakrasnejsivimperk.cz\/index.php?rest_route=%2Fwp%2Fv2%2Fcategories&post=37507"},{"taxonomy":"post_tag","embeddable":true,"href":"https:\/\/zakrasnejsivimperk.cz\/index.php?rest_route=%2Fwp%2Fv2%2Ftags&post=37507"}],"curies":[{"name":"wp","href":"https:\/\/api.w.org\/{rel}","templated":true}]}}