{"id":374345,"date":"2026-05-02T17:50:44","date_gmt":"2026-05-02T16:50:44","guid":{"rendered":"https:\/\/zakrasnejsivimperk.cz\/?p=374345"},"modified":"2026-05-02T17:50:44","modified_gmt":"2026-05-02T16:50:44","slug":"nedelni-glosar-miroslava-koreckeho-3-kvetna-2026","status":"publish","type":"post","link":"https:\/\/zakrasnejsivimperk.cz\/?p=374345","title":{"rendered":"NED\u011aLN\u00cd GLOS\u00c1\u0158 MIROSLAVA KORECK\u00c9HO \u2013 3. kv\u011btna 2026"},"content":{"rendered":"<p><img loading=\"lazy\" decoding=\"async\" class=\"aligncenter wp-image-276262 size-large\" src=\"https:\/\/zakrasnejsivimperk.cz\/wp-content\/uploads\/2023\/04\/02\/ram-korecky-1024x492.jpg\" alt=\"\" width=\"700\" height=\"336\" srcset=\"https:\/\/zakrasnejsivimperk.cz\/wp-content\/uploads\/2023\/04\/02\/ram-korecky-1024x492.jpg 1024w, https:\/\/zakrasnejsivimperk.cz\/wp-content\/uploads\/2023\/04\/02\/ram-korecky-300x144.jpg 300w, https:\/\/zakrasnejsivimperk.cz\/wp-content\/uploads\/2023\/04\/02\/ram-korecky-768x369.jpg 768w, https:\/\/zakrasnejsivimperk.cz\/wp-content\/uploads\/2023\/04\/02\/ram-korecky-744x357.jpg 744w, https:\/\/zakrasnejsivimperk.cz\/wp-content\/uploads\/2023\/04\/02\/ram-korecky-1006x483.jpg 1006w, https:\/\/zakrasnejsivimperk.cz\/wp-content\/uploads\/2023\/04\/02\/ram-korecky.jpg 1100w\" sizes=\"(max-width: 700px) 100vw, 700px\" \/><\/p>\n<p>&nbsp;<\/p>\n<p><img loading=\"lazy\" decoding=\"async\" class=\"aligncenter wp-image-374346 size-full\" src=\"https:\/\/zakrasnejsivimperk.cz\/wp-content\/uploads\/2026\/05\/02\/korecka-030526-1.jpg\" alt=\"\" width=\"754\" height=\"497\" srcset=\"https:\/\/zakrasnejsivimperk.cz\/wp-content\/uploads\/2026\/05\/02\/korecka-030526-1.jpg 754w, https:\/\/zakrasnejsivimperk.cz\/wp-content\/uploads\/2026\/05\/02\/korecka-030526-1-300x198.jpg 300w, https:\/\/zakrasnejsivimperk.cz\/wp-content\/uploads\/2026\/05\/02\/korecka-030526-1-100x65.jpg 100w, https:\/\/zakrasnejsivimperk.cz\/wp-content\/uploads\/2026\/05\/02\/korecka-030526-1-542x357.jpg 542w, https:\/\/zakrasnejsivimperk.cz\/wp-content\/uploads\/2026\/05\/02\/korecka-030526-1-733x483.jpg 733w\" sizes=\"(max-width: 754px) 100vw, 754px\" \/><\/p>\n<p>&nbsp;<\/p>\n<p><img loading=\"lazy\" decoding=\"async\" class=\"aligncenter wp-image-374347 size-full\" src=\"https:\/\/zakrasnejsivimperk.cz\/wp-content\/uploads\/2026\/05\/02\/korecka-030526-2.jpg\" alt=\"\" width=\"755\" height=\"557\" srcset=\"https:\/\/zakrasnejsivimperk.cz\/wp-content\/uploads\/2026\/05\/02\/korecka-030526-2.jpg 755w, https:\/\/zakrasnejsivimperk.cz\/wp-content\/uploads\/2026\/05\/02\/korecka-030526-2-300x221.jpg 300w, https:\/\/zakrasnejsivimperk.cz\/wp-content\/uploads\/2026\/05\/02\/korecka-030526-2-484x357.jpg 484w, https:\/\/zakrasnejsivimperk.cz\/wp-content\/uploads\/2026\/05\/02\/korecka-030526-2-655x483.jpg 655w\" sizes=\"(max-width: 755px) 100vw, 755px\" \/><\/p>\n<p>&nbsp;<\/p>\n<p><img loading=\"lazy\" decoding=\"async\" class=\"aligncenter wp-image-374348 size-full\" src=\"https:\/\/zakrasnejsivimperk.cz\/wp-content\/uploads\/2026\/05\/02\/korecka-030526-3.jpg\" alt=\"\" width=\"754\" height=\"807\" srcset=\"https:\/\/zakrasnejsivimperk.cz\/wp-content\/uploads\/2026\/05\/02\/korecka-030526-3.jpg 754w, https:\/\/zakrasnejsivimperk.cz\/wp-content\/uploads\/2026\/05\/02\/korecka-030526-3-280x300.jpg 280w, https:\/\/zakrasnejsivimperk.cz\/wp-content\/uploads\/2026\/05\/02\/korecka-030526-3-334x357.jpg 334w, https:\/\/zakrasnejsivimperk.cz\/wp-content\/uploads\/2026\/05\/02\/korecka-030526-3-451x483.jpg 451w\" sizes=\"(max-width: 754px) 100vw, 754px\" \/><\/p>\n<p>&nbsp;<\/p>\n<p><img loading=\"lazy\" decoding=\"async\" class=\"aligncenter wp-image-374349 size-full\" src=\"https:\/\/zakrasnejsivimperk.cz\/wp-content\/uploads\/2026\/05\/02\/korecka-030526-4.jpg\" alt=\"\" width=\"752\" height=\"657\" srcset=\"https:\/\/zakrasnejsivimperk.cz\/wp-content\/uploads\/2026\/05\/02\/korecka-030526-4.jpg 752w, https:\/\/zakrasnejsivimperk.cz\/wp-content\/uploads\/2026\/05\/02\/korecka-030526-4-300x262.jpg 300w, https:\/\/zakrasnejsivimperk.cz\/wp-content\/uploads\/2026\/05\/02\/korecka-030526-4-409x357.jpg 409w, https:\/\/zakrasnejsivimperk.cz\/wp-content\/uploads\/2026\/05\/02\/korecka-030526-4-553x483.jpg 553w\" sizes=\"(max-width: 752px) 100vw, 752px\" \/><\/p>\n<p>&nbsp;<\/p>\n<p><img loading=\"lazy\" decoding=\"async\" class=\"aligncenter wp-image-374350 size-full\" src=\"https:\/\/zakrasnejsivimperk.cz\/wp-content\/uploads\/2026\/05\/02\/korecka-030526-5.jpg\" alt=\"\" width=\"746\" height=\"858\" srcset=\"https:\/\/zakrasnejsivimperk.cz\/wp-content\/uploads\/2026\/05\/02\/korecka-030526-5.jpg 746w, https:\/\/zakrasnejsivimperk.cz\/wp-content\/uploads\/2026\/05\/02\/korecka-030526-5-261x300.jpg 261w, https:\/\/zakrasnejsivimperk.cz\/wp-content\/uploads\/2026\/05\/02\/korecka-030526-5-310x357.jpg 310w, https:\/\/zakrasnejsivimperk.cz\/wp-content\/uploads\/2026\/05\/02\/korecka-030526-5-420x483.jpg 420w\" sizes=\"(max-width: 746px) 100vw, 746px\" \/><\/p>\n<p>&nbsp;<\/p>\n<p><strong>Zdroj:\u00a0<a href=\"https:\/\/www.facebook.com\/miroslav.korecky.9\" target=\"_blank\" rel=\"noopener\">FACEBOOK<\/a><\/strong><\/p>\n<hr \/>\n<p>&nbsp;<\/p>\n","protected":false},"excerpt":{"rendered":"<p>&nbsp; &nbsp; <\/p>\n","protected":false},"author":2,"featured_media":276262,"comment_status":"open","ping_status":"open","sticky":false,"template":"","format":"gallery","meta":{"footnotes":""},"categories":[159,11],"tags":[],"jetpack_featured_media_url":"https:\/\/zakrasnejsivimperk.cz\/wp-content\/uploads\/2023\/04\/02\/ram-korecky.jpg","_links":{"self":[{"href":"https:\/\/zakrasnejsivimperk.cz\/index.php?rest_route=\/wp\/v2\/posts\/374345"}],"collection":[{"href":"https:\/\/zakrasnejsivimperk.cz\/index.php?rest_route=\/wp\/v2\/posts"}],"about":[{"href":"https:\/\/zakrasnejsivimperk.cz\/index.php?rest_route=\/wp\/v2\/types\/post"}],"author":[{"embeddable":true,"href":"https:\/\/zakrasnejsivimperk.cz\/index.php?rest_route=\/wp\/v2\/users\/2"}],"replies":[{"embeddable":true,"href":"https:\/\/zakrasnejsivimperk.cz\/index.php?rest_route=%2Fwp%2Fv2%2Fcomments&post=374345"}],"version-history":[{"count":1,"href":"https:\/\/zakrasnejsivimperk.cz\/index.php?rest_route=\/wp\/v2\/posts\/374345\/revisions"}],"predecessor-version":[{"id":374351,"href":"https:\/\/zakrasnejsivimperk.cz\/index.php?rest_route=\/wp\/v2\/posts\/374345\/revisions\/374351"}],"wp:featuredmedia":[{"embeddable":true,"href":"https:\/\/zakrasnejsivimperk.cz\/index.php?rest_route=\/wp\/v2\/media\/276262"}],"wp:attachment":[{"href":"https:\/\/zakrasnejsivimperk.cz\/index.php?rest_route=%2Fwp%2Fv2%2Fmedia&parent=374345"}],"wp:term":[{"taxonomy":"category","embeddable":true,"href":"https:\/\/zakrasnejsivimperk.cz\/index.php?rest_route=%2Fwp%2Fv2%2Fcategories&post=374345"},{"taxonomy":"post_tag","embeddable":true,"href":"https:\/\/zakrasnejsivimperk.cz\/index.php?rest_route=%2Fwp%2Fv2%2Ftags&post=374345"}],"curies":[{"name":"wp","href":"https:\/\/api.w.org\/{rel}","templated":true}]}}