{"id":374316,"date":"2026-05-02T09:20:35","date_gmt":"2026-05-02T08:20:35","guid":{"rendered":"https:\/\/zakrasnejsivimperk.cz\/?p=374316"},"modified":"2026-05-02T09:20:35","modified_gmt":"2026-05-02T08:20:35","slug":"prectete-si-u-nas-zpravodaj-nemocnice-ceske-budejovice-duben-2026","status":"publish","type":"post","link":"https:\/\/zakrasnejsivimperk.cz\/?p=374316","title":{"rendered":"P\u0158E\u010cT\u011aTE SI U N\u00c1S: Zpravodaj Nemocnice \u010cesk\u00e9 Bud\u011bjovice \u2013 duben 2026"},"content":{"rendered":"<h6>Zpravodaj ve form\u00e1tu PDF otev\u0159ete kliknut\u00edm na obr\u00e1zek:<\/h6>\n<p>&nbsp;<\/p>\n<p><a href=\"https:\/\/www.nemcb.cz\/files\/zpravodaj\/NEMOCNICNI_ZPRAVODAJ_duben_2026.pdf\" target=\"_blank\" rel=\"noopener\"><img loading=\"lazy\" decoding=\"async\" class=\"aligncenter wp-image-374318 size-full\" src=\"https:\/\/zakrasnejsivimperk.cz\/wp-content\/uploads\/2026\/05\/02\/zpravodaj-nemocnice-cb-0426.jpg\" alt=\"\" width=\"838\" height=\"1100\" srcset=\"https:\/\/zakrasnejsivimperk.cz\/wp-content\/uploads\/2026\/05\/02\/zpravodaj-nemocnice-cb-0426.jpg 838w, https:\/\/zakrasnejsivimperk.cz\/wp-content\/uploads\/2026\/05\/02\/zpravodaj-nemocnice-cb-0426-229x300.jpg 229w, https:\/\/zakrasnejsivimperk.cz\/wp-content\/uploads\/2026\/05\/02\/zpravodaj-nemocnice-cb-0426-780x1024.jpg 780w, https:\/\/zakrasnejsivimperk.cz\/wp-content\/uploads\/2026\/05\/02\/zpravodaj-nemocnice-cb-0426-768x1008.jpg 768w, https:\/\/zakrasnejsivimperk.cz\/wp-content\/uploads\/2026\/05\/02\/zpravodaj-nemocnice-cb-0426-272x357.jpg 272w, https:\/\/zakrasnejsivimperk.cz\/wp-content\/uploads\/2026\/05\/02\/zpravodaj-nemocnice-cb-0426-368x483.jpg 368w\" sizes=\"(max-width: 838px) 100vw, 838px\" \/><\/a><\/p>\n<hr \/>\n<p>&nbsp;<\/p>\n","protected":false},"excerpt":{"rendered":"<p>Zpravodaj ve <\/p>\n","protected":false},"author":2,"featured_media":374318,"comment_status":"open","ping_status":"open","sticky":false,"template":"","format":"gallery","meta":{"footnotes":""},"categories":[37,84],"tags":[],"jetpack_featured_media_url":"https:\/\/zakrasnejsivimperk.cz\/wp-content\/uploads\/2026\/05\/02\/zpravodaj-nemocnice-cb-0426.jpg","_links":{"self":[{"href":"https:\/\/zakrasnejsivimperk.cz\/index.php?rest_route=\/wp\/v2\/posts\/374316"}],"collection":[{"href":"https:\/\/zakrasnejsivimperk.cz\/index.php?rest_route=\/wp\/v2\/posts"}],"about":[{"href":"https:\/\/zakrasnejsivimperk.cz\/index.php?rest_route=\/wp\/v2\/types\/post"}],"author":[{"embeddable":true,"href":"https:\/\/zakrasnejsivimperk.cz\/index.php?rest_route=\/wp\/v2\/users\/2"}],"replies":[{"embeddable":true,"href":"https:\/\/zakrasnejsivimperk.cz\/index.php?rest_route=%2Fwp%2Fv2%2Fcomments&post=374316"}],"version-history":[{"count":1,"href":"https:\/\/zakrasnejsivimperk.cz\/index.php?rest_route=\/wp\/v2\/posts\/374316\/revisions"}],"predecessor-version":[{"id":374319,"href":"https:\/\/zakrasnejsivimperk.cz\/index.php?rest_route=\/wp\/v2\/posts\/374316\/revisions\/374319"}],"wp:featuredmedia":[{"embeddable":true,"href":"https:\/\/zakrasnejsivimperk.cz\/index.php?rest_route=\/wp\/v2\/media\/374318"}],"wp:attachment":[{"href":"https:\/\/zakrasnejsivimperk.cz\/index.php?rest_route=%2Fwp%2Fv2%2Fmedia&parent=374316"}],"wp:term":[{"taxonomy":"category","embeddable":true,"href":"https:\/\/zakrasnejsivimperk.cz\/index.php?rest_route=%2Fwp%2Fv2%2Fcategories&post=374316"},{"taxonomy":"post_tag","embeddable":true,"href":"https:\/\/zakrasnejsivimperk.cz\/index.php?rest_route=%2Fwp%2Fv2%2Ftags&post=374316"}],"curies":[{"name":"wp","href":"https:\/\/api.w.org\/{rel}","templated":true}]}}