{"id":374278,"date":"2026-05-01T12:46:27","date_gmt":"2026-05-01T11:46:27","guid":{"rendered":"https:\/\/zakrasnejsivimperk.cz\/?p=374278"},"modified":"2026-05-01T12:46:27","modified_gmt":"2026-05-01T11:46:27","slug":"jizni-cechy-v-pondeli-zacne-u-kardasovy-recice-uplna-uzavirka-silnice-i-23","status":"publish","type":"post","link":"https:\/\/zakrasnejsivimperk.cz\/?p=374278","title":{"rendered":"JI\u017dN\u00cd \u010cECHY: V pond\u011bl\u00ed za\u010dne u Karda\u0161ovy \u0158e\u010dice \u00fapln\u00e1 uzav\u00edrka silnice I\/23"},"content":{"rendered":"<p><img loading=\"lazy\" decoding=\"async\" class=\"aligncenter wp-image-299322 size-medium\" src=\"https:\/\/zakrasnejsivimperk.cz\/wp-content\/uploads\/2024\/02\/29\/rsd-logo-x-300x134.jpg\" alt=\"\" width=\"300\" height=\"134\" srcset=\"https:\/\/zakrasnejsivimperk.cz\/wp-content\/uploads\/2024\/02\/29\/rsd-logo-x-300x134.jpg 300w, https:\/\/zakrasnejsivimperk.cz\/wp-content\/uploads\/2024\/02\/29\/rsd-logo-x-1024x458.jpg 1024w, https:\/\/zakrasnejsivimperk.cz\/wp-content\/uploads\/2024\/02\/29\/rsd-logo-x-768x344.jpg 768w, https:\/\/zakrasnejsivimperk.cz\/wp-content\/uploads\/2024\/02\/29\/rsd-logo-x-1074x483.jpg 1074w, https:\/\/zakrasnejsivimperk.cz\/wp-content\/uploads\/2024\/02\/29\/rsd-logo-x-798x357.jpg 798w, https:\/\/zakrasnejsivimperk.cz\/wp-content\/uploads\/2024\/02\/29\/rsd-logo-x-1080x483.jpg 1080w, https:\/\/zakrasnejsivimperk.cz\/wp-content\/uploads\/2024\/02\/29\/rsd-logo-x.jpg 1100w\" sizes=\"(max-width: 300px) 100vw, 300px\" \/><\/p>\n<p>&nbsp;<\/p>\n<h6 class=\"-wm-MsoNormal\"><b>Od pond\u011bl\u00ed 4. kv\u011btna mus\u00ed \u0159idi\u010di na silnici I\/23 nedaleko Karda\u0161ovy \u0158e\u010dice po\u010d\u00edtat s \u00faplnou uzav\u00edrkou silnice I. t\u0159\u00eddy. Mezi obcemi Z\u00e1ho\u0159\u00ed a Ple\u0161e toti\u017e za\u010dnou pr\u00e1ce na oprav\u011b povrchu vozovky.<\/b><\/h6>\n<p class=\"-wm-MsoNormal\">Zhruba dvoukilometrov\u00fd \u00fasek silnice I\/23 mezi zm\u00edn\u011bn\u00fdmi obcemi vykazuje \u0159adu z\u00e1vad, jako jsou s\u00ed\u0165ov\u00e9, p\u0159\u00ed\u010dn\u00e9 a pod\u00e9ln\u00e9 trhliny, m\u00edrn\u011b vyjet\u00e9 koleje, odlamuj\u00edc\u00ed se kraje nebo lok\u00e1ln\u00ed poklesy vozovky. Z toho d\u016fvodu zde bude b\u011bhem n\u00e1sleduj\u00edc\u00edch dvou m\u011bs\u00edc\u016f provedena oprava svrchn\u00edch konstruk\u010dn\u00edch vrstev vozovky, upraveny budou krajnice a opravou projde i odvodn\u011bn\u00ed cel\u00e9 komunikace.<\/p>\n<p class=\"-wm-MsoNormal\">Po dobu prov\u00e1d\u011bn\u00ed oprav vozovky dojde k \u00fapln\u00e9 uzav\u00edrce silnice I\/23. Jeden z hlavn\u00edch tah\u016f na Jind\u0159ich\u016fv Hradec tak bude v term\u00ednu od 4. 5. do 2. 7. zcela uzav\u0159en.<\/p>\n<p class=\"-wm-MsoNormal\">Obousm\u011brn\u00e1\u00a0<b>obj\u00edzdn\u00e1 trasa pro vozidla do 3,5 tuny<\/b>\u00a0bude vedena po silnici II\/147 od k\u0159i\u017eovatky se silnicemi I\/23 a III\/13525 v Karda\u0161ov\u011b \u0158e\u010dici p\u0159es obce N\u00edtovice a Drahov do Vesel\u00ed nad Lu\u017enic\u00ed, na k\u0159i\u017eovatku se silnic\u00ed II\/603, a d\u00e1le po silnici II\/603 a navazuj\u00edc\u00ed silnici I\/3 zp\u011bt na silnici I\/23.<\/p>\n<p class=\"-wm-MsoNormal\">Obousm\u011brn\u00e1\u00a0<b>obj\u00edzdn\u00e1 trasa pro vozidla nad 3,5 tuny<\/b>\u00a0bude vedena po silnici I\/23 od k\u0159i\u017eovatky se silnicemi II\/147 a III\/13525 v Karda\u0161ov\u011b \u0158e\u010dici do Jind\u0159ichova Hradce na okru\u017en\u00ed k\u0159i\u017eovatku se silnic\u00ed I\/34, odtud po silnici I\/34 p\u0159es obce Horn\u00ed \u017d\u010f\u00e1r, L\u00e1senice, Ml\u00e1ka a Star\u00e1 Hl\u00edna do T\u0159ebon\u011b na mimo\u00farov\u0148ovou k\u0159i\u017eovatku se silnic\u00ed I\/24 (ul. Jir\u00e1skova) a d\u00e1le po t\u00e9to silnici I\/24 p\u0159es Lomnici nad Lu\u017enic\u00ed k d\u00e1lnici D3 u Vesel\u00ed nad Lu\u017enic\u00ed, d\u00e1le po d\u00e1lnici D3 a\u017e na exit 100 a t\u00edmto v\u00fdjezdem zp\u011bt na silnici I\/23.<\/p>\n<p>&nbsp;<\/p>\n<p><strong>Adam KOLOU\u0160EK, \u0158editelstv\u00ed silnic a d\u00e1lnic<\/strong><\/p>\n<hr \/>\n<p>&nbsp;<\/p>\n<h6>Informovali jsme:<\/h6>\n<h4 class=\"entry-title\"><a href=\"https:\/\/zakrasnejsivimperk.cz\/?p=374072\" target=\"_blank\" rel=\"noopener\">JI\u017dN\u00cd \u010cECHY: Je\u0161t\u011b p\u0159ed kv\u011btnov\u00fdmi sv\u00e1tky \u010dekejte omezen\u00ed u Krasejovky<\/a><\/h4>\n<hr \/>\n<p>&nbsp;<\/p>\n","protected":false},"excerpt":{"rendered":"<p>&nbsp; Od <\/p>\n","protected":false},"author":2,"featured_media":299322,"comment_status":"open","ping_status":"open","sticky":false,"template":"","format":"gallery","meta":{"footnotes":""},"categories":[19],"tags":[],"jetpack_featured_media_url":"https:\/\/zakrasnejsivimperk.cz\/wp-content\/uploads\/2024\/02\/29\/rsd-logo-x.jpg","_links":{"self":[{"href":"https:\/\/zakrasnejsivimperk.cz\/index.php?rest_route=\/wp\/v2\/posts\/374278"}],"collection":[{"href":"https:\/\/zakrasnejsivimperk.cz\/index.php?rest_route=\/wp\/v2\/posts"}],"about":[{"href":"https:\/\/zakrasnejsivimperk.cz\/index.php?rest_route=\/wp\/v2\/types\/post"}],"author":[{"embeddable":true,"href":"https:\/\/zakrasnejsivimperk.cz\/index.php?rest_route=\/wp\/v2\/users\/2"}],"replies":[{"embeddable":true,"href":"https:\/\/zakrasnejsivimperk.cz\/index.php?rest_route=%2Fwp%2Fv2%2Fcomments&post=374278"}],"version-history":[{"count":1,"href":"https:\/\/zakrasnejsivimperk.cz\/index.php?rest_route=\/wp\/v2\/posts\/374278\/revisions"}],"predecessor-version":[{"id":374279,"href":"https:\/\/zakrasnejsivimperk.cz\/index.php?rest_route=\/wp\/v2\/posts\/374278\/revisions\/374279"}],"wp:featuredmedia":[{"embeddable":true,"href":"https:\/\/zakrasnejsivimperk.cz\/index.php?rest_route=\/wp\/v2\/media\/299322"}],"wp:attachment":[{"href":"https:\/\/zakrasnejsivimperk.cz\/index.php?rest_route=%2Fwp%2Fv2%2Fmedia&parent=374278"}],"wp:term":[{"taxonomy":"category","embeddable":true,"href":"https:\/\/zakrasnejsivimperk.cz\/index.php?rest_route=%2Fwp%2Fv2%2Fcategories&post=374278"},{"taxonomy":"post_tag","embeddable":true,"href":"https:\/\/zakrasnejsivimperk.cz\/index.php?rest_route=%2Fwp%2Fv2%2Ftags&post=374278"}],"curies":[{"name":"wp","href":"https:\/\/api.w.org\/{rel}","templated":true}]}}