{"id":374266,"date":"2026-05-01T11:53:48","date_gmt":"2026-05-01T10:53:48","guid":{"rendered":"https:\/\/zakrasnejsivimperk.cz\/?p=374266"},"modified":"2026-05-01T11:53:48","modified_gmt":"2026-05-01T10:53:48","slug":"vseobecna-zdravotni-pojistovna-aplikace-moje-vzp-bude-mit-vyssi-zabezpeceni-pouziva-ji-uz-3-miliony-klientu","status":"publish","type":"post","link":"https:\/\/zakrasnejsivimperk.cz\/?p=374266","title":{"rendered":"V\u0160EOBECN\u00c1 ZDRAVOTN\u00cd POJI\u0160\u0164OVNA: Aplikace Moje VZP bude m\u00edt vy\u0161\u0161\u00ed zabezpe\u010den\u00ed, pou\u017e\u00edv\u00e1 ji u\u017e 3 miliony klient\u016f"},"content":{"rendered":"<p><img loading=\"lazy\" decoding=\"async\" class=\"aligncenter wp-image-201756 size-full\" src=\"https:\/\/zakrasnejsivimperk.cz\/wp-content\/uploads\/2020\/08\/31\/vzp-logo.png\" alt=\"\" width=\"646\" height=\"223\" srcset=\"https:\/\/zakrasnejsivimperk.cz\/wp-content\/uploads\/2020\/08\/31\/vzp-logo.png 646w, https:\/\/zakrasnejsivimperk.cz\/wp-content\/uploads\/2020\/08\/31\/vzp-logo-300x104.png 300w\" sizes=\"(max-width: 646px) 100vw, 646px\" \/><\/p>\n<h6 class=\"-wm-MsoNormal\"><b>T\u00e9m\u011b\u0159 3 miliony klient\u016f V\u0161eobecn\u00e9 zdravotn\u00ed poji\u0161\u0165ovny aktivn\u011b vyu\u017e\u00edv\u00e1 mobiln\u00ed aplikaci Moje VZP. \u0158e\u0161it d\u00edky n\u00ed mohou agendu spojenou se zdravotn\u00edm poji\u0161t\u011bn\u00edm bez nutnosti n\u00e1v\u0161t\u011bvy pobo\u010dky pohodln\u011b z\u00a0domova. Aplikace bude nov\u011b p\u0159\u00edstupn\u00e1 pomoc\u00ed PIN nebo p\u0159es biometrick\u00e9 \u00fadaje pro vy\u0161\u0161\u00ed bezpe\u010dnost a pro urychlen\u00ed p\u0159\u00edstupu k\u00a0dat\u016fm aplikace. Nov\u011b uk\u00e1\u017ee p\u0159ehled vydan\u00fdch l\u00e9k\u016f \u010di umo\u017en\u00ed nahl\u00e1sit n\u00e1vrat z\u00a0dlouhodob\u00e9ho pobytu v zahrani\u010d\u00ed. Od roku 2021 p\u0159es Moje VZP podali klienti p\u0159es 6,3 milionu po\u017eadavk\u016f.<\/b><\/h6>\n<p class=\"-wm-MsoNormal\"><i>\u201eAplikace Moje VZP se od roku 2021 kontinu\u00e1ln\u011b vyv\u00edj\u00ed a pom\u00e1h\u00e1 vy\u0159\u00eddit nap\u0159\u00edklad p\u0159\u00edsp\u011bvek z fondu prevence, novou karti\u010dku poji\u0161t\u011bnce, p\u0159ihl\u00e1\u0161en\u00ed novorozence nebo registraci jako OSV\u010c k platb\u011b m\u011bs\u00ed\u010dn\u00edch z\u00e1loh na pojistn\u00e9. Proto\u017ee se osv\u011bd\u010dila, d\u00e1l roz\u0161i\u0159ujeme jej\u00ed funkcionality. Nap\u0159\u00edklad v\u00a0leto\u0161n\u00edm roce u\u0161et\u0159\u00ed klient cestu na pobo\u010dku v\u00a0p\u0159\u00edpad\u011b, \u017ee odj\u00ed\u017ed\u00ed nebo se vrac\u00ed z\u00a0dlouhodob\u00e9ho pobytu v\u00a0zahrani\u010d\u00ed. I to nov\u011b m\u016f\u017ee nahl\u00e1sit p\u0159es aplikaci Moje VZP,\u201c<\/i>\u00a0\u0159\u00edk\u00e1\u00a0Michal Nezbeda, n\u00e1m\u011bstek \u0159editele VZP pro slu\u017eby klient\u016fm, a dod\u00e1v\u00e1:\u00a0<i>\u201eVzhledem k\u00a0mno\u017estv\u00ed citliv\u00fdch dat jsme se rozhodli pro velkou zm\u011bnu v\u00a0p\u0159ihla\u0161ov\u00e1n\u00ed do mobiln\u00ed aplikace. Nov\u011b bude p\u0159es PIN nebo biometrick\u00e9 \u00fadaje \u010di p\u0159es ob\u011b mo\u017enosti. Po vy\u0161\u0161\u00edm zabezpe\u010den\u00ed volali i na\u0161i klienti.\u201c<\/i><\/p>\n<p class=\"-wm-MsoNormal\">Aplikace je p\u0159\u00edstupn\u00e1 pro zrakov\u011b hendikepovan\u00e9 klienty a v pr\u016fb\u011bhu kv\u011btna bude p\u0159\u00edstupn\u00e1 i klient\u016fm se sluchov\u00fdm hendikepem. Obsahovat bude i n\u00e1vod pro registraci s tlumo\u010den\u00edm do znakov\u00e9 \u0159e\u010di a\u00a0titulky pro registraci. Novinkou je tak\u00e9 spojen\u00ed s\u00a0<strong><a href=\"https:\/\/www.klubpevnehozdravi.cz\/\" target=\"_blank\" rel=\"noopener\">Klubem pevn\u00e9ho zdrav\u00ed<\/a>,<\/strong> kde mohou klienti \u010derpat v\u00fdhody a slevy nap\u0159\u00edklad na p\u00e9\u010di o zuby, cestov\u00e1n\u00ed nebo dopl\u0148ky stravy.<\/p>\n<h6 class=\"-wm-MsoNormal\"><b>Zad\u00e1n\u00ed PIN bude nutnost\u00ed<\/b><\/h6>\n<p class=\"-wm-MsoNormal\">Na z\u00e1klad\u011b pot\u0159eby se VZP rozhodla nastavit pro p\u0159\u00edstup do aplikace Moje VZP PIN nebo biometrick\u00e9 \u00fadaje. Pr\u00e1v\u011b biometrick\u00e9 ov\u011b\u0159en\u00ed si mohou klienti voliteln\u011b aktivovat (otisk prstu nebo rozpozn\u00e1n\u00ed obli\u010deje) podle mo\u017enost\u00ed jejich za\u0159\u00edzen\u00ed. Samoz\u0159ejm\u00e1 je mo\u017enost zvolit PIN a biometrick\u00e9 \u00fadaje spole\u010dn\u011b. N\u00e1vod k nov\u00e9mu p\u0159ihl\u00e1\u0161en\u00ed pomoc\u00ed biometrick\u00fdch \u00fadaj\u016f je k\u00a0dispozici na\u00a0<strong><a href=\"https:\/\/www.vzp.cz\/e-vzp\/moje-vzp\/reseni-problemu\/problemy-s-prihlasenim\" target=\"_blank\" rel=\"noopener\">str\u00e1nk\u00e1ch VZP<\/a>.<\/strong><\/p>\n<h6 class=\"-wm-MsoNormal\"><b>Novinky v\u00a0aplikaci Moje VZP v\u00a0roce 2026:<\/b><\/h6>\n<ul type=\"disc\">\n<li class=\"-wm-MsoListParagraph\">p\u0159ehled vydan\u00fdch l\u00e9k\u016f;<\/li>\n<li class=\"-wm-MsoListParagraph\">p\u0159ehled OSV\u010c za rok 2025 \u2013 nov\u011b lze i p\u0159es mobiln\u00ed aplikaci;<\/li>\n<li class=\"-wm-MsoListParagraph\">hl\u00e1\u0161en\u00ed n\u00e1vratu z dlouhodob\u00e9ho pobytu v\u00a0zahrani\u010d\u00ed;<\/li>\n<li class=\"-wm-MsoListParagraph\">nahl\u00e1\u0161en\u00ed p\u00e9\u010de o d\u00edt\u011b do 7 let v\u011bku v\u010detn\u011b vygenerov\u00e1n\u00ed potvrzen\u00ed pro zam\u011bstnavatele;<\/li>\n<li class=\"-wm-MsoListParagraph\">p\u0159ehled \u00fahrad zdravotn\u00ed p\u00e9\u010de \u2013 dopln\u011bn\u00ed dal\u0161\u00edch v\u00fdkon\u016f;<\/li>\n<li class=\"-wm-MsoListParagraph\"><a href=\"https:\/\/www.vzp.cz\/o-nas\/aktuality\/vyhody-klubu-pevneho-zdravi-mohou-nove-cerpat-vsichni-klienti-vzp\" target=\"_blank\" rel=\"noopener\">Klub Pevn\u00e9ho zdrav\u00ed<\/a>;<\/li>\n<li class=\"-wm-MsoListParagraph\">zabezpe\u010den\u00ed v\u00a0mobiln\u00ed aplikaci pomoc\u00ed PIN a biometrie;<\/li>\n<li class=\"-wm-MsoListParagraph\"><b>b\u011bhem kv\u011btna bude p\u0159\u00edstupn\u00e1 i pro sluchov\u011b hendikepovan\u00e9 klienty<\/b>.<\/li>\n<\/ul>\n<h6 class=\"-wm-MsoNormal\"><b>Nejobl\u00edben\u011bj\u0161\u00ed funkcionality Moje VZP:<\/b><b><\/b><\/h6>\n<ul type=\"disc\">\n<li class=\"-wm-MsoListParagraph\">pod\u00e1n\u00ed \u017e\u00e1dosti o p\u0159\u00edsp\u011bvek z\u00a0fondu prevence (v\u010detn\u011b nahr\u00e1n\u00ed platebn\u00edho dokladu);<\/li>\n<li class=\"-wm-MsoListParagraph\">okam\u017eit\u00fd p\u0159ehled o \u010derpan\u00e9 a uhrazen\u00e9 p\u00e9\u010di;<\/li>\n<li class=\"-wm-MsoListParagraph\">evidence z\u00e1stupce d\u00edt\u011bte;<\/li>\n<li class=\"-wm-MsoListParagraph\">zobrazen\u00ed pr\u016fkazu poji\u0161t\u011bnce;<\/li>\n<li class=\"-wm-MsoListParagraph\">nahl\u00e1\u0161en\u00ed zm\u011bny kontaktn\u00edch \u00fadaj\u016f (kontaktn\u00ed adresa, telefon, e-mail a bankovn\u00ed \u00fa\u010det);<\/li>\n<li class=\"-wm-MsoListParagraph\">zm\u011bny v\u00a0evidenci platby pojistn\u00e9ho (nap\u0159. p\u0159echod na studium, registrace OSV\u010c apod.);<\/li>\n<li class=\"-wm-MsoListParagraph\">\u017e\u00e1dost o bezdlu\u017enost;<\/li>\n<li class=\"-wm-MsoListParagraph\">\u017e\u00e1dost o vr\u00e1cen\u00ed p\u0159eplatku.<\/li>\n<\/ul>\n<h6 class=\"-wm-MsoNormal\"><strong>Miliony po\u017eadavk\u016f od spu\u0161t\u011bn\u00ed aplikace Moje VZP<\/strong><\/h6>\n<p class=\"-wm-MsoNormal\">Od spu\u0161t\u011bn\u00ed aplikace Moje VZP bylo pod\u00e1no p\u0159es\u00a0<b>6,33 milion\u016f \u017e\u00e1dost\u00ed<\/b>. Nej\u010dast\u011bji se jednalo o \u017e\u00e1dost o p\u0159\u00edsp\u011bvek z\u00a0fondu prevence, nahl\u00e1\u0161en\u00ed zm\u011bny v\u00a0evidenci, registraci d\u00edt\u011bte nebo \u017e\u00e1dost o zastupov\u00e1n\u00ed d\u00edt\u011bte. Hojn\u011b vyu\u017e\u00edvan\u00e9 jsou i \u017e\u00e1dosti o zm\u011bnu kontaktn\u00edch \u00fadaj\u016f \u010di o vyd\u00e1n\u00ed nov\u00e9ho pr\u016fkazu poji\u0161t\u011bnce v\u00a0p\u0159\u00edpad\u011b jeho ztr\u00e1ty.<\/p>\n<p><img loading=\"lazy\" decoding=\"async\" class=\"aligncenter wp-image-374267 size-full\" src=\"https:\/\/zakrasnejsivimperk.cz\/wp-content\/uploads\/2026\/05\/01\/tabulka-vzp.jpg\" alt=\"\" width=\"740\" height=\"213\" srcset=\"https:\/\/zakrasnejsivimperk.cz\/wp-content\/uploads\/2026\/05\/01\/tabulka-vzp.jpg 740w, https:\/\/zakrasnejsivimperk.cz\/wp-content\/uploads\/2026\/05\/01\/tabulka-vzp-300x86.jpg 300w\" sizes=\"(max-width: 740px) 100vw, 740px\" \/><\/p>\n<p class=\"-wm-MsoNormal\">Aplikace Moje VZP je p\u0159\u00edstupn\u00e1 tak\u00e9 \u017eadatel\u016fm o mezin\u00e1rodn\u00ed ochranu z Ukrajiny. Ti si jej\u00edm prost\u0159ednictv\u00edm podali p\u0159es 322 tis\u00edc \u017e\u00e1dost\u00ed, nej\u010dast\u011bji se t\u00fdkaly obnovy pr\u016fkazu poji\u0161t\u011bn\u00ed, tzv.\u00a0prodlou\u017een\u00ed strp\u011bn\u00ed v\u00a0\u010cesk\u00e9 republice.<\/p>\n<p class=\"-wm-MsoNormal\">Od 25. listopadu 2024 je nav\u00edc mo\u017en\u00e9 ve v\u0161ech pobo\u010dk\u00e1ch VZP \u010cR vyu\u017e\u00edt k identifikaci elektronick\u00fd ob\u010dansk\u00fd pr\u016fkaz prost\u0159ednictv\u00edm aplikace eDoklady.<\/p>\n<div>\n<h6><b>Vstup do aplikace Moje VZP<\/b><\/h6>\n<p>Klienti se mohou registrovat do aplikace\u00a0<strong><a href=\"https:\/\/www.vzp.cz\/e-vzp\/moje-vzp\" target=\"_blank\" rel=\"noopener\">Moje VZP<\/a><\/strong>\u00a0pohodln\u011b online nap\u0159\u00edklad prost\u0159ednictv\u00edm bankovn\u00ed identity (Bank iD) nebo Identity ob\u010dana. Po v\u00fdb\u011bru preferovan\u00e9 mo\u017enosti se sta\u010d\u00ed p\u0159ihl\u00e1sit do aplikace a \u0159\u00eddit se pokyny k dokon\u010den\u00ed registra\u010dn\u00edho procesu. Cel\u00fd postup je intuitivn\u00ed a trv\u00e1 jen n\u011bkolik minut.\u00a0Ov\u011b\u0159en\u00ed a zp\u0159\u00edstupn\u011bn\u00ed \u00fa\u010dtu prob\u011bhne okam\u017eit\u011b.<\/p>\n<p>Pro vstup do aplikace lze vyu\u017e\u00edt\u00a0<a href=\"https:\/\/auth.vzp.cz\/registrace\" target=\"_blank\" rel=\"noopener\"><strong>registra\u010dn\u00ed formul\u00e1\u0159<\/strong>.<\/a>\u00a0K registraci je nutn\u00e9 m\u00edt k dispozici pr\u016fkaz poji\u0161t\u011bnce, e-mailovou adresu a mobiln\u00ed telefon. Po vypln\u011bn\u00ed formul\u00e1\u0159e obdr\u017e\u00ed klient doporu\u010denou po\u0161tou p\u0159ibli\u017en\u011b do 14 dn\u016f na uvedenou kontaktn\u00ed adresu\u00a0<strong><a href=\"https:\/\/www.vzp.cz\/e-vzp\/moje-vzp\/aktivace\" target=\"_blank\" rel=\"noopener\">aktiva\u010dn\u00ed kl\u00ed\u010d<\/a><\/strong>, kter\u00fd slou\u017e\u00ed k ov\u011b\u0159en\u00ed jeho toto\u017enosti. Registraci dokon\u010d\u00ed a \u00fa\u010det aktivuje po p\u0159ihl\u00e1\u0161en\u00ed do Moje VZP vlo\u017een\u00edm aktiva\u010dn\u00edho kl\u00ed\u010de do p\u0159\u00edslu\u0161n\u00e9ho pole a t\u00edm z\u00edsk\u00e1 p\u0159\u00edstup ke sv\u00e9mu \u00fa\u010dtu v aplikaci.<\/p>\n<p>P\u0159i registraci na kter\u00e9koliv\u00a0<strong><a href=\"http:\/\/www.vzp.cz\/pobocky\" target=\"_blank\" rel=\"noopener\">pobo\u010dce VZP<\/a><\/strong>\u00a0obdr\u017e\u00ed klient aktiva\u010dn\u00ed kl\u00ed\u010d od pracovn\u00edk\u016f VZP,\u00a0vlo\u017e\u00ed jej do\u00a0aktiva\u010dn\u00ed aplikace a\u00a0<strong><a href=\"https:\/\/www.vzp.cz\/e-vzp\/moje-vzp\/aktivace\" target=\"_blank\" rel=\"noopener\">ov\u011b\u0159\u00ed sv\u00e9 p\u0159\u00edstupov\u00e9 \u00fadaje<\/a>\u00a0<\/strong>zadan\u00e9 p\u0159i registraci na klientsk\u00e9m pracovi\u0161ti. N\u00e1sledn\u011b kliknut\u00edm na tla\u010d\u00edtko &#8220;Dokon\u010dit \u017e\u00e1dost&#8221; sv\u016fj \u00fa\u010det aktivuje. Jakmile je tento krok spln\u011bn, m\u016f\u017ee aplikaci Moje VZP za\u010d\u00edt kdykoli pou\u017e\u00edvat.<\/p>\n<p><b>VZP \u010cR na p\u0159ihl\u00e1\u0161en\u00ed do aplikace Moje VZP p\u0159ipravila i\u00a0<\/b><a href=\"https:\/\/www.vzp.cz\/e-vzp\/video-navody-moje-vzp\" target=\"_blank\" rel=\"noopener\"><b>videoporadnu<\/b><\/a><b>.<\/b><\/p>\n<\/div>\n<p>&nbsp;<\/p>\n<p><strong>(vzp)<\/strong><\/p>\n<hr \/>\n<p>&nbsp;<\/p>\n","protected":false},"excerpt":{"rendered":"<p>T\u00e9m\u011b\u0159 3 <\/p>\n","protected":false},"author":2,"featured_media":374268,"comment_status":"open","ping_status":"open","sticky":false,"template":"","format":"gallery","meta":{"footnotes":""},"categories":[88],"tags":[],"jetpack_featured_media_url":"https:\/\/zakrasnejsivimperk.cz\/wp-content\/uploads\/2026\/05\/01\/ram-aplikace.jpg","_links":{"self":[{"href":"https:\/\/zakrasnejsivimperk.cz\/index.php?rest_route=\/wp\/v2\/posts\/374266"}],"collection":[{"href":"https:\/\/zakrasnejsivimperk.cz\/index.php?rest_route=\/wp\/v2\/posts"}],"about":[{"href":"https:\/\/zakrasnejsivimperk.cz\/index.php?rest_route=\/wp\/v2\/types\/post"}],"author":[{"embeddable":true,"href":"https:\/\/zakrasnejsivimperk.cz\/index.php?rest_route=\/wp\/v2\/users\/2"}],"replies":[{"embeddable":true,"href":"https:\/\/zakrasnejsivimperk.cz\/index.php?rest_route=%2Fwp%2Fv2%2Fcomments&post=374266"}],"version-history":[{"count":1,"href":"https:\/\/zakrasnejsivimperk.cz\/index.php?rest_route=\/wp\/v2\/posts\/374266\/revisions"}],"predecessor-version":[{"id":374269,"href":"https:\/\/zakrasnejsivimperk.cz\/index.php?rest_route=\/wp\/v2\/posts\/374266\/revisions\/374269"}],"wp:featuredmedia":[{"embeddable":true,"href":"https:\/\/zakrasnejsivimperk.cz\/index.php?rest_route=\/wp\/v2\/media\/374268"}],"wp:attachment":[{"href":"https:\/\/zakrasnejsivimperk.cz\/index.php?rest_route=%2Fwp%2Fv2%2Fmedia&parent=374266"}],"wp:term":[{"taxonomy":"category","embeddable":true,"href":"https:\/\/zakrasnejsivimperk.cz\/index.php?rest_route=%2Fwp%2Fv2%2Fcategories&post=374266"},{"taxonomy":"post_tag","embeddable":true,"href":"https:\/\/zakrasnejsivimperk.cz\/index.php?rest_route=%2Fwp%2Fv2%2Ftags&post=374266"}],"curies":[{"name":"wp","href":"https:\/\/api.w.org\/{rel}","templated":true}]}}