{"id":374256,"date":"2026-05-01T09:28:57","date_gmt":"2026-05-01T08:28:57","guid":{"rendered":"https:\/\/zakrasnejsivimperk.cz\/?p=374256"},"modified":"2026-05-01T09:28:57","modified_gmt":"2026-05-01T08:28:57","slug":"nase-mesto-vimperk-komunalni-volby-2026-popelnice-pretekaji-radnice-si-tleska-za-usporu","status":"publish","type":"post","link":"https:\/\/zakrasnejsivimperk.cz\/?p=374256","title":{"rendered":"NA\u0160E M\u011aSTO VIMPERK \u2013 KOMUN\u00c1LN\u00cd VOLBY 2026: Popelnice p\u0159et\u00e9kaj\u00ed, radnice si tlesk\u00e1 za \u00fasporu"},"content":{"rendered":"<figure id=\"attachment_374257\" aria-describedby=\"caption-attachment-374257\" style=\"width: 1006px\" class=\"wp-caption aligncenter\"><img loading=\"lazy\" decoding=\"async\" class=\"wp-image-374257 size-full\" src=\"https:\/\/zakrasnejsivimperk.cz\/wp-content\/uploads\/2026\/05\/01\/odpady.jpg\" alt=\"\" width=\"1006\" height=\"534\" srcset=\"https:\/\/zakrasnejsivimperk.cz\/wp-content\/uploads\/2026\/05\/01\/odpady.jpg 1006w, https:\/\/zakrasnejsivimperk.cz\/wp-content\/uploads\/2026\/05\/01\/odpady-300x159.jpg 300w, https:\/\/zakrasnejsivimperk.cz\/wp-content\/uploads\/2026\/05\/01\/odpady-768x408.jpg 768w, https:\/\/zakrasnejsivimperk.cz\/wp-content\/uploads\/2026\/05\/01\/odpady-673x357.jpg 673w, https:\/\/zakrasnejsivimperk.cz\/wp-content\/uploads\/2026\/05\/01\/odpady-910x483.jpg 910w\" sizes=\"(max-width: 1006px) 100vw, 1006px\" \/><figcaption id=\"caption-attachment-374257\" class=\"wp-caption-text\">Ilustra\u010dn\u00ed foto: Za kr\u00e1sn\u011bj\u0161\u00ed Vimperk<\/figcaption><\/figure>\n<hr \/>\n<p>&nbsp;<\/p>\n<h6>Veden\u00ed Vimperka rozhodlo, \u017ee svoz komun\u00e1ln\u00edho odpadu bude pro v\u011bt\u0161inu ob\u010dan\u016f nov\u011b prob\u00edhat pouze jednou za 14 dn\u00ed. Hlavn\u00edm d\u016fvodem m\u00e1 b\u00fdt \u00faspora p\u0159ibli\u017en\u011b 700 a\u017e 800 tis\u00edc korun ro\u010dn\u011b. Svoz komun\u00e1ln\u00edho odpadu nevn\u00edm\u00e1m jako n\u011bjak\u00fd nadstandard, na kter\u00e9m se d\u00e1 jednodu\u0161e \u0161et\u0159it. Je to z\u00e1kladn\u00ed slu\u017eba pro ob\u010dany, stejn\u011b jako p\u00e9\u010de o zele\u0148, sport, kultura nebo \u00fadr\u017eba ve\u0159ejn\u00e9ho prostoru. Je to sou\u010d\u00e1st kvality \u017eivota ve m\u011bst\u011b. Pokud radnice omez\u00ed pr\u00e1v\u011b tuto slu\u017ebu, dopad poc\u00edt\u00ed lid\u00e9 okam\u017eit\u011b a ka\u017ed\u00fd den.<\/h6>\n<p><img loading=\"lazy\" decoding=\"async\" class=\"size-medium wp-image-367427 alignright\" src=\"https:\/\/zakrasnejsivimperk.cz\/wp-content\/uploads\/2026\/01\/29\/martin-pastika-259x300.jpg\" alt=\"\" width=\"259\" height=\"300\" srcset=\"https:\/\/zakrasnejsivimperk.cz\/wp-content\/uploads\/2026\/01\/29\/martin-pastika-259x300.jpg 259w, https:\/\/zakrasnejsivimperk.cz\/wp-content\/uploads\/2026\/01\/29\/martin-pastika-308x357.jpg 308w, https:\/\/zakrasnejsivimperk.cz\/wp-content\/uploads\/2026\/01\/29\/martin-pastika-417x483.jpg 417w, https:\/\/zakrasnejsivimperk.cz\/wp-content\/uploads\/2026\/01\/29\/martin-pastika.jpg 455w\" sizes=\"(max-width: 259px) 100vw, 259px\" \/><img loading=\"lazy\" decoding=\"async\" class=\"size-medium wp-image-368422 alignleft\" src=\"https:\/\/zakrasnejsivimperk.cz\/wp-content\/uploads\/2026\/02\/13\/komunalni-volby-3-210x300.png\" alt=\"\" width=\"210\" height=\"300\" srcset=\"https:\/\/zakrasnejsivimperk.cz\/wp-content\/uploads\/2026\/02\/13\/komunalni-volby-3-210x300.png 210w, https:\/\/zakrasnejsivimperk.cz\/wp-content\/uploads\/2026\/02\/13\/komunalni-volby-3-717x1024.png 717w, https:\/\/zakrasnejsivimperk.cz\/wp-content\/uploads\/2026\/02\/13\/komunalni-volby-3-768x1097.png 768w, https:\/\/zakrasnejsivimperk.cz\/wp-content\/uploads\/2026\/02\/13\/komunalni-volby-3-1075x1536.png 1075w, https:\/\/zakrasnejsivimperk.cz\/wp-content\/uploads\/2026\/02\/13\/komunalni-volby-3-250x357.png 250w, https:\/\/zakrasnejsivimperk.cz\/wp-content\/uploads\/2026\/02\/13\/komunalni-volby-3-338x483.png 338w, https:\/\/zakrasnejsivimperk.cz\/wp-content\/uploads\/2026\/02\/13\/komunalni-volby-3.png 1344w\" sizes=\"(max-width: 210px) 100vw, 210px\" \/>O to nepochopiteln\u011bj\u0161\u00ed je cel\u00e9 rozhodnut\u00ed v situaci, kdy ob\u010dan\u00e9 Vimperka plat\u00ed za odpad 960 K\u010d ro\u010dn\u011b, tedy \u010d\u00e1stku, kter\u00e1 rozhodn\u011b nepat\u0159\u00ed k nejni\u017e\u0161\u00edm. Pro srovn\u00e1n\u00ed: v Prachatic\u00edch \u010din\u00ed poplatek 500 K\u010d, ve Strakonic\u00edch 720 K\u010d, v P\u00edsku 440 K\u010d a v Jind\u0159ichov\u011b Hradci 650 K\u010d.<\/p>\n<p>V\u00fdsledek je nav\u00edc viditeln\u00fd p\u0159\u00edmo v ulic\u00edch. U dom\u016f jsou \u010dasto pln\u00e9 popelnice, kolem nich se objevuj\u00ed pytle s odpadem a nepo\u0159\u00e1dek v jejich okol\u00ed. To je p\u0159\u00edm\u00fd d\u016fsledek \u0161patn\u011b nastaven\u00e9ho syst\u00e9mu. V letn\u00edch m\u011bs\u00edc\u00edch, a\u017e p\u0159ijdou vy\u0161\u0161\u00ed teploty, lze podle m\u00e9ho n\u00e1zoru o\u010dek\u00e1vat dal\u0161\u00ed zhor\u0161en\u00ed situace \u2013 odpad bude na ulic\u00edch zap\u00e1chat a probl\u00e9m se je\u0161t\u011b v\u00edce zv\u00fdrazn\u00ed. Nejsem prognostik, ale trouf\u00e1m si odhadnout, \u017ee m\u011bsto nakonec bude nuceno vr\u00e1tit se zp\u011bt k t\u00fddenn\u00edmu svozu.<\/p>\n<p>Chci zd\u016fraznit, \u017ee jsem jednozna\u010dn\u011b zast\u00e1ncem rozumn\u00e9ho \u0161et\u0159en\u00ed ve\u0159ejn\u00fdch pen\u011bz. M\u011bsto nem\u00e1 pen\u00edze proj\u00eddat v provozu radnice. Nem\u00e1 utr\u00e1cet za zbyte\u010dn\u00e9 v\u00fddaje, za projektov\u00e9 dokumentace na akce, kter\u00e9 se nikdy neuskute\u010dn\u00ed, ani za investice, kter\u00e9 m\u011bsto ve skute\u010dnosti nepot\u0159ebuje. Jen\u017ee pr\u00e1v\u011b proto je nepochopiteln\u00e9, \u017ee se \u0161et\u0159\u00ed zrovna na slu\u017eb\u011b, kter\u00e1 m\u00e1 p\u0159\u00edm\u00fd dopad na ka\u017edodenn\u00ed \u017eivot obyvatel.<\/p>\n<p>Na jedn\u00e9 stran\u011b n\u00e1m radnice \u0159\u00edk\u00e1, \u017ee mus\u00ed \u0161et\u0159it 800 tis\u00edc korun ro\u010dn\u011b na svozu odpadu. Na druh\u00e9 stran\u011b ale ve stejn\u00e9m roce najdeme v rozpo\u010dtu m\u011bsta nap\u0159\u00edklad 4,6 milionu K\u010d na projektov\u00e9 pr\u00e1ce spojen\u00e9 s megalomansk\u00fdm, podle m\u00e9ho n\u00e1zoru zbyte\u010dn\u00fdm a finan\u010dn\u011b nerealistick\u00fdm projektem opravy Steinbrenerov\u00fdch dom\u016f. Dal\u0161\u00edch 4,3 milionu K\u010d maj\u00ed st\u00e1t projektov\u00e9 pr\u00e1ce na novou mate\u0159skou \u0161kolku, p\u0159esto\u017ee jsem dosud nevid\u011bl \u017e\u00e1dn\u00e9 p\u0159esv\u011bd\u010div\u00e9 demografick\u00e9 studie, kter\u00e9 by prokazovaly nutnost navy\u0161ov\u00e1n\u00ed kapacity \u0161kolek. Dle ofici\u00e1ln\u00edch dat \u010cS\u00da bylo narozeno v roce 2017 celkem 114.405 d\u011bt\u00ed v \u010cR, ka\u017ed\u00fd rok kles\u00e1 porodnost, v roce 2024 bylo narozeno 84.311 d\u011bt\u00ed, tj. pokles za t\u011bchto 7 let o 16 a nem\u00e1m pocit, \u017ee by ve Vimperku byl \u201ebaby boom\u201c. Dnes p\u0159itom ve m\u011bst\u011b nen\u00ed z\u00e1sadn\u00ed probl\u00e9m s nedostatkem m\u00edst ve \u0161kolk\u00e1ch.<\/p>\n<p>Pr\u00e1v\u011b v tom vid\u00edm hlavn\u00ed probl\u00e9m. Radnice nehled\u00e1 \u00faspory tam, kde by je hledat m\u011bla, ale omezuje z\u00e1kladn\u00ed servis ob\u010dan\u016fm. To nepova\u017euji za odpov\u011bdn\u00e9 hospoda\u0159en\u00ed, ale za nezvl\u00e1dnut\u00e9 mana\u017eersk\u00e9 \u0159\u00edzen\u00ed m\u011bsta. Dokonce to pova\u017euji za hrubou chybu ve vztahu k poskytov\u00e1n\u00ed slu\u017eeb obyvatel\u016fm Vimperka. A stejn\u011b ne\u0161\u0165astn\u00e1 je i komunikace cel\u00e9 v\u011bci. M\u00edsto aby m\u011bsto p\u0159iznalo, \u017ee omezuje komfort ob\u010dan\u016f, prezentuje tento krok jako racion\u00e1ln\u00ed \u00fasporu.<\/p>\n<p>Nech\u00e1pu ani to, \u017ee bylo rozhodnuto, \u017ee n\u011bkolik vybran\u00fdch ulic, jako jsou SNP, M\u00edrov\u00e1, Lu\u010dn\u00ed, K Rokli a K. Weise, bude m\u00edt svoz jednou t\u00fddn\u011b. V tomto bod\u011b u\u017e cel\u00e9 opat\u0159en\u00ed p\u0159est\u00e1v\u00e1 d\u00e1vat smysl a ani nep\u016fsob\u00ed jako syst\u00e9mov\u00e9 \u0159e\u0161en\u00ed pro v\u0161echny ob\u010dany. Mimochodem i ob\u010dan\u00e9 v t\u011bchto vybran\u00fdch ulic\u00edch budou nakonec ve Vimperku stejn\u011b obt\u011b\u017eov\u00e1ni nepo\u0159\u00e1dkem a z\u00e1pachem od popelnic sv\u00fdch soused\u016f.<\/p>\n<p>M\u011bsto by m\u011blo velmi rychle uznat, \u017ee tento krok byl chybou, a vr\u00e1tit se k norm\u00e1ln\u00edmu re\u017eimu, tedy ke svozu komun\u00e1ln\u00edho odpadu na t\u00fddenn\u00ed b\u00e1zi. \u0160et\u0159it se m\u00e1 tam, kde to ob\u010dan nepoc\u00edt\u00ed na kvalit\u011b ka\u017edodenn\u00edho \u017eivota. Ne u popelnic p\u0159ed jeho domem.<\/p>\n<p>&nbsp;<\/p>\n<p><strong>Martin PA\u0160TIKA, \u010dlen region\u00e1ln\u00ed rady, m\u00edstop\u0159edseda oblastn\u00edho sdru\u017een\u00ed a p\u0159edseda m\u00edstn\u00edho sdru\u017een\u00ed ODS Vimperk, l\u00eddr kandid\u00e1tky ODS v na\u0161em m\u011bst\u011b<\/strong><\/p>\n<hr \/>\n<p>&nbsp;<\/p>\n<h4><strong>Jin\u00e9 koment\u00e1\u0159e autora:<\/strong><\/h4>\n<h6 class=\"entry-title\"><a href=\"https:\/\/zakrasnejsivimperk.cz\/?p=373507\" target=\"_blank\" rel=\"noopener\">NA\u0160E M\u011aSTO VIMPERK \u2013 KOMUN\u00c1LN\u00cd VOLBY 2026: Vimperk pot\u0159ebuje m\u00e9n\u011b studi\u00ed a v\u00edce skute\u010dn\u00fdch investic<\/a><\/h6>\n<h6 class=\"entry-title\"><a href=\"https:\/\/zakrasnejsivimperk.cz\/?p=370265\" target=\"_blank\" rel=\"noopener\">MARTIN PA\u0160TIKA: Priorita m\u011bsta: Steinbrenerovy domy za 250 mil. K\u010d, nebo kulturn\u00ed d\u016fm pro Vimperk?<\/a><\/h6>\n<h6 class=\"entry-title\"><a href=\"https:\/\/zakrasnejsivimperk.cz\/?p=370167\" target=\"_blank\" rel=\"noopener\">MARTIN PA\u0160TIKA: Kultur\u00e1k: pot\u0159eba bez existence pl\u00e1nu<\/a><\/h6>\n<h6 class=\"entry-title\"><a href=\"https:\/\/zakrasnejsivimperk.cz\/?p=369746\" target=\"_blank\" rel=\"noopener\">MARTIN PA\u0160TIKA: Mus\u00edme vyu\u017e\u00edt potenci\u00e1l Vimperka \u2013 nesta\u010d\u00ed se jen obhajovat, mus\u00edme m\u00edt odvahu rozhodnout a d\u011blat kvalifikovan\u011b spr\u00e1vn\u00e9 v\u011bci\u2026<\/a><\/h6>\n<h6><a href=\"https:\/\/zakrasnejsivimperk.cz\/?p=367426\" target=\"_blank\" rel=\"noopener\">KOMENT\u00c1\u0158 NA AKTU\u00c1LN\u00cd T\u00c9MA: Vimperk spot\u0159ebov\u00e1v\u00e1 budoucnost<\/a><\/h6>\n<hr \/>\n<p>&nbsp;<\/p>\n","protected":false},"excerpt":{"rendered":"<p>&nbsp; Veden\u00ed <\/p>\n","protected":false},"author":2,"featured_media":374259,"comment_status":"open","ping_status":"open","sticky":false,"template":"","format":"gallery","meta":{"footnotes":""},"categories":[70,11],"tags":[],"jetpack_featured_media_url":"https:\/\/zakrasnejsivimperk.cz\/wp-content\/uploads\/2026\/05\/01\/ram-m-pastika-popelnice.jpg","_links":{"self":[{"href":"https:\/\/zakrasnejsivimperk.cz\/index.php?rest_route=\/wp\/v2\/posts\/374256"}],"collection":[{"href":"https:\/\/zakrasnejsivimperk.cz\/index.php?rest_route=\/wp\/v2\/posts"}],"about":[{"href":"https:\/\/zakrasnejsivimperk.cz\/index.php?rest_route=\/wp\/v2\/types\/post"}],"author":[{"embeddable":true,"href":"https:\/\/zakrasnejsivimperk.cz\/index.php?rest_route=\/wp\/v2\/users\/2"}],"replies":[{"embeddable":true,"href":"https:\/\/zakrasnejsivimperk.cz\/index.php?rest_route=%2Fwp%2Fv2%2Fcomments&post=374256"}],"version-history":[{"count":1,"href":"https:\/\/zakrasnejsivimperk.cz\/index.php?rest_route=\/wp\/v2\/posts\/374256\/revisions"}],"predecessor-version":[{"id":374258,"href":"https:\/\/zakrasnejsivimperk.cz\/index.php?rest_route=\/wp\/v2\/posts\/374256\/revisions\/374258"}],"wp:featuredmedia":[{"embeddable":true,"href":"https:\/\/zakrasnejsivimperk.cz\/index.php?rest_route=\/wp\/v2\/media\/374259"}],"wp:attachment":[{"href":"https:\/\/zakrasnejsivimperk.cz\/index.php?rest_route=%2Fwp%2Fv2%2Fmedia&parent=374256"}],"wp:term":[{"taxonomy":"category","embeddable":true,"href":"https:\/\/zakrasnejsivimperk.cz\/index.php?rest_route=%2Fwp%2Fv2%2Fcategories&post=374256"},{"taxonomy":"post_tag","embeddable":true,"href":"https:\/\/zakrasnejsivimperk.cz\/index.php?rest_route=%2Fwp%2Fv2%2Ftags&post=374256"}],"curies":[{"name":"wp","href":"https:\/\/api.w.org\/{rel}","templated":true}]}}