{"id":374248,"date":"2026-04-30T22:35:17","date_gmt":"2026-04-30T21:35:17","guid":{"rendered":"https:\/\/zakrasnejsivimperk.cz\/?p=374248"},"modified":"2026-04-30T22:38:50","modified_gmt":"2026-04-30T21:38:50","slug":"na-cestach-turisticky-magazin-kam-po-cesku-kveten-2026","status":"publish","type":"post","link":"https:\/\/zakrasnejsivimperk.cz\/?p=374248","title":{"rendered":"NA CEST\u00c1CH: Turistick\u00fd magaz\u00edn Kam po \u010cesku \u2013 kv\u011bten 2026"},"content":{"rendered":"<h6>Magaz\u00edn ve form\u00e1tu PDF otev\u0159ete kliknut\u00edm na obr\u00e1zek:<\/h6>\n<p>&nbsp;<\/p>\n<p><a href=\"https:\/\/www.kampocesku.cz\/jpg\/files\/2026\/04\/36034_kam_2026_05.pdf\" target=\"_blank\" rel=\"noopener\"><img loading=\"lazy\" decoding=\"async\" class=\"aligncenter wp-image-374251 size-full\" src=\"https:\/\/zakrasnejsivimperk.cz\/wp-content\/uploads\/2026\/04\/30\/kam-po-cesku-0526-xxx.jpg\" alt=\"\" width=\"817\" height=\"1080\" srcset=\"https:\/\/zakrasnejsivimperk.cz\/wp-content\/uploads\/2026\/04\/30\/kam-po-cesku-0526-xxx.jpg 817w, https:\/\/zakrasnejsivimperk.cz\/wp-content\/uploads\/2026\/04\/30\/kam-po-cesku-0526-xxx-227x300.jpg 227w, https:\/\/zakrasnejsivimperk.cz\/wp-content\/uploads\/2026\/04\/30\/kam-po-cesku-0526-xxx-775x1024.jpg 775w, https:\/\/zakrasnejsivimperk.cz\/wp-content\/uploads\/2026\/04\/30\/kam-po-cesku-0526-xxx-768x1015.jpg 768w, https:\/\/zakrasnejsivimperk.cz\/wp-content\/uploads\/2026\/04\/30\/kam-po-cesku-0526-xxx-270x357.jpg 270w, https:\/\/zakrasnejsivimperk.cz\/wp-content\/uploads\/2026\/04\/30\/kam-po-cesku-0526-xxx-365x483.jpg 365w\" sizes=\"(max-width: 817px) 100vw, 817px\" \/><\/a><\/p>\n<hr \/>\n<p>&nbsp;<\/p>\n","protected":false},"excerpt":{"rendered":"<p>Magaz\u00edn ve <\/p>\n","protected":false},"author":2,"featured_media":374251,"comment_status":"open","ping_status":"open","sticky":false,"template":"","format":"gallery","meta":{"footnotes":""},"categories":[151],"tags":[],"jetpack_featured_media_url":"https:\/\/zakrasnejsivimperk.cz\/wp-content\/uploads\/2026\/04\/30\/kam-po-cesku-0526-xxx.jpg","_links":{"self":[{"href":"https:\/\/zakrasnejsivimperk.cz\/index.php?rest_route=\/wp\/v2\/posts\/374248"}],"collection":[{"href":"https:\/\/zakrasnejsivimperk.cz\/index.php?rest_route=\/wp\/v2\/posts"}],"about":[{"href":"https:\/\/zakrasnejsivimperk.cz\/index.php?rest_route=\/wp\/v2\/types\/post"}],"author":[{"embeddable":true,"href":"https:\/\/zakrasnejsivimperk.cz\/index.php?rest_route=\/wp\/v2\/users\/2"}],"replies":[{"embeddable":true,"href":"https:\/\/zakrasnejsivimperk.cz\/index.php?rest_route=%2Fwp%2Fv2%2Fcomments&post=374248"}],"version-history":[{"count":3,"href":"https:\/\/zakrasnejsivimperk.cz\/index.php?rest_route=\/wp\/v2\/posts\/374248\/revisions"}],"predecessor-version":[{"id":374253,"href":"https:\/\/zakrasnejsivimperk.cz\/index.php?rest_route=\/wp\/v2\/posts\/374248\/revisions\/374253"}],"wp:featuredmedia":[{"embeddable":true,"href":"https:\/\/zakrasnejsivimperk.cz\/index.php?rest_route=\/wp\/v2\/media\/374251"}],"wp:attachment":[{"href":"https:\/\/zakrasnejsivimperk.cz\/index.php?rest_route=%2Fwp%2Fv2%2Fmedia&parent=374248"}],"wp:term":[{"taxonomy":"category","embeddable":true,"href":"https:\/\/zakrasnejsivimperk.cz\/index.php?rest_route=%2Fwp%2Fv2%2Fcategories&post=374248"},{"taxonomy":"post_tag","embeddable":true,"href":"https:\/\/zakrasnejsivimperk.cz\/index.php?rest_route=%2Fwp%2Fv2%2Ftags&post=374248"}],"curies":[{"name":"wp","href":"https:\/\/api.w.org\/{rel}","templated":true}]}}