{"id":374193,"date":"2026-04-30T21:58:44","date_gmt":"2026-04-30T20:58:44","guid":{"rendered":"https:\/\/zakrasnejsivimperk.cz\/?p=374193"},"modified":"2026-05-01T09:28:47","modified_gmt":"2026-05-01T08:28:47","slug":"nase-mesto-vimperk-z-historie-1-maj-roku-1981","status":"publish","type":"post","link":"https:\/\/zakrasnejsivimperk.cz\/?p=374193","title":{"rendered":"NA\u0160E M\u011aSTO VIMPERK &#8211; Z HISTORIE: 1. m\u00e1j roku 1981"},"content":{"rendered":"<p><img loading=\"lazy\" decoding=\"async\" class=\"aligncenter wp-image-374233 size-full\" src=\"https:\/\/zakrasnejsivimperk.cz\/wp-content\/uploads\/2026\/04\/30\/Prvni-maj-1981-12.jpg\" alt=\"\" width=\"842\" height=\"521\" srcset=\"https:\/\/zakrasnejsivimperk.cz\/wp-content\/uploads\/2026\/04\/30\/Prvni-maj-1981-12.jpg 842w, https:\/\/zakrasnejsivimperk.cz\/wp-content\/uploads\/2026\/04\/30\/Prvni-maj-1981-12-300x186.jpg 300w, https:\/\/zakrasnejsivimperk.cz\/wp-content\/uploads\/2026\/04\/30\/Prvni-maj-1981-12-768x475.jpg 768w, https:\/\/zakrasnejsivimperk.cz\/wp-content\/uploads\/2026\/04\/30\/Prvni-maj-1981-12-577x357.jpg 577w, https:\/\/zakrasnejsivimperk.cz\/wp-content\/uploads\/2026\/04\/30\/Prvni-maj-1981-12-781x483.jpg 781w\" sizes=\"(max-width: 842px) 100vw, 842px\" \/><\/p>\n<p>&nbsp;<\/p>\n<p><img loading=\"lazy\" decoding=\"async\" class=\"aligncenter wp-image-374234 size-full\" src=\"https:\/\/zakrasnejsivimperk.cz\/wp-content\/uploads\/2026\/04\/30\/Prvni-maj-1981-13.jpg\" alt=\"\" width=\"839\" height=\"513\" srcset=\"https:\/\/zakrasnejsivimperk.cz\/wp-content\/uploads\/2026\/04\/30\/Prvni-maj-1981-13.jpg 839w, https:\/\/zakrasnejsivimperk.cz\/wp-content\/uploads\/2026\/04\/30\/Prvni-maj-1981-13-300x183.jpg 300w, https:\/\/zakrasnejsivimperk.cz\/wp-content\/uploads\/2026\/04\/30\/Prvni-maj-1981-13-768x470.jpg 768w, https:\/\/zakrasnejsivimperk.cz\/wp-content\/uploads\/2026\/04\/30\/Prvni-maj-1981-13-584x357.jpg 584w, https:\/\/zakrasnejsivimperk.cz\/wp-content\/uploads\/2026\/04\/30\/Prvni-maj-1981-13-790x483.jpg 790w\" sizes=\"(max-width: 839px) 100vw, 839px\" \/><\/p>\n<p>&nbsp;<\/p>\n<p><img loading=\"lazy\" decoding=\"async\" class=\"aligncenter wp-image-374235 size-full\" src=\"https:\/\/zakrasnejsivimperk.cz\/wp-content\/uploads\/2026\/04\/30\/Prvni-maj-1981-14.jpg\" alt=\"\" width=\"513\" height=\"839\" srcset=\"https:\/\/zakrasnejsivimperk.cz\/wp-content\/uploads\/2026\/04\/30\/Prvni-maj-1981-14.jpg 513w, https:\/\/zakrasnejsivimperk.cz\/wp-content\/uploads\/2026\/04\/30\/Prvni-maj-1981-14-183x300.jpg 183w, https:\/\/zakrasnejsivimperk.cz\/wp-content\/uploads\/2026\/04\/30\/Prvni-maj-1981-14-218x357.jpg 218w, https:\/\/zakrasnejsivimperk.cz\/wp-content\/uploads\/2026\/04\/30\/Prvni-maj-1981-14-295x483.jpg 295w\" sizes=\"(max-width: 513px) 100vw, 513px\" \/><\/p>\n<p>&nbsp;<\/p>\n<p><img loading=\"lazy\" decoding=\"async\" class=\"aligncenter wp-image-374236 size-full\" src=\"https:\/\/zakrasnejsivimperk.cz\/wp-content\/uploads\/2026\/04\/30\/Prvni-maj-1981-15.jpg\" alt=\"\" width=\"842\" height=\"513\" srcset=\"https:\/\/zakrasnejsivimperk.cz\/wp-content\/uploads\/2026\/04\/30\/Prvni-maj-1981-15.jpg 842w, https:\/\/zakrasnejsivimperk.cz\/wp-content\/uploads\/2026\/04\/30\/Prvni-maj-1981-15-300x183.jpg 300w, https:\/\/zakrasnejsivimperk.cz\/wp-content\/uploads\/2026\/04\/30\/Prvni-maj-1981-15-768x468.jpg 768w, https:\/\/zakrasnejsivimperk.cz\/wp-content\/uploads\/2026\/04\/30\/Prvni-maj-1981-15-586x357.jpg 586w, https:\/\/zakrasnejsivimperk.cz\/wp-content\/uploads\/2026\/04\/30\/Prvni-maj-1981-15-793x483.jpg 793w\" sizes=\"(max-width: 842px) 100vw, 842px\" \/><\/p>\n<p>&nbsp;<\/p>\n<p><img loading=\"lazy\" decoding=\"async\" class=\"aligncenter wp-image-374237 size-full\" src=\"https:\/\/zakrasnejsivimperk.cz\/wp-content\/uploads\/2026\/04\/30\/Prvni-maj-1981-16.jpg\" alt=\"\" width=\"513\" height=\"839\" srcset=\"https:\/\/zakrasnejsivimperk.cz\/wp-content\/uploads\/2026\/04\/30\/Prvni-maj-1981-16.jpg 513w, https:\/\/zakrasnejsivimperk.cz\/wp-content\/uploads\/2026\/04\/30\/Prvni-maj-1981-16-183x300.jpg 183w, https:\/\/zakrasnejsivimperk.cz\/wp-content\/uploads\/2026\/04\/30\/Prvni-maj-1981-16-218x357.jpg 218w, https:\/\/zakrasnejsivimperk.cz\/wp-content\/uploads\/2026\/04\/30\/Prvni-maj-1981-16-295x483.jpg 295w\" sizes=\"(max-width: 513px) 100vw, 513px\" \/><\/p>\n<p>&nbsp;<\/p>\n<p><img loading=\"lazy\" decoding=\"async\" class=\"aligncenter wp-image-374232 size-full\" src=\"https:\/\/zakrasnejsivimperk.cz\/wp-content\/uploads\/2026\/04\/30\/Prvni-maj-1981-11.jpg\" alt=\"\" width=\"841\" height=\"521\" srcset=\"https:\/\/zakrasnejsivimperk.cz\/wp-content\/uploads\/2026\/04\/30\/Prvni-maj-1981-11.jpg 841w, https:\/\/zakrasnejsivimperk.cz\/wp-content\/uploads\/2026\/04\/30\/Prvni-maj-1981-11-300x186.jpg 300w, https:\/\/zakrasnejsivimperk.cz\/wp-content\/uploads\/2026\/04\/30\/Prvni-maj-1981-11-768x476.jpg 768w, https:\/\/zakrasnejsivimperk.cz\/wp-content\/uploads\/2026\/04\/30\/Prvni-maj-1981-11-576x357.jpg 576w, https:\/\/zakrasnejsivimperk.cz\/wp-content\/uploads\/2026\/04\/30\/Prvni-maj-1981-11-780x483.jpg 780w\" sizes=\"(max-width: 841px) 100vw, 841px\" \/><\/p>\n<p>&nbsp;<\/p>\n<p><img loading=\"lazy\" decoding=\"async\" class=\"aligncenter wp-image-374231 size-full\" src=\"https:\/\/zakrasnejsivimperk.cz\/wp-content\/uploads\/2026\/04\/30\/Prvni-maj-1981-10.jpg\" alt=\"\" width=\"839\" height=\"516\" srcset=\"https:\/\/zakrasnejsivimperk.cz\/wp-content\/uploads\/2026\/04\/30\/Prvni-maj-1981-10.jpg 839w, https:\/\/zakrasnejsivimperk.cz\/wp-content\/uploads\/2026\/04\/30\/Prvni-maj-1981-10-300x185.jpg 300w, https:\/\/zakrasnejsivimperk.cz\/wp-content\/uploads\/2026\/04\/30\/Prvni-maj-1981-10-768x472.jpg 768w, https:\/\/zakrasnejsivimperk.cz\/wp-content\/uploads\/2026\/04\/30\/Prvni-maj-1981-10-580x357.jpg 580w, https:\/\/zakrasnejsivimperk.cz\/wp-content\/uploads\/2026\/04\/30\/Prvni-maj-1981-10-785x483.jpg 785w\" sizes=\"(max-width: 839px) 100vw, 839px\" \/><\/p>\n<p>&nbsp;<\/p>\n<p><img loading=\"lazy\" decoding=\"async\" class=\"aligncenter wp-image-374230 size-full\" src=\"https:\/\/zakrasnejsivimperk.cz\/wp-content\/uploads\/2026\/04\/30\/Prvni-maj-1981-9.jpg\" alt=\"\" width=\"516\" height=\"839\" srcset=\"https:\/\/zakrasnejsivimperk.cz\/wp-content\/uploads\/2026\/04\/30\/Prvni-maj-1981-9.jpg 516w, https:\/\/zakrasnejsivimperk.cz\/wp-content\/uploads\/2026\/04\/30\/Prvni-maj-1981-9-185x300.jpg 185w, https:\/\/zakrasnejsivimperk.cz\/wp-content\/uploads\/2026\/04\/30\/Prvni-maj-1981-9-220x357.jpg 220w, https:\/\/zakrasnejsivimperk.cz\/wp-content\/uploads\/2026\/04\/30\/Prvni-maj-1981-9-297x483.jpg 297w\" sizes=\"(max-width: 516px) 100vw, 516px\" \/><\/p>\n<p>&nbsp;<\/p>\n<p><img loading=\"lazy\" decoding=\"async\" class=\"aligncenter wp-image-374228 size-full\" src=\"https:\/\/zakrasnejsivimperk.cz\/wp-content\/uploads\/2026\/04\/30\/Prvni-maj-1981-7.jpg\" alt=\"\" width=\"840\" height=\"516\" srcset=\"https:\/\/zakrasnejsivimperk.cz\/wp-content\/uploads\/2026\/04\/30\/Prvni-maj-1981-7.jpg 840w, https:\/\/zakrasnejsivimperk.cz\/wp-content\/uploads\/2026\/04\/30\/Prvni-maj-1981-7-300x184.jpg 300w, https:\/\/zakrasnejsivimperk.cz\/wp-content\/uploads\/2026\/04\/30\/Prvni-maj-1981-7-768x472.jpg 768w, https:\/\/zakrasnejsivimperk.cz\/wp-content\/uploads\/2026\/04\/30\/Prvni-maj-1981-7-581x357.jpg 581w, https:\/\/zakrasnejsivimperk.cz\/wp-content\/uploads\/2026\/04\/30\/Prvni-maj-1981-7-786x483.jpg 786w\" sizes=\"(max-width: 840px) 100vw, 840px\" \/><\/p>\n<p>&nbsp;<\/p>\n<p><img loading=\"lazy\" decoding=\"async\" class=\"aligncenter wp-image-374225 size-full\" src=\"https:\/\/zakrasnejsivimperk.cz\/wp-content\/uploads\/2026\/04\/30\/Prvni-maj-1981-4.jpg\" alt=\"\" width=\"838\" height=\"520\" srcset=\"https:\/\/zakrasnejsivimperk.cz\/wp-content\/uploads\/2026\/04\/30\/Prvni-maj-1981-4.jpg 838w, https:\/\/zakrasnejsivimperk.cz\/wp-content\/uploads\/2026\/04\/30\/Prvni-maj-1981-4-300x186.jpg 300w, https:\/\/zakrasnejsivimperk.cz\/wp-content\/uploads\/2026\/04\/30\/Prvni-maj-1981-4-768x477.jpg 768w, https:\/\/zakrasnejsivimperk.cz\/wp-content\/uploads\/2026\/04\/30\/Prvni-maj-1981-4-575x357.jpg 575w, https:\/\/zakrasnejsivimperk.cz\/wp-content\/uploads\/2026\/04\/30\/Prvni-maj-1981-4-778x483.jpg 778w\" sizes=\"(max-width: 838px) 100vw, 838px\" \/><\/p>\n<p>&nbsp;<\/p>\n<p><img loading=\"lazy\" decoding=\"async\" class=\"aligncenter wp-image-374224 size-full\" src=\"https:\/\/zakrasnejsivimperk.cz\/wp-content\/uploads\/2026\/04\/30\/Prvni-maj-1981-3.jpg\" alt=\"\" width=\"840\" height=\"520\" srcset=\"https:\/\/zakrasnejsivimperk.cz\/wp-content\/uploads\/2026\/04\/30\/Prvni-maj-1981-3.jpg 840w, https:\/\/zakrasnejsivimperk.cz\/wp-content\/uploads\/2026\/04\/30\/Prvni-maj-1981-3-300x186.jpg 300w, https:\/\/zakrasnejsivimperk.cz\/wp-content\/uploads\/2026\/04\/30\/Prvni-maj-1981-3-768x475.jpg 768w, https:\/\/zakrasnejsivimperk.cz\/wp-content\/uploads\/2026\/04\/30\/Prvni-maj-1981-3-577x357.jpg 577w, https:\/\/zakrasnejsivimperk.cz\/wp-content\/uploads\/2026\/04\/30\/Prvni-maj-1981-3-780x483.jpg 780w\" sizes=\"(max-width: 840px) 100vw, 840px\" \/><\/p>\n<p>&nbsp;<\/p>\n<p><img loading=\"lazy\" decoding=\"async\" class=\"aligncenter wp-image-374223 size-full\" src=\"https:\/\/zakrasnejsivimperk.cz\/wp-content\/uploads\/2026\/04\/30\/Prvni-maj-1981-2.jpg\" alt=\"\" width=\"839\" height=\"520\" srcset=\"https:\/\/zakrasnejsivimperk.cz\/wp-content\/uploads\/2026\/04\/30\/Prvni-maj-1981-2.jpg 839w, https:\/\/zakrasnejsivimperk.cz\/wp-content\/uploads\/2026\/04\/30\/Prvni-maj-1981-2-300x186.jpg 300w, https:\/\/zakrasnejsivimperk.cz\/wp-content\/uploads\/2026\/04\/30\/Prvni-maj-1981-2-768x476.jpg 768w, https:\/\/zakrasnejsivimperk.cz\/wp-content\/uploads\/2026\/04\/30\/Prvni-maj-1981-2-576x357.jpg 576w, https:\/\/zakrasnejsivimperk.cz\/wp-content\/uploads\/2026\/04\/30\/Prvni-maj-1981-2-779x483.jpg 779w\" sizes=\"(max-width: 839px) 100vw, 839px\" \/><\/p>\n<p>&nbsp;<\/p>\n<p><img loading=\"lazy\" decoding=\"async\" class=\"aligncenter wp-image-374222 size-full\" src=\"https:\/\/zakrasnejsivimperk.cz\/wp-content\/uploads\/2026\/04\/30\/Prvni-maj-1981-1.jpg\" alt=\"\" width=\"843\" height=\"520\" srcset=\"https:\/\/zakrasnejsivimperk.cz\/wp-content\/uploads\/2026\/04\/30\/Prvni-maj-1981-1.jpg 843w, https:\/\/zakrasnejsivimperk.cz\/wp-content\/uploads\/2026\/04\/30\/Prvni-maj-1981-1-300x185.jpg 300w, https:\/\/zakrasnejsivimperk.cz\/wp-content\/uploads\/2026\/04\/30\/Prvni-maj-1981-1-768x474.jpg 768w, https:\/\/zakrasnejsivimperk.cz\/wp-content\/uploads\/2026\/04\/30\/Prvni-maj-1981-1-579x357.jpg 579w, https:\/\/zakrasnejsivimperk.cz\/wp-content\/uploads\/2026\/04\/30\/Prvni-maj-1981-1-783x483.jpg 783w\" sizes=\"(max-width: 843px) 100vw, 843px\" \/><\/p>\n<p>&nbsp;<\/p>\n<p><img loading=\"lazy\" decoding=\"async\" class=\"aligncenter wp-image-374229 size-full\" src=\"https:\/\/zakrasnejsivimperk.cz\/wp-content\/uploads\/2026\/04\/30\/Prvni-maj-1981-8.jpg\" alt=\"\" width=\"839\" height=\"516\" srcset=\"https:\/\/zakrasnejsivimperk.cz\/wp-content\/uploads\/2026\/04\/30\/Prvni-maj-1981-8.jpg 839w, https:\/\/zakrasnejsivimperk.cz\/wp-content\/uploads\/2026\/04\/30\/Prvni-maj-1981-8-300x185.jpg 300w, https:\/\/zakrasnejsivimperk.cz\/wp-content\/uploads\/2026\/04\/30\/Prvni-maj-1981-8-768x472.jpg 768w, https:\/\/zakrasnejsivimperk.cz\/wp-content\/uploads\/2026\/04\/30\/Prvni-maj-1981-8-580x357.jpg 580w, https:\/\/zakrasnejsivimperk.cz\/wp-content\/uploads\/2026\/04\/30\/Prvni-maj-1981-8-785x483.jpg 785w\" sizes=\"(max-width: 839px) 100vw, 839px\" \/><\/p>\n<p>&nbsp;<\/p>\n<p><img loading=\"lazy\" decoding=\"async\" class=\"aligncenter wp-image-374244 size-full\" src=\"https:\/\/zakrasnejsivimperk.cz\/wp-content\/uploads\/2026\/04\/30\/Prvni-maj-1981-24.jpg\" alt=\"\" width=\"842\" height=\"521\" srcset=\"https:\/\/zakrasnejsivimperk.cz\/wp-content\/uploads\/2026\/04\/30\/Prvni-maj-1981-24.jpg 842w, https:\/\/zakrasnejsivimperk.cz\/wp-content\/uploads\/2026\/04\/30\/Prvni-maj-1981-24-300x186.jpg 300w, https:\/\/zakrasnejsivimperk.cz\/wp-content\/uploads\/2026\/04\/30\/Prvni-maj-1981-24-768x475.jpg 768w, https:\/\/zakrasnejsivimperk.cz\/wp-content\/uploads\/2026\/04\/30\/Prvni-maj-1981-24-577x357.jpg 577w, https:\/\/zakrasnejsivimperk.cz\/wp-content\/uploads\/2026\/04\/30\/Prvni-maj-1981-24-781x483.jpg 781w\" sizes=\"(max-width: 842px) 100vw, 842px\" \/><\/p>\n<p>&nbsp;<\/p>\n<p><img loading=\"lazy\" decoding=\"async\" class=\"aligncenter wp-image-374243 size-full\" src=\"https:\/\/zakrasnejsivimperk.cz\/wp-content\/uploads\/2026\/04\/30\/Prvni-maj-1981-23.jpg\" alt=\"\" width=\"514\" height=\"582\" srcset=\"https:\/\/zakrasnejsivimperk.cz\/wp-content\/uploads\/2026\/04\/30\/Prvni-maj-1981-23.jpg 514w, https:\/\/zakrasnejsivimperk.cz\/wp-content\/uploads\/2026\/04\/30\/Prvni-maj-1981-23-265x300.jpg 265w, https:\/\/zakrasnejsivimperk.cz\/wp-content\/uploads\/2026\/04\/30\/Prvni-maj-1981-23-315x357.jpg 315w, https:\/\/zakrasnejsivimperk.cz\/wp-content\/uploads\/2026\/04\/30\/Prvni-maj-1981-23-427x483.jpg 427w\" sizes=\"(max-width: 514px) 100vw, 514px\" \/><\/p>\n<p>&nbsp;<\/p>\n<p><img loading=\"lazy\" decoding=\"async\" class=\"aligncenter wp-image-374242 size-full\" src=\"https:\/\/zakrasnejsivimperk.cz\/wp-content\/uploads\/2026\/04\/30\/Prvni-maj-1981-22.jpg\" alt=\"\" width=\"842\" height=\"521\" srcset=\"https:\/\/zakrasnejsivimperk.cz\/wp-content\/uploads\/2026\/04\/30\/Prvni-maj-1981-22.jpg 842w, https:\/\/zakrasnejsivimperk.cz\/wp-content\/uploads\/2026\/04\/30\/Prvni-maj-1981-22-300x186.jpg 300w, https:\/\/zakrasnejsivimperk.cz\/wp-content\/uploads\/2026\/04\/30\/Prvni-maj-1981-22-768x475.jpg 768w, https:\/\/zakrasnejsivimperk.cz\/wp-content\/uploads\/2026\/04\/30\/Prvni-maj-1981-22-577x357.jpg 577w, https:\/\/zakrasnejsivimperk.cz\/wp-content\/uploads\/2026\/04\/30\/Prvni-maj-1981-22-781x483.jpg 781w\" sizes=\"(max-width: 842px) 100vw, 842px\" \/><\/p>\n<p>&nbsp;<\/p>\n<p><img loading=\"lazy\" decoding=\"async\" class=\"aligncenter wp-image-374226 size-full\" src=\"https:\/\/zakrasnejsivimperk.cz\/wp-content\/uploads\/2026\/04\/30\/Prvni-maj-1981-5.jpg\" alt=\"\" width=\"513\" height=\"695\" srcset=\"https:\/\/zakrasnejsivimperk.cz\/wp-content\/uploads\/2026\/04\/30\/Prvni-maj-1981-5.jpg 513w, https:\/\/zakrasnejsivimperk.cz\/wp-content\/uploads\/2026\/04\/30\/Prvni-maj-1981-5-221x300.jpg 221w, https:\/\/zakrasnejsivimperk.cz\/wp-content\/uploads\/2026\/04\/30\/Prvni-maj-1981-5-264x357.jpg 264w, https:\/\/zakrasnejsivimperk.cz\/wp-content\/uploads\/2026\/04\/30\/Prvni-maj-1981-5-357x483.jpg 357w\" sizes=\"(max-width: 513px) 100vw, 513px\" \/><\/p>\n<p>&nbsp;<\/p>\n<p><img loading=\"lazy\" decoding=\"async\" class=\"aligncenter wp-image-374227 size-full\" src=\"https:\/\/zakrasnejsivimperk.cz\/wp-content\/uploads\/2026\/04\/30\/Prvni-maj-1981-6.jpg\" alt=\"\" width=\"842\" height=\"514\" srcset=\"https:\/\/zakrasnejsivimperk.cz\/wp-content\/uploads\/2026\/04\/30\/Prvni-maj-1981-6.jpg 842w, https:\/\/zakrasnejsivimperk.cz\/wp-content\/uploads\/2026\/04\/30\/Prvni-maj-1981-6-300x183.jpg 300w, https:\/\/zakrasnejsivimperk.cz\/wp-content\/uploads\/2026\/04\/30\/Prvni-maj-1981-6-768x469.jpg 768w, https:\/\/zakrasnejsivimperk.cz\/wp-content\/uploads\/2026\/04\/30\/Prvni-maj-1981-6-585x357.jpg 585w, https:\/\/zakrasnejsivimperk.cz\/wp-content\/uploads\/2026\/04\/30\/Prvni-maj-1981-6-791x483.jpg 791w\" sizes=\"(max-width: 842px) 100vw, 842px\" \/><\/p>\n<p>&nbsp;<\/p>\n<p><img loading=\"lazy\" decoding=\"async\" class=\"aligncenter wp-image-374238 size-full\" src=\"https:\/\/zakrasnejsivimperk.cz\/wp-content\/uploads\/2026\/04\/30\/Prvni-maj-1981-17.jpg\" alt=\"\" width=\"505\" height=\"839\" srcset=\"https:\/\/zakrasnejsivimperk.cz\/wp-content\/uploads\/2026\/04\/30\/Prvni-maj-1981-17.jpg 505w, https:\/\/zakrasnejsivimperk.cz\/wp-content\/uploads\/2026\/04\/30\/Prvni-maj-1981-17-181x300.jpg 181w, https:\/\/zakrasnejsivimperk.cz\/wp-content\/uploads\/2026\/04\/30\/Prvni-maj-1981-17-215x357.jpg 215w, https:\/\/zakrasnejsivimperk.cz\/wp-content\/uploads\/2026\/04\/30\/Prvni-maj-1981-17-291x483.jpg 291w\" sizes=\"(max-width: 505px) 100vw, 505px\" \/><\/p>\n<p>&nbsp;<\/p>\n<p><img loading=\"lazy\" decoding=\"async\" class=\"aligncenter wp-image-374239 size-full\" src=\"https:\/\/zakrasnejsivimperk.cz\/wp-content\/uploads\/2026\/04\/30\/Prvni-maj-1981-18.jpg\" alt=\"\" width=\"840\" height=\"505\" srcset=\"https:\/\/zakrasnejsivimperk.cz\/wp-content\/uploads\/2026\/04\/30\/Prvni-maj-1981-18.jpg 840w, https:\/\/zakrasnejsivimperk.cz\/wp-content\/uploads\/2026\/04\/30\/Prvni-maj-1981-18-300x180.jpg 300w, https:\/\/zakrasnejsivimperk.cz\/wp-content\/uploads\/2026\/04\/30\/Prvni-maj-1981-18-768x462.jpg 768w, https:\/\/zakrasnejsivimperk.cz\/wp-content\/uploads\/2026\/04\/30\/Prvni-maj-1981-18-594x357.jpg 594w, https:\/\/zakrasnejsivimperk.cz\/wp-content\/uploads\/2026\/04\/30\/Prvni-maj-1981-18-803x483.jpg 803w\" sizes=\"(max-width: 840px) 100vw, 840px\" \/><\/p>\n<p>&nbsp;<\/p>\n<p><img loading=\"lazy\" decoding=\"async\" class=\"aligncenter wp-image-374240 size-full\" src=\"https:\/\/zakrasnejsivimperk.cz\/wp-content\/uploads\/2026\/04\/30\/Prvni-maj-1981-19.jpg\" alt=\"\" width=\"842\" height=\"505\" srcset=\"https:\/\/zakrasnejsivimperk.cz\/wp-content\/uploads\/2026\/04\/30\/Prvni-maj-1981-19.jpg 842w, https:\/\/zakrasnejsivimperk.cz\/wp-content\/uploads\/2026\/04\/30\/Prvni-maj-1981-19-300x180.jpg 300w, https:\/\/zakrasnejsivimperk.cz\/wp-content\/uploads\/2026\/04\/30\/Prvni-maj-1981-19-768x461.jpg 768w, https:\/\/zakrasnejsivimperk.cz\/wp-content\/uploads\/2026\/04\/30\/Prvni-maj-1981-19-595x357.jpg 595w, https:\/\/zakrasnejsivimperk.cz\/wp-content\/uploads\/2026\/04\/30\/Prvni-maj-1981-19-805x483.jpg 805w\" sizes=\"(max-width: 842px) 100vw, 842px\" \/><\/p>\n<p>&nbsp;<\/p>\n<p><img loading=\"lazy\" decoding=\"async\" class=\"aligncenter wp-image-374241 size-full\" src=\"https:\/\/zakrasnejsivimperk.cz\/wp-content\/uploads\/2026\/04\/30\/Prvni-maj-1981-20.jpg\" alt=\"\" width=\"842\" height=\"505\" srcset=\"https:\/\/zakrasnejsivimperk.cz\/wp-content\/uploads\/2026\/04\/30\/Prvni-maj-1981-20.jpg 842w, https:\/\/zakrasnejsivimperk.cz\/wp-content\/uploads\/2026\/04\/30\/Prvni-maj-1981-20-300x180.jpg 300w, https:\/\/zakrasnejsivimperk.cz\/wp-content\/uploads\/2026\/04\/30\/Prvni-maj-1981-20-768x461.jpg 768w, https:\/\/zakrasnejsivimperk.cz\/wp-content\/uploads\/2026\/04\/30\/Prvni-maj-1981-20-595x357.jpg 595w, https:\/\/zakrasnejsivimperk.cz\/wp-content\/uploads\/2026\/04\/30\/Prvni-maj-1981-20-805x483.jpg 805w\" sizes=\"(max-width: 842px) 100vw, 842px\" \/><\/p>\n<p>&nbsp;<\/p>\n<p><strong>Foto: Zden\u011bk JUNGVIRT<\/strong><\/p>\n<hr \/>\n<p>&nbsp;<\/p>\n","protected":false},"excerpt":{"rendered":"<p>&nbsp; &nbsp; <\/p>\n","protected":false},"author":2,"featured_media":374245,"comment_status":"open","ping_status":"open","sticky":false,"template":"","format":"gallery","meta":{"footnotes":""},"categories":[70,74],"tags":[],"jetpack_featured_media_url":"https:\/\/zakrasnejsivimperk.cz\/wp-content\/uploads\/2026\/04\/30\/ram-1.-maj-81.jpg","_links":{"self":[{"href":"https:\/\/zakrasnejsivimperk.cz\/index.php?rest_route=\/wp\/v2\/posts\/374193"}],"collection":[{"href":"https:\/\/zakrasnejsivimperk.cz\/index.php?rest_route=\/wp\/v2\/posts"}],"about":[{"href":"https:\/\/zakrasnejsivimperk.cz\/index.php?rest_route=\/wp\/v2\/types\/post"}],"author":[{"embeddable":true,"href":"https:\/\/zakrasnejsivimperk.cz\/index.php?rest_route=\/wp\/v2\/users\/2"}],"replies":[{"embeddable":true,"href":"https:\/\/zakrasnejsivimperk.cz\/index.php?rest_route=%2Fwp%2Fv2%2Fcomments&post=374193"}],"version-history":[{"count":1,"href":"https:\/\/zakrasnejsivimperk.cz\/index.php?rest_route=\/wp\/v2\/posts\/374193\/revisions"}],"predecessor-version":[{"id":374246,"href":"https:\/\/zakrasnejsivimperk.cz\/index.php?rest_route=\/wp\/v2\/posts\/374193\/revisions\/374246"}],"wp:featuredmedia":[{"embeddable":true,"href":"https:\/\/zakrasnejsivimperk.cz\/index.php?rest_route=\/wp\/v2\/media\/374245"}],"wp:attachment":[{"href":"https:\/\/zakrasnejsivimperk.cz\/index.php?rest_route=%2Fwp%2Fv2%2Fmedia&parent=374193"}],"wp:term":[{"taxonomy":"category","embeddable":true,"href":"https:\/\/zakrasnejsivimperk.cz\/index.php?rest_route=%2Fwp%2Fv2%2Fcategories&post=374193"},{"taxonomy":"post_tag","embeddable":true,"href":"https:\/\/zakrasnejsivimperk.cz\/index.php?rest_route=%2Fwp%2Fv2%2Ftags&post=374193"}],"curies":[{"name":"wp","href":"https:\/\/api.w.org\/{rel}","templated":true}]}}