{"id":374162,"date":"2026-04-30T15:46:03","date_gmt":"2026-04-30T14:46:03","guid":{"rendered":"https:\/\/zakrasnejsivimperk.cz\/?p=374162"},"modified":"2026-04-30T15:46:03","modified_gmt":"2026-04-30T14:46:03","slug":"jizni-cechy-program-kvetnovych-vikendu-na-budejovicku-slibuje-kulturu-i-plavby-po-vltave-na-festival-jizni-sveraz-navaze-zahajeni-plavebni-sezony","status":"publish","type":"post","link":"https:\/\/zakrasnejsivimperk.cz\/?p=374162","title":{"rendered":"JI\u017dN\u00cd \u010cECHY: Program kv\u011btnov\u00fdch v\u00edkend\u016f na Bud\u011bjovicku slibuje kulturu i plavby po Vltav\u011b. Na festival Ji\u017en\u00ed Sv\u00e9r\u00e1z nav\u00e1\u017ee zah\u00e1jen\u00ed plavebn\u00ed sezony"},"content":{"rendered":"<p><img loading=\"lazy\" decoding=\"async\" class=\"aligncenter wp-image-193448 size-full\" src=\"https:\/\/zakrasnejsivimperk.cz\/wp-content\/uploads\/2020\/06\/03\/bud\u011bjovicko-1.png\" alt=\"\" width=\"320\" height=\"61\" srcset=\"https:\/\/zakrasnejsivimperk.cz\/wp-content\/uploads\/2020\/06\/03\/bud\u011bjovicko-1.png 320w, https:\/\/zakrasnejsivimperk.cz\/wp-content\/uploads\/2020\/06\/03\/bud\u011bjovicko-1-300x57.png 300w\" sizes=\"(max-width: 320px) 100vw, 320px\" \/><\/p>\n<p>&nbsp;<\/p>\n<h6>Dva prodlou\u017een\u00e9 v\u00edkendy na za\u010d\u00e1tku kv\u011btna nab\u00eddnou na Bud\u011bjovicku zaj\u00edmav\u00fd program. Od p\u00e1tku 1. kv\u011btna startuje \u00favodn\u00ed \u010d\u00e1st divadeln\u00edho festivalu Ji\u017en\u00ed Sv\u00e9r\u00e1z, naopak sobota 9. kv\u011btna bude v\u011bnov\u00e1na lod\u00edm a plavidl\u016fm. B\u011bhem akce Lod\u011b na vltavsk\u00e9 vod\u011b n\u00e1v\u0161t\u011bvn\u00edci vyzkou\u0161\u00ed, co nab\u00edz\u00ed splavn\u011bn\u00fd \u00fasek Vltavy od Bud\u011bjovic do T\u00fdna nad Vltavou. Lodn\u00ed linka je sveze t\u0159eba na zah\u00e1jen\u00ed turistick\u00e9 sezony na Karlov\u011b Hr\u00e1dku u Hlubok\u00e9.<\/h6>\n<p>Kv\u011btnov\u00e9 sv\u00e1tky letos nab\u00edz\u00ed ide\u00e1ln\u00ed prostor k v\u00fdletu do ji\u017en\u00edch \u010cech. Na Bud\u011bjovicku tak p\u0159ipravili program, kter\u00fd motivuje nejen k samotn\u00e9 n\u00e1v\u0161t\u011bv\u011b, ale tak\u00e9 k v\u00edcedenn\u00edmu pobytu. Zat\u00edmco prvn\u00ed v\u00edkend bude d\u00edky festivalu Ji\u017en\u00ed Sv\u00e9r\u00e1z orientov\u00e1n na milovn\u00edky kultury a divadla, b\u011bhem druh\u00e9ho v\u00edkendu si u\u017eij\u00ed v\u0161ichni, kte\u0159\u00ed maj\u00ed r\u00e1di venkovn\u00ed aktivity a p\u0159edev\u0161\u00edm ty na vod\u011b. <em>\u201cZa\u010d\u00e1tek kv\u011btna kr\u00e1sn\u011b ukazuje, jak pestrou nab\u00eddku z\u00e1\u017eitk\u016f m\u00e1 na\u0161e turistick\u00e1 oblast. Je to skv\u011bl\u00e1 p\u0159\u00edle\u017eitost napl\u00e1novat si v\u00fdlet na samotnou akci a z\u00e1rove\u0148 v dal\u0161\u00edch dnech nav\u0161t\u00edvit obl\u00edben\u00e9 turistick\u00e9 c\u00edle. V\u011b\u0159\u00edme, \u017ee tyto dva v\u00edkendy oslov\u00ed nejen turisty, ale tak\u00e9 m\u00edstn\u00ed obyvatele, kte\u0159\u00ed si p\u0159ijdou u\u017e\u00edt to, co maj\u00ed doslova za domem,\u201d<\/em> l\u00e1k\u00e1 \u0159editel Turistick\u00e9 oblasti Bud\u011bjovicko Tom\u00e1\u0161 Polansk\u00fd.<\/p>\n<h6>Festivalov\u00e9 jednohubky na JI\u017en\u00edm Sv\u00e9r\u00e1zu<\/h6>\n<p>T\u0159i festivalov\u00e9 z\u00f3ny, \u017eiv\u00e9 koncerty, divadeln\u00ed vystoupen\u00ed pod \u0161ir\u00fdm nebem, besedy a workshopy. To je koncept zahajovac\u00edho v\u00edkendu festivalu imerzivn\u00edho a site-specific divadla Ji\u017en\u00ed Sv\u00e9r\u00e1z 2026, kter\u00fd pod n\u00e1zvem Festivalov\u00e9 jednohubky p\u0159inese od 1. do 3. kv\u011btna prvn\u00ed \u010d\u00e1st jedine\u010dn\u00e9ho projektu Jiho\u010desk\u00e9ho divadla. Prvn\u00ed ofici\u00e1ln\u00ed ro\u010dn\u00edk festivalu n\u00e1sledn\u011b pokra\u010duje od \u010dervna do z\u00e1\u0159\u00ed a slibuje prom\u011bnit region v jedno velk\u00e9 \u017eiv\u00e9 jevi\u0161t\u011b. Tento unik\u00e1tn\u00ed projekt, kter\u00fd nem\u00e1 ve st\u0159edoevropsk\u00e9m kontextu obdoby, je sou\u010d\u00e1st\u00ed programu \u010cesk\u00e9 Bud\u011bjovice &#8211; Evropsk\u00e9 hlavn\u00ed m\u011bsto kultury 2028. Zahajovac\u00ed v\u00edkend pak nab\u00eddne atraktivn\u00ed a pe\u010dliv\u011b sestaven\u00fd program, kter\u00fd p\u0159edstav\u00ed principy imerzivn\u00edho a site-specific divadla v jejich nej\u017eiv\u011bj\u0161\u00ed podob\u011b, a jak n\u00e1zev napov\u00edd\u00e1, nech\u00e1 div\u00e1k\u016fm ochutnat z toho, co je v\u0161echno v Bud\u011bjovic\u00edch a okol\u00ed \u010dek\u00e1 b\u011bhem hlavn\u00edho programu. Divadlo se zde neodehr\u00e1v\u00e1 pouze v s\u00e1lech, ale vstupuje p\u0159\u00edmo do ve\u0159ejn\u00e9ho prostoru, do ulic, park\u016f i m\u00edst, kde by ho div\u00e1k b\u011b\u017en\u011b nehledal. V\u00edce k programu na <a href=\"https:\/\/www.jiznisveraz.cz\/\" target=\"_blank\" rel=\"noopener\"><strong>www.jiznisveraz.cz<\/strong><\/a>.<\/p>\n<h6>\u0158eka, lod\u011b a zah\u00e1jen\u00ed plavebn\u00ed sezony<\/h6>\n<p>Novou plavebn\u00ed sezonu na takzvan\u00e9 Stezce Vltavy zah\u00e1j\u00ed v sobotu 9. kv\u011btna. B\u011bhem akce Lod\u011b na Vltavsk\u00e9 vod\u011b 2026 vypluj\u00ed na splavn\u011bnou Vltavu od \u010cesk\u00fdch Bud\u011bjovic po T\u00fdn nad Vltavou vyhl\u00eddkov\u00e9 lod\u011b i men\u0161\u00ed plavidla. Lid\u00e9 si tak b\u011bhem sobotn\u00edho programu vyzkou\u0161\u00ed, jak\u00e9 aktivity \u0159eka nab\u00edz\u00ed. Zdarma budou nejen n\u011bkter\u00e9 plavby po \u0159ece, ale tak\u00e9 t\u0159eba p\u016fj\u010dovna paddleboard\u016f a dal\u0161\u00edho sportovn\u00edho vybaven\u00ed, p\u0159edstaven\u00ed obytn\u00fdch lod\u00ed a hausbot\u016f, rafting s instruktorem ve slalom\u00e1\u0159sk\u00e9 trati, nebo plavba p\u0159es Munick\u00fd rybn\u00edk do ZOO Hlubok\u00e1.<\/p>\n<p>Celodenn\u00ed akce m\u00e1 lidem uk\u00e1zat, jak\u00e9 mo\u017enosti splavn\u011bn\u00e1 Vltava nab\u00edz\u00ed. A\u0165 u\u017e p\u0159\u00edmo na hladin\u011b, nebo v bl\u00edzk\u00e9m okol\u00ed \u0159eky. Vybran\u00e9 aktivity si ve\u0159ejnost vyzkou\u0161\u00ed bezplatn\u011b, nebo za zv\u00fdhodn\u011bnou cenu, u n\u011bkter\u00fdch je v\u0161ak pot\u0159eba rezervace p\u0159edem. \u201c<em>Ka\u017edoro\u010dn\u011b touto akc\u00ed lidem ukazujeme, jak si \u0159eku ve sv\u00e9m voln\u00e9m \u010dase u\u017e\u00edt. Zam\u011b\u0159ujeme se pr\u00e1v\u011b na m\u00edstn\u00ed obyvatele, kte\u0159\u00ed maj\u00ed Vltavu takzvan\u011b za bar\u00e1kem. B\u011bhem soboty si tak mohou vyzkou\u0161et nejen samotn\u00e9 plavby na lod\u00edch, ale tak\u00e9 sportovn\u00ed aktivity s \u0159ekou spojen\u00e9,\u201d<\/em> popisuje akci Tom\u00e1\u0161 Polansk\u00fd.<\/p>\n<p>Akce se kon\u00e1 hned na n\u011bkolika stanovi\u0161t\u00edch pod\u00e9l toku Vltavy. Ze slep\u00e9ho ramene Mal\u0161e v centru Bud\u011bjovic mohou lid\u00e9 absolvovat 50 minutovou komentovanou plavbu, ta je na programu ve 13, 14, 15 a 16 hodin. Od p\u0159\u00edstavn\u00ed hrany u Dlouh\u00e9ho mostu v \u010desk\u00fdch Bud\u011bjovic\u00edch bude vyplouvat od 10 do 16 hodin vyhl\u00eddkov\u00e1 plavba ke Slune\u010dn\u00edmu ostrovu. Z prot\u011bj\u0161\u00edho p\u0159\u00edstavi\u0161t\u011b pak v 9:30 a ve 13:00 vypluje lo\u010f sm\u011br Hlubok\u00e1 nad Vltavou, kter\u00e1 se vrac\u00ed zp\u011bt v 11 a 16 hodin. Plavba trv\u00e1 75 minut a kapacita ka\u017ed\u00e9 lodi je 80 osob. Ve Vod\u00e1ck\u00e9m centru \u010cesk\u00e9 Bud\u011bjovice prob\u011bhne rafting na divok\u00e9 vod\u011b s instruktorem a to v 10 hod, 11 hod, 14 hod a 15 hod. K dispozici bude vybaven\u00ed v\u010detn\u011b neoprenu.<\/p>\n<p>Dal\u0161\u00ed \u010d\u00e1st programu najdou z\u00e1jemci v Hlubok\u00e9 nad Vltavou. Plavby do Zoo Hlubok\u00e1 p\u0159es Munick\u00fd rybn\u00edk prob\u011bhnou z p\u0159\u00edstavi\u0161t\u011b u kruhov\u00e9ho objezdu 10:15, 10:45, 11:45, 13:15, 14:15 a 15:15. Sm\u011brem od Zoo pak v 10:30, 11:00, 11:30, 13:00, 14:00 a 15:00. Ve sportovn\u00edm are\u00e1lu Park Hlubok\u00e1 bude k dispozici p\u016fj\u010dovna lod\u011bk, paddlebord\u016f a dal\u0161\u00edch atrakc\u00ed na vodu a tak\u00e9 ferratov\u00fdch set\u016f. Z m\u00edstn\u00edho mola bude vyplouvat od 10 do 16 hod nov\u00e1 lo\u010f z flotily p\u016fj\u010dovny Lod\u011b \u010cesko. Ta l\u00e1k\u00e1 na fotogenickou plavbu s v\u00fdhledem na Z\u00e1mek Hlubok\u00e1.<\/p>\n<p>Z p\u0159\u00edstavi\u0161t\u011b Hlubok\u00e1 &#8211; Hamry pojede v 9:00 a v 13:00 lo\u010f na Karl\u016fv Hr\u00e1dek, kde bude prob\u00edhat Zah\u00e1jen\u00ed turistick\u00e9 sezony. Zp\u011bt z Karlova Hr\u00e1dku se lo\u010f vrac\u00ed v 11:30 a v 16:00. Ka\u017ed\u00e1 plavba trv\u00e1 60 minut.<\/p>\n<p>Rezervace sobotn\u00edch aktivit a podrobn\u011bj\u0161\u00ed informace k programu na webu <a href=\"https:\/\/www.stezkavltavy.cz\/blog\" target=\"_blank\" rel=\"noopener\"><strong>www.festivalvltavy.cz.<\/strong><\/a><\/p>\n<p>B\u011bhem soboty bude mo\u017en\u00e9 nav\u0161t\u00edvit tak\u00e9 muzea a expozice spojen\u00e9 s Vltavou. Historie vora\u0159stv\u00ed a plaven\u00ed d\u0159eva je zdokumentov\u00e1na v Muzeu voroplavby v Purkarci a tak\u00e9 v M\u011bstsk\u00e9m muzeu T\u00fdn nad Vltavou. Mlyn\u00e1\u0159stv\u00ed \u010di v\u00fdrobu elektrick\u00e9 energie mapuje Muzeum ml\u00fdn Hn\u011bvkovice.<\/p>\n<h6>Na Karlov\u011b Hr\u00e1dku u Hlubok\u00e9 za\u010dne turistick\u00e1 sez\u00f3na<\/h6>\n<p>Soub\u011b\u017en\u011b se sobotn\u00ed akc\u00ed na \u0159ece prob\u00edh\u00e1 na Karlov\u011b Hr\u00e1dku zah\u00e1jen\u00ed turistick\u00e9 sez\u00f3ny. Z\u0159\u00edcenina nedaleko Hlubok\u00e9 nad Vltavou v posledn\u00edch letech o\u017e\u00edv\u00e1 d\u00edky nad\u0161enc\u016fm ze Spolku Karl\u016fv Hr\u00e1dek. I tentokr\u00e1t je na za\u010d\u00e1tek sezony p\u0159ipraven bohat\u00fd celodenn\u00ed program. \u201c<em>Karl\u016fv Hr\u00e1dek se postupn\u011b sna\u017e\u00edme o\u017eivovat ji\u017e n\u011bkolik let. Za podpory m\u011bsta Hlubok\u00e1 nad Vltavou se star\u00e1me nejen o postupnou konzervaci z\u0159\u00edceniny \u010di archeologick\u00fd v\u00fdzkum, ale p\u0159edev\u0161\u00edm zde po\u0159\u00e1d\u00e1me pravideln\u00e9 letn\u00ed kulturn\u00ed akce pro ve\u0159ejnost. Pr\u00e1v\u011b sobotn\u00ed zah\u00e1jen\u00ed sezony je prvn\u00edm leto\u0161n\u00edm programem, na kter\u00fd nav\u00e1\u017ee n\u011bkolik ud\u00e1lost\u00ed v pr\u016fb\u011bhu cel\u00e9 sezony,\u201d<\/em> \u0159\u00edk\u00e1 p\u0159edseda spolku Karl\u016fv Hr\u00e1dek a radn\u00ed m\u011bsta Hlubok\u00e1 nad Vltavou Jind\u0159ich Soukal. Od 10 do 16 hodin bude na Hr\u00e1dku p\u0159ipraven program se z\u00e1bavn\u011b nau\u010dn\u00fdmi stanovi\u0161ti, ob\u010derstven\u00edm i \u017eivou hudbou. Cel\u00fd den bude mo\u017en\u00e9 op\u00e9ct si \u0161pek\u00e1\u010dky na ohni. Na Karl\u016fv Hr\u00e1dek je mo\u017en\u00e9 se dostat na kole \u010di p\u011b\u0161ky po cyklostezce z Hlubok\u00e9 nebo z Purkarce. Dvakr\u00e1t za den pojedou tak\u00e9 lod\u011b z Hlubok\u00e9 a zp\u011bt v r\u00e1mci Zah\u00e1jen\u00ed plavebn\u00ed sezony. Informace o d\u011bn\u00ed na Hr\u00e1dku jsou k dispozici na <a href=\"https:\/\/karluvhradek.cz\/\" target=\"_blank\" rel=\"noopener\"><strong>www.karluvhradek.cz<\/strong><\/a>.<\/p>\n<p>&nbsp;<\/p>\n<p><strong>Vojen SM\u00cd\u0160EK, Turistick\u00e1 oblast Bud\u011bjovicko<\/strong><\/p>\n<hr \/>\n<p>&nbsp;<\/p>\n","protected":false},"excerpt":{"rendered":"<p>&nbsp; Dva <\/p>\n","protected":false},"author":2,"featured_media":374163,"comment_status":"open","ping_status":"open","sticky":false,"template":"","format":"gallery","meta":{"footnotes":""},"categories":[179],"tags":[],"jetpack_featured_media_url":"https:\/\/zakrasnejsivimperk.cz\/wp-content\/uploads\/2026\/04\/30\/nove-kvetnove.jpg","_links":{"self":[{"href":"https:\/\/zakrasnejsivimperk.cz\/index.php?rest_route=\/wp\/v2\/posts\/374162"}],"collection":[{"href":"https:\/\/zakrasnejsivimperk.cz\/index.php?rest_route=\/wp\/v2\/posts"}],"about":[{"href":"https:\/\/zakrasnejsivimperk.cz\/index.php?rest_route=\/wp\/v2\/types\/post"}],"author":[{"embeddable":true,"href":"https:\/\/zakrasnejsivimperk.cz\/index.php?rest_route=\/wp\/v2\/users\/2"}],"replies":[{"embeddable":true,"href":"https:\/\/zakrasnejsivimperk.cz\/index.php?rest_route=%2Fwp%2Fv2%2Fcomments&post=374162"}],"version-history":[{"count":1,"href":"https:\/\/zakrasnejsivimperk.cz\/index.php?rest_route=\/wp\/v2\/posts\/374162\/revisions"}],"predecessor-version":[{"id":374164,"href":"https:\/\/zakrasnejsivimperk.cz\/index.php?rest_route=\/wp\/v2\/posts\/374162\/revisions\/374164"}],"wp:featuredmedia":[{"embeddable":true,"href":"https:\/\/zakrasnejsivimperk.cz\/index.php?rest_route=\/wp\/v2\/media\/374163"}],"wp:attachment":[{"href":"https:\/\/zakrasnejsivimperk.cz\/index.php?rest_route=%2Fwp%2Fv2%2Fmedia&parent=374162"}],"wp:term":[{"taxonomy":"category","embeddable":true,"href":"https:\/\/zakrasnejsivimperk.cz\/index.php?rest_route=%2Fwp%2Fv2%2Fcategories&post=374162"},{"taxonomy":"post_tag","embeddable":true,"href":"https:\/\/zakrasnejsivimperk.cz\/index.php?rest_route=%2Fwp%2Fv2%2Ftags&post=374162"}],"curies":[{"name":"wp","href":"https:\/\/api.w.org\/{rel}","templated":true}]}}