{"id":374156,"date":"2026-04-30T15:28:50","date_gmt":"2026-04-30T14:28:50","guid":{"rendered":"https:\/\/zakrasnejsivimperk.cz\/?p=374156"},"modified":"2026-04-30T15:28:50","modified_gmt":"2026-04-30T14:28:50","slug":"cesky-hydrometeorologicky-ustav-slunecny-vikend-s-letnimi-teplotami","status":"publish","type":"post","link":"https:\/\/zakrasnejsivimperk.cz\/?p=374156","title":{"rendered":"\u010cESK\u00dd HYDROMETEOROLOGICK\u00dd \u00daSTAV: Slune\u010dn\u00fd v\u00edkend s letn\u00edmi teplotami"},"content":{"rendered":"<p><img loading=\"lazy\" decoding=\"async\" class=\"aligncenter wp-image-191184 size-full\" src=\"https:\/\/zakrasnejsivimperk.cz\/wp-content\/uploads\/2020\/05\/07\/\u010dhm\u00fa-logo-nov\u00e9.jpg\" alt=\"\" width=\"861\" height=\"354\" srcset=\"https:\/\/zakrasnejsivimperk.cz\/wp-content\/uploads\/2020\/05\/07\/\u010dhm\u00fa-logo-nov\u00e9.jpg 861w, https:\/\/zakrasnejsivimperk.cz\/wp-content\/uploads\/2020\/05\/07\/\u010dhm\u00fa-logo-nov\u00e9-300x123.jpg 300w, https:\/\/zakrasnejsivimperk.cz\/wp-content\/uploads\/2020\/05\/07\/\u010dhm\u00fa-logo-nov\u00e9-768x316.jpg 768w\" sizes=\"(max-width: 861px) 100vw, 861px\" \/><\/p>\n<p>&nbsp;<\/p>\n<h6>Po\u010das\u00ed u n\u00e1s ovliv\u0148uje tlakov\u00e1 v\u00fd\u0161e, kter\u00e1 se bude p\u0159esouvat p\u0159es st\u0159edn\u00ed Evropu k v\u00fdchodu a po jej\u00ed zadn\u00ed stran\u011b k n\u00e1m bude proudit tepl\u00fd vzduch od jihu.<\/h6>\n<p>V ned\u011bli po\u010das\u00ed u n\u00e1s za\u010dne ovliv\u0148ovat studen\u00e1 fronta.<\/p>\n<p>Prvn\u00ed m\u00e1jov\u00fd v\u00edkend bude s minimem obla\u010dnosti. A\u017e v ned\u011bli odpoledne a ve\u010der bude od z\u00e1padu obla\u010dnost p\u0159ib\u00fdvat a pozd\u011bji ve\u010der se vyskytnou s malou pravd\u011bpodobnost\u00ed p\u0159eh\u00e1\u0148ky (obr.1).<\/p>\n<p>P\u00e1te\u010dn\u00ed r\u00e1no bude je\u0161t\u011b chladn\u00e9 s teplotami +3 a\u017e -1 \u00b0C a v \u00fadol\u00edch zejm\u00e9na na jihu a v\u00fdchod\u011b \u00fazem\u00ed teplota ojedin\u011ble klesne a\u017e k -3 \u00b0C. Odpoledne nam\u011b\u0159\u00edme 18 a\u017e 22 \u00b0C, na severov\u00fdchod\u011b a v\u00fdchod\u011b jen kolem 17 \u00b0C.<\/p>\n<p>V sobotu rann\u00ed minima klesnou na 6 a\u017e 2 \u00b0C, v \u00fadol\u00edch a\u017e 0 \u00b0C a m\u00edsty se vyskytnou i p\u0159\u00edzemn\u00ed mraz\u00edky. Odpoledn\u00ed teploty vystoup\u00ed na 21 a\u017e 26 \u00b0C (obr.2). Znamen\u00e1 to tedy, \u017ee sobota bude prvn\u00edm leto\u0161n\u00edm letn\u00edm dnem.<\/p>\n<p>Ned\u011bln\u00ed minima budou mezi 8 a\u017e 4 \u00b0C, v \u00fadol\u00edch a\u017e 2 \u00b0C. Odpoledn\u00ed teploty budou op\u011bt o n\u011bco vy\u0161\u0161\u00ed, nej\u010dast\u011bji 24 a\u017e 28 \u00b0C (obr.3) .<\/p>\n<p>&nbsp;<\/p>\n<p><img loading=\"lazy\" decoding=\"async\" class=\"aligncenter wp-image-374157 size-full\" src=\"https:\/\/zakrasnejsivimperk.cz\/wp-content\/uploads\/2026\/04\/30\/pocasi-300426-1.jpg\" alt=\"\" width=\"1754\" height=\"1161\" srcset=\"https:\/\/zakrasnejsivimperk.cz\/wp-content\/uploads\/2026\/04\/30\/pocasi-300426-1.jpg 1754w, https:\/\/zakrasnejsivimperk.cz\/wp-content\/uploads\/2026\/04\/30\/pocasi-300426-1-300x199.jpg 300w, https:\/\/zakrasnejsivimperk.cz\/wp-content\/uploads\/2026\/04\/30\/pocasi-300426-1-1024x678.jpg 1024w, https:\/\/zakrasnejsivimperk.cz\/wp-content\/uploads\/2026\/04\/30\/pocasi-300426-1-768x508.jpg 768w, https:\/\/zakrasnejsivimperk.cz\/wp-content\/uploads\/2026\/04\/30\/pocasi-300426-1-1536x1017.jpg 1536w, https:\/\/zakrasnejsivimperk.cz\/wp-content\/uploads\/2026\/04\/30\/pocasi-300426-1-100x65.jpg 100w, https:\/\/zakrasnejsivimperk.cz\/wp-content\/uploads\/2026\/04\/30\/pocasi-300426-1-539x357.jpg 539w, https:\/\/zakrasnejsivimperk.cz\/wp-content\/uploads\/2026\/04\/30\/pocasi-300426-1-730x483.jpg 730w\" sizes=\"(max-width: 1754px) 100vw, 1754px\" \/><\/p>\n<p>&nbsp;<\/p>\n<p><img loading=\"lazy\" decoding=\"async\" class=\"aligncenter wp-image-374158 size-full\" src=\"https:\/\/zakrasnejsivimperk.cz\/wp-content\/uploads\/2026\/04\/30\/pocasi-300426-2.jpg\" alt=\"\" width=\"1754\" height=\"1161\" srcset=\"https:\/\/zakrasnejsivimperk.cz\/wp-content\/uploads\/2026\/04\/30\/pocasi-300426-2.jpg 1754w, https:\/\/zakrasnejsivimperk.cz\/wp-content\/uploads\/2026\/04\/30\/pocasi-300426-2-300x199.jpg 300w, https:\/\/zakrasnejsivimperk.cz\/wp-content\/uploads\/2026\/04\/30\/pocasi-300426-2-1024x678.jpg 1024w, https:\/\/zakrasnejsivimperk.cz\/wp-content\/uploads\/2026\/04\/30\/pocasi-300426-2-768x508.jpg 768w, https:\/\/zakrasnejsivimperk.cz\/wp-content\/uploads\/2026\/04\/30\/pocasi-300426-2-1536x1017.jpg 1536w, https:\/\/zakrasnejsivimperk.cz\/wp-content\/uploads\/2026\/04\/30\/pocasi-300426-2-100x65.jpg 100w, https:\/\/zakrasnejsivimperk.cz\/wp-content\/uploads\/2026\/04\/30\/pocasi-300426-2-539x357.jpg 539w, https:\/\/zakrasnejsivimperk.cz\/wp-content\/uploads\/2026\/04\/30\/pocasi-300426-2-730x483.jpg 730w\" sizes=\"(max-width: 1754px) 100vw, 1754px\" \/><\/p>\n<p>&nbsp;<\/p>\n<p><img loading=\"lazy\" decoding=\"async\" class=\"aligncenter wp-image-374159 size-full\" src=\"https:\/\/zakrasnejsivimperk.cz\/wp-content\/uploads\/2026\/04\/30\/pocasi-300426-3.jpg\" alt=\"\" width=\"1754\" height=\"1161\" srcset=\"https:\/\/zakrasnejsivimperk.cz\/wp-content\/uploads\/2026\/04\/30\/pocasi-300426-3.jpg 1754w, https:\/\/zakrasnejsivimperk.cz\/wp-content\/uploads\/2026\/04\/30\/pocasi-300426-3-300x199.jpg 300w, https:\/\/zakrasnejsivimperk.cz\/wp-content\/uploads\/2026\/04\/30\/pocasi-300426-3-1024x678.jpg 1024w, https:\/\/zakrasnejsivimperk.cz\/wp-content\/uploads\/2026\/04\/30\/pocasi-300426-3-768x508.jpg 768w, https:\/\/zakrasnejsivimperk.cz\/wp-content\/uploads\/2026\/04\/30\/pocasi-300426-3-1536x1017.jpg 1536w, https:\/\/zakrasnejsivimperk.cz\/wp-content\/uploads\/2026\/04\/30\/pocasi-300426-3-100x65.jpg 100w, https:\/\/zakrasnejsivimperk.cz\/wp-content\/uploads\/2026\/04\/30\/pocasi-300426-3-539x357.jpg 539w, https:\/\/zakrasnejsivimperk.cz\/wp-content\/uploads\/2026\/04\/30\/pocasi-300426-3-730x483.jpg 730w\" sizes=\"(max-width: 1754px) 100vw, 1754px\" \/><\/p>\n<p>&nbsp;<\/p>\n<p>&nbsp;<\/p>\n<div class=\"bottom-0 h-50 left-0 position-absolute text-forecast__curtain w-100\">\n<div>\n<div class=\"bottom-0 h-50 left-0 position-absolute text-forecast__curtain w-100\"><a href=\"https:\/\/www.chmi.cz\/?t=202601211930&amp;c=50.0000%2C15.8258%2C7&amp;l=kraje%2Cradary%2CZTM&amp;obdobi=dnes-odpoledne\" target=\"_blank\" rel=\"noopener\"><strong>\u010cESK\u00dd HYDROMETEOROLOGICK\u00dd \u00daSTAV<\/strong><\/a><\/div>\n<\/div>\n<p>&nbsp;<\/p>\n<h4><a href=\"https:\/\/zakrasnejsivimperk.cz\/?p=231510\" target=\"_blank\" rel=\"noopener\">V\u00fdstrahy \u010cesk\u00e9ho hydrometeorologick\u00e9ho \u00fastavu pro regiony a m\u011bsta najdete ZDE<\/a><\/h4>\n<\/div>\n<hr \/>\n<p>&nbsp;<\/p>\n","protected":false},"excerpt":{"rendered":"<p>&nbsp; Po\u010das\u00ed <\/p>\n","protected":false},"author":2,"featured_media":374160,"comment_status":"open","ping_status":"open","sticky":false,"template":"","format":"gallery","meta":{"footnotes":""},"categories":[110],"tags":[],"jetpack_featured_media_url":"https:\/\/zakrasnejsivimperk.cz\/wp-content\/uploads\/2026\/04\/30\/ram-pocasi.jpg","_links":{"self":[{"href":"https:\/\/zakrasnejsivimperk.cz\/index.php?rest_route=\/wp\/v2\/posts\/374156"}],"collection":[{"href":"https:\/\/zakrasnejsivimperk.cz\/index.php?rest_route=\/wp\/v2\/posts"}],"about":[{"href":"https:\/\/zakrasnejsivimperk.cz\/index.php?rest_route=\/wp\/v2\/types\/post"}],"author":[{"embeddable":true,"href":"https:\/\/zakrasnejsivimperk.cz\/index.php?rest_route=\/wp\/v2\/users\/2"}],"replies":[{"embeddable":true,"href":"https:\/\/zakrasnejsivimperk.cz\/index.php?rest_route=%2Fwp%2Fv2%2Fcomments&post=374156"}],"version-history":[{"count":1,"href":"https:\/\/zakrasnejsivimperk.cz\/index.php?rest_route=\/wp\/v2\/posts\/374156\/revisions"}],"predecessor-version":[{"id":374161,"href":"https:\/\/zakrasnejsivimperk.cz\/index.php?rest_route=\/wp\/v2\/posts\/374156\/revisions\/374161"}],"wp:featuredmedia":[{"embeddable":true,"href":"https:\/\/zakrasnejsivimperk.cz\/index.php?rest_route=\/wp\/v2\/media\/374160"}],"wp:attachment":[{"href":"https:\/\/zakrasnejsivimperk.cz\/index.php?rest_route=%2Fwp%2Fv2%2Fmedia&parent=374156"}],"wp:term":[{"taxonomy":"category","embeddable":true,"href":"https:\/\/zakrasnejsivimperk.cz\/index.php?rest_route=%2Fwp%2Fv2%2Fcategories&post=374156"},{"taxonomy":"post_tag","embeddable":true,"href":"https:\/\/zakrasnejsivimperk.cz\/index.php?rest_route=%2Fwp%2Fv2%2Ftags&post=374156"}],"curies":[{"name":"wp","href":"https:\/\/api.w.org\/{rel}","templated":true}]}}