{"id":374148,"date":"2026-04-30T13:27:49","date_gmt":"2026-04-30T12:27:49","guid":{"rendered":"https:\/\/zakrasnejsivimperk.cz\/?p=374148"},"modified":"2026-04-30T13:27:49","modified_gmt":"2026-04-30T12:27:49","slug":"nase-mesto-vimperk-komunalni-volby-2026-vimperk-pod-lupou-cast-2-pracovni-ceta","status":"publish","type":"post","link":"https:\/\/zakrasnejsivimperk.cz\/?p=374148","title":{"rendered":"NA\u0160E M\u011aSTO VIMPERK \u2013 KOMUN\u00c1LN\u00cd VOLBY 2026: Vimperk pod lupou. \u010c\u00e1st 2. &#8211; Pracovn\u00ed \u010deta"},"content":{"rendered":"<h6>V posledn\u00edch dnech bylo ve Vimperku medi\u00e1ln\u011b ru\u0161no. To v\u00edt\u00e1m \u2013 kone\u010dn\u011b se otev\u0159en\u011b diskutuje. A pot\u011b\u0161ilo m\u011b i to, \u017ee m\u011b oslovila m\u00e9dia.<\/h6>\n<p><img loading=\"lazy\" decoding=\"async\" class=\"size-medium wp-image-372581 alignright\" src=\"https:\/\/zakrasnejsivimperk.cz\/wp-content\/uploads\/2026\/04\/11\/Lukas-Blaschko-224x300.jpg\" alt=\"\" width=\"224\" height=\"300\" srcset=\"https:\/\/zakrasnejsivimperk.cz\/wp-content\/uploads\/2026\/04\/11\/Lukas-Blaschko-224x300.jpg 224w, https:\/\/zakrasnejsivimperk.cz\/wp-content\/uploads\/2026\/04\/11\/Lukas-Blaschko.jpg 235w\" sizes=\"(max-width: 224px) 100vw, 224px\" \/><img loading=\"lazy\" decoding=\"async\" class=\"size-medium wp-image-368422 alignleft\" src=\"https:\/\/zakrasnejsivimperk.cz\/wp-content\/uploads\/2026\/02\/13\/komunalni-volby-3-210x300.png\" alt=\"\" width=\"210\" height=\"300\" srcset=\"https:\/\/zakrasnejsivimperk.cz\/wp-content\/uploads\/2026\/02\/13\/komunalni-volby-3-210x300.png 210w, https:\/\/zakrasnejsivimperk.cz\/wp-content\/uploads\/2026\/02\/13\/komunalni-volby-3-717x1024.png 717w, https:\/\/zakrasnejsivimperk.cz\/wp-content\/uploads\/2026\/02\/13\/komunalni-volby-3-768x1097.png 768w, https:\/\/zakrasnejsivimperk.cz\/wp-content\/uploads\/2026\/02\/13\/komunalni-volby-3-1075x1536.png 1075w, https:\/\/zakrasnejsivimperk.cz\/wp-content\/uploads\/2026\/02\/13\/komunalni-volby-3-250x357.png 250w, https:\/\/zakrasnejsivimperk.cz\/wp-content\/uploads\/2026\/02\/13\/komunalni-volby-3-338x483.png 338w, https:\/\/zakrasnejsivimperk.cz\/wp-content\/uploads\/2026\/02\/13\/komunalni-volby-3.png 1344w\" sizes=\"(max-width: 210px) 100vw, 210px\" \/>Za sv\u00fdmi n\u00e1zory z rozhovor\u016f si stoj\u00edm.<\/p>\n<p>Po debat\u00e1ch s krajsk\u00fdmi zastupiteli a reakc\u00edch na t\u00e9ma dostupnosti zdravotn\u00ed p\u00e9\u010de padlo i prohl\u00e1\u0161en\u00ed hejtmana Martina Kuby o p\u0159evzet\u00ed vimpersk\u00e9 ordinace pro d\u011bti a dorost Nemocnic\u00ed Strakonice. N\u00e1sledn\u00e9 vyj\u00e1d\u0159en\u00ed veden\u00ed nemocnice ale uk\u00e1zalo, \u017ee situace nen\u00ed tak jednoduch\u00e1 a \u017ee mus\u00ed prob\u011bhnout standardn\u00ed v\u00fdb\u011brov\u00e9 \u0159\u00edzen\u00ed.<\/p>\n<p>A pr\u00e1v\u011b to vyvol\u00e1v\u00e1 ot\u00e1zku: Je mo\u017en\u00e9 dop\u0159edu mluvit o v\u00fdsledku, kdy\u017e proces je\u0161t\u011b ani neza\u010dal?<\/p>\n<p>Ale zp\u011bt k tomu, co dlouhodob\u011b sleduji.<\/p>\n<p>Pokra\u010duji v pro\u010d\u00edt\u00e1n\u00ed rozpo\u010dt\u016f a \u00fa\u010detn\u00edch z\u00e1v\u011brek m\u011bsta. A dnes se pod\u00edv\u00e1me na jednu konkr\u00e9tn\u00ed polo\u017eku, kter\u00e1 se za\u010dala objevovat od roku 2020:<\/p>\n<p><strong>Pracovn\u00ed \u010deta, zimn\u00ed \u00fadr\u017eba<\/strong><\/p>\n<p><strong>\u00b7 2020:<\/strong> 4 671 287 K\u010d<\/p>\n<p><strong>\u00b7 2021:<\/strong> 6 831 388 K\u010d<\/p>\n<p><strong>\u00b7 2022:<\/strong> 6 703 762 K\u010d<\/p>\n<p><strong>\u00b7 2023:<\/strong> 10 598 382 K\u010d<\/p>\n<p><strong>\u00b7 2024:<\/strong> 8 621 315 K\u010d<\/p>\n<p><strong>\u00b7 2025:<\/strong> 8 294 374 K\u010d<\/p>\n<p>Celkem za obdob\u00ed: cca 45,7 milionu K\u010d<\/p>\n<p><strong>Co je na tom d\u016fle\u017eit\u00e9<\/strong><\/p>\n<p>\u00b7 polo\u017eka se p\u0159ed rokem 2020 neobjevuje<\/p>\n<p>\u00b7 od t\u00e9 doby jde o stabiln\u011b vysok\u00e9 v\u00fddaje<\/p>\n<p>\u00b7 v n\u011bkter\u00fdch letech v\u00fdrazn\u011b roste<\/p>\n<p><strong>A hlavn\u011b:<\/strong><\/p>\n<p>Nen\u00ed \u00fapln\u011b jasn\u00e9, co v\u0161echno tato polo\u017eka p\u0159esn\u011b zahrnuje a jak se jej\u00ed rozsah v \u010dase m\u011bn\u00ed.<\/p>\n<p><strong>O co mi jde<\/strong><\/p>\n<p>Nejde o kritiku za ka\u017edou cenu. Zimn\u00ed \u00fadr\u017eba i pr\u00e1ce ve m\u011bst\u011b jsou samoz\u0159ejm\u011b pot\u0159eba.<\/p>\n<p><strong>Jde o jednoduch\u00e9 ot\u00e1zky:<\/strong><\/p>\n<p>\u00b7 Co p\u0159esn\u011b tato polo\u017eka zahrnuje?<\/p>\n<p>\u00b7 Pro\u010d do\u0161lo k tak v\u00fdrazn\u00e9mu n\u00e1r\u016fstu?<\/p>\n<p>\u00b7 A odpov\u00edd\u00e1 rozsah prac\u00ed t\u011bmto \u010d\u00e1stk\u00e1m?<\/p>\n<p>Tohle je druh\u00fd d\u00edl s\u00e9rie. V dal\u0161\u00edch se pod\u00edv\u00e1me na dal\u0161\u00ed polo\u017eky, kter\u00e9 stoj\u00ed za pozornost.<\/p>\n<h6><strong>Co si o tom mysl\u00edte vy?<\/strong><\/h6>\n<p>&nbsp;<\/p>\n<p><strong>Luk\u00e1\u0161 BLASCHKO, l\u00eddr kandid\u00e1tky Pro Vimperk<\/strong><\/p>\n<hr \/>\n<p>&nbsp;<\/p>\n<h4>Jin\u00e9 \u010dl\u00e1nky autora:<\/h4>\n<h6 class=\"entry-title\"><a href=\"https:\/\/zakrasnejsivimperk.cz\/?p=373515\" target=\"_blank\" rel=\"noopener\">NA\u0160E M\u011aSTO VIMPERK \u2013 KOMUN\u00c1LN\u00cd VOLBY 2026: Vzdaluje se ob\u010dan\u016fm na\u0161eho m\u011bsta z\u00e1kladn\u00ed zdravotn\u00ed p\u00e9\u010de? Napi\u0161te sv\u016fj n\u00e1zor<\/a><\/h6>\n<h6 class=\"entry-title\"><a href=\"https:\/\/zakrasnejsivimperk.cz\/?p=372578\" target=\"_blank\" rel=\"noopener\">NA\u0160E M\u011aSTO VIMPERK \u2013 KOMUN\u00c1LN\u00cd VOLBY 2026: Vimperk pod lupou. \u010c\u00e1st 1. \u2013 ulice 1. m\u00e1je<\/a><\/h6>\n<hr \/>\n<p>&nbsp;<\/p>\n","protected":false},"excerpt":{"rendered":"<p>V posledn\u00edch <\/p>\n","protected":false},"author":2,"featured_media":374152,"comment_status":"open","ping_status":"open","sticky":false,"template":"","format":"gallery","meta":{"footnotes":""},"categories":[11,108],"tags":[],"jetpack_featured_media_url":"https:\/\/zakrasnejsivimperk.cz\/wp-content\/uploads\/2026\/04\/30\/ram-lukas-blaschko-300426.jpg","_links":{"self":[{"href":"https:\/\/zakrasnejsivimperk.cz\/index.php?rest_route=\/wp\/v2\/posts\/374148"}],"collection":[{"href":"https:\/\/zakrasnejsivimperk.cz\/index.php?rest_route=\/wp\/v2\/posts"}],"about":[{"href":"https:\/\/zakrasnejsivimperk.cz\/index.php?rest_route=\/wp\/v2\/types\/post"}],"author":[{"embeddable":true,"href":"https:\/\/zakrasnejsivimperk.cz\/index.php?rest_route=\/wp\/v2\/users\/2"}],"replies":[{"embeddable":true,"href":"https:\/\/zakrasnejsivimperk.cz\/index.php?rest_route=%2Fwp%2Fv2%2Fcomments&post=374148"}],"version-history":[{"count":2,"href":"https:\/\/zakrasnejsivimperk.cz\/index.php?rest_route=\/wp\/v2\/posts\/374148\/revisions"}],"predecessor-version":[{"id":374153,"href":"https:\/\/zakrasnejsivimperk.cz\/index.php?rest_route=\/wp\/v2\/posts\/374148\/revisions\/374153"}],"wp:featuredmedia":[{"embeddable":true,"href":"https:\/\/zakrasnejsivimperk.cz\/index.php?rest_route=\/wp\/v2\/media\/374152"}],"wp:attachment":[{"href":"https:\/\/zakrasnejsivimperk.cz\/index.php?rest_route=%2Fwp%2Fv2%2Fmedia&parent=374148"}],"wp:term":[{"taxonomy":"category","embeddable":true,"href":"https:\/\/zakrasnejsivimperk.cz\/index.php?rest_route=%2Fwp%2Fv2%2Fcategories&post=374148"},{"taxonomy":"post_tag","embeddable":true,"href":"https:\/\/zakrasnejsivimperk.cz\/index.php?rest_route=%2Fwp%2Fv2%2Ftags&post=374148"}],"curies":[{"name":"wp","href":"https:\/\/api.w.org\/{rel}","templated":true}]}}