{"id":374131,"date":"2026-05-02T17:54:56","date_gmt":"2026-05-02T16:54:56","guid":{"rendered":"https:\/\/zakrasnejsivimperk.cz\/?p=374131"},"modified":"2026-05-02T17:54:56","modified_gmt":"2026-05-02T16:54:56","slug":"reci-cisel-v-breznu-byla-mira-nezamestnanosti-33","status":"publish","type":"post","link":"https:\/\/zakrasnejsivimperk.cz\/?p=374131","title":{"rendered":"\u0158E\u010c\u00cd \u010c\u00cdSEL: V\u202fb\u0159eznu byla m\u00edra nezam\u011bstnanosti 3,3\u202f%"},"content":{"rendered":"<p><img loading=\"lazy\" decoding=\"async\" class=\"aligncenter wp-image-219756 size-large\" src=\"https:\/\/zakrasnejsivimperk.cz\/wp-content\/uploads\/2021\/03\/29\/\u010ds\u00fa-logo-1024x277.png\" alt=\"\" width=\"700\" height=\"189\" srcset=\"https:\/\/zakrasnejsivimperk.cz\/wp-content\/uploads\/2021\/03\/29\/\u010ds\u00fa-logo-1024x277.png 1024w, https:\/\/zakrasnejsivimperk.cz\/wp-content\/uploads\/2021\/03\/29\/\u010ds\u00fa-logo-300x81.png 300w, https:\/\/zakrasnejsivimperk.cz\/wp-content\/uploads\/2021\/03\/29\/\u010ds\u00fa-logo-768x208.png 768w, https:\/\/zakrasnejsivimperk.cz\/wp-content\/uploads\/2021\/03\/29\/\u010ds\u00fa-logo.png 1280w\" sizes=\"(max-width: 700px) 100vw, 700px\" \/><\/p>\n<p>&nbsp;<\/p>\n<h6 class=\"-wm-elementToProof\"><b>Pod\u00edl nezam\u011bstnan\u00fdch k\u202fekonomicky\u00a0aktivn\u00edm, tj.\u202fsou\u010dtu zam\u011bstnan\u00fdch a nezam\u011bstnan\u00fdch,\u00a0dos\u00e1hl v\u00a0b\u0159eznu\u00a03,3\u202f%. Meziro\u010dn\u011b\u00a0se\u00a0zv\u00fd\u0161il\u00a0o\u202f0,5\u202fprocentn\u00edho\u00a0bodu. M\u00edra nezam\u011bstnanosti mu\u017e\u016f\u00a0dos\u00e1hla\u00a02,8\u202f%, u \u017een\u00a03,9\u202f%.\u00a0<\/b><\/h6>\n<div class=\"-wm-elementToProof\"><b>\u00a0<\/b><\/div>\n<div class=\"-wm-elementToProof\"><i>\u201eV\u00fdsledky V\u00fdb\u011brov\u00e9ho \u0161et\u0159en\u00ed pracovn\u00edch sil za m\u011bs\u00edc b\u0159ezen\u00a0ukazuj\u00ed dal\u0161\u00ed pl\u00ed\u017eiv\u00e9 zvy\u0161ov\u00e1n\u00ed m\u00edry nezam\u011bstnanosti u \u017een, zat\u00edmco u mu\u017e\u016f se situace v\u202fposledn\u00edm p\u016flroce stabilizovala,\u201c<\/i>\u00a0vysv\u011btluje Dalibor Hol\u00fd, \u0159editel odboru statistiky trhu pr\u00e1ce a rovn\u00fdch p\u0159\u00edle\u017eitost\u00ed\u202f\u010cS\u00da.<\/div>\n<div class=\"-wm-elementToProof\"><\/div>\n<div class=\"-wm-elementToProof\">Dal\u0161\u00ed podrobnosti naleznete na webu \u010cS\u00da:\u00a0<strong><a href=\"https:\/\/csu.gov.cz\/rychle-informace\/miry-zamestnanosti-nezamestnanosti-a-ekonomicke-aktivity-brezen-2026\" target=\"_blank\" rel=\"noopener\">https:\/\/csu.gov.cz\/rychle-informace\/miry-zamestnanosti-nezamestnanosti-a-ekonomicke-aktivity-brezen-2026<\/a><\/strong><\/div>\n<p><strong>(tz-\u010ds\u00fa)<\/strong><\/p>\n<hr \/>\n<p>&nbsp;<\/p>\n","protected":false},"excerpt":{"rendered":"<p>&nbsp; Pod\u00edl <\/p>\n","protected":false},"author":2,"featured_media":374132,"comment_status":"open","ping_status":"open","sticky":false,"template":"","format":"gallery","meta":{"footnotes":""},"categories":[178,175],"tags":[],"jetpack_featured_media_url":"https:\/\/zakrasnejsivimperk.cz\/wp-content\/uploads\/2026\/04\/30\/ram-csu-x.jpg","_links":{"self":[{"href":"https:\/\/zakrasnejsivimperk.cz\/index.php?rest_route=\/wp\/v2\/posts\/374131"}],"collection":[{"href":"https:\/\/zakrasnejsivimperk.cz\/index.php?rest_route=\/wp\/v2\/posts"}],"about":[{"href":"https:\/\/zakrasnejsivimperk.cz\/index.php?rest_route=\/wp\/v2\/types\/post"}],"author":[{"embeddable":true,"href":"https:\/\/zakrasnejsivimperk.cz\/index.php?rest_route=\/wp\/v2\/users\/2"}],"replies":[{"embeddable":true,"href":"https:\/\/zakrasnejsivimperk.cz\/index.php?rest_route=%2Fwp%2Fv2%2Fcomments&post=374131"}],"version-history":[{"count":1,"href":"https:\/\/zakrasnejsivimperk.cz\/index.php?rest_route=\/wp\/v2\/posts\/374131\/revisions"}],"predecessor-version":[{"id":374133,"href":"https:\/\/zakrasnejsivimperk.cz\/index.php?rest_route=\/wp\/v2\/posts\/374131\/revisions\/374133"}],"wp:featuredmedia":[{"embeddable":true,"href":"https:\/\/zakrasnejsivimperk.cz\/index.php?rest_route=\/wp\/v2\/media\/374132"}],"wp:attachment":[{"href":"https:\/\/zakrasnejsivimperk.cz\/index.php?rest_route=%2Fwp%2Fv2%2Fmedia&parent=374131"}],"wp:term":[{"taxonomy":"category","embeddable":true,"href":"https:\/\/zakrasnejsivimperk.cz\/index.php?rest_route=%2Fwp%2Fv2%2Fcategories&post=374131"},{"taxonomy":"post_tag","embeddable":true,"href":"https:\/\/zakrasnejsivimperk.cz\/index.php?rest_route=%2Fwp%2Fv2%2Ftags&post=374131"}],"curies":[{"name":"wp","href":"https:\/\/api.w.org\/{rel}","templated":true}]}}