{"id":374128,"date":"2026-04-30T12:09:25","date_gmt":"2026-04-30T11:09:25","guid":{"rendered":"https:\/\/zakrasnejsivimperk.cz\/?p=374128"},"modified":"2026-04-30T12:09:25","modified_gmt":"2026-04-30T11:09:25","slug":"reci-cisel-hdp-vzrostl-mezictvrtletne-o-02","status":"publish","type":"post","link":"https:\/\/zakrasnejsivimperk.cz\/?p=374128","title":{"rendered":"\u0158E\u010c\u00cd \u010c\u00cdSEL: HDP vzrostl mezi\u010dtvrtletn\u011b o 0,2 %"},"content":{"rendered":"<p><img loading=\"lazy\" decoding=\"async\" class=\"aligncenter wp-image-219756 size-large\" src=\"https:\/\/zakrasnejsivimperk.cz\/wp-content\/uploads\/2021\/03\/29\/\u010ds\u00fa-logo-1024x277.png\" alt=\"\" width=\"700\" height=\"189\" srcset=\"https:\/\/zakrasnejsivimperk.cz\/wp-content\/uploads\/2021\/03\/29\/\u010ds\u00fa-logo-1024x277.png 1024w, https:\/\/zakrasnejsivimperk.cz\/wp-content\/uploads\/2021\/03\/29\/\u010ds\u00fa-logo-300x81.png 300w, https:\/\/zakrasnejsivimperk.cz\/wp-content\/uploads\/2021\/03\/29\/\u010ds\u00fa-logo-768x208.png 768w, https:\/\/zakrasnejsivimperk.cz\/wp-content\/uploads\/2021\/03\/29\/\u010ds\u00fa-logo.png 1280w\" sizes=\"(max-width: 700px) 100vw, 700px\" \/><\/p>\n<p>&nbsp;<\/p>\n<h6>Podle p\u0159edb\u011b\u017en\u00e9ho odhadu vzrostl hrub\u00fd dom\u00e1c\u00ed produkt v 1. \u010dtvrtlet\u00ed mezi\u010dtvrtletn\u011b o\u202f0,2\u202f% a meziro\u010dn\u011b o 2,1\u202f%.<\/h6>\n<p><em>\u201eMeziro\u010dn\u00ed r\u016fst HDP o 2,1 % byl v\u00fdhradn\u011b podpo\u0159en dom\u00e1c\u00ed popt\u00e1vkou, zejm\u00e9na v\u00fddaji na\u202fkone\u010dnou spot\u0159ebu dom\u00e1cnost\u00ed a tvorbou hrub\u00e9ho fixn\u00edho kapit\u00e1lu. Negativn\u00ed p\u0159\u00edsp\u011bvek m\u011blo saldo zahrani\u010dn\u00edho obchodu,\u201c<\/em> sd\u011blil Vladim\u00edr Kermiet, \u0159editel odboru n\u00e1rodn\u00edch \u00fa\u010dt\u016f \u010cS\u00da.<\/p>\n<p>Dal\u0161\u00ed podrobnosti naleznete na webu \u010cS\u00da:\u00a0<a href=\"https:\/\/csu.gov.cz\/rychle-informace\/predbezny-odhad-hdp-1-ctvrtleti-2026\" target=\"_blank\" rel=\"noopener\"><strong>https:\/\/csu.gov.cz\/rychle-informace\/predbezny-odhad-hdp-1-ctvrtleti-2026<\/strong><\/a><\/p>\n<p><strong>(tz-\u010ds\u00fa)<\/strong><\/p>\n<hr \/>\n<p>&nbsp;<\/p>\n","protected":false},"excerpt":{"rendered":"<p>&nbsp; Podle <\/p>\n","protected":false},"author":2,"featured_media":374129,"comment_status":"open","ping_status":"open","sticky":false,"template":"","format":"gallery","meta":{"footnotes":""},"categories":[178,175],"tags":[],"jetpack_featured_media_url":"https:\/\/zakrasnejsivimperk.cz\/wp-content\/uploads\/2026\/04\/30\/ram-csu.jpg","_links":{"self":[{"href":"https:\/\/zakrasnejsivimperk.cz\/index.php?rest_route=\/wp\/v2\/posts\/374128"}],"collection":[{"href":"https:\/\/zakrasnejsivimperk.cz\/index.php?rest_route=\/wp\/v2\/posts"}],"about":[{"href":"https:\/\/zakrasnejsivimperk.cz\/index.php?rest_route=\/wp\/v2\/types\/post"}],"author":[{"embeddable":true,"href":"https:\/\/zakrasnejsivimperk.cz\/index.php?rest_route=\/wp\/v2\/users\/2"}],"replies":[{"embeddable":true,"href":"https:\/\/zakrasnejsivimperk.cz\/index.php?rest_route=%2Fwp%2Fv2%2Fcomments&post=374128"}],"version-history":[{"count":1,"href":"https:\/\/zakrasnejsivimperk.cz\/index.php?rest_route=\/wp\/v2\/posts\/374128\/revisions"}],"predecessor-version":[{"id":374130,"href":"https:\/\/zakrasnejsivimperk.cz\/index.php?rest_route=\/wp\/v2\/posts\/374128\/revisions\/374130"}],"wp:featuredmedia":[{"embeddable":true,"href":"https:\/\/zakrasnejsivimperk.cz\/index.php?rest_route=\/wp\/v2\/media\/374129"}],"wp:attachment":[{"href":"https:\/\/zakrasnejsivimperk.cz\/index.php?rest_route=%2Fwp%2Fv2%2Fmedia&parent=374128"}],"wp:term":[{"taxonomy":"category","embeddable":true,"href":"https:\/\/zakrasnejsivimperk.cz\/index.php?rest_route=%2Fwp%2Fv2%2Fcategories&post=374128"},{"taxonomy":"post_tag","embeddable":true,"href":"https:\/\/zakrasnejsivimperk.cz\/index.php?rest_route=%2Fwp%2Fv2%2Ftags&post=374128"}],"curies":[{"name":"wp","href":"https:\/\/api.w.org\/{rel}","templated":true}]}}