{"id":374125,"date":"2026-04-30T11:59:39","date_gmt":"2026-04-30T10:59:39","guid":{"rendered":"https:\/\/zakrasnejsivimperk.cz\/?p=374125"},"modified":"2026-04-30T11:59:39","modified_gmt":"2026-04-30T10:59:39","slug":"aktualni-komentar-erika-besta-babis-priznal-pavlovi-dalsi-pravomoc","status":"publish","type":"post","link":"https:\/\/zakrasnejsivimperk.cz\/?p=374125","title":{"rendered":"AKTU\u00c1LN\u00cd KOMENT\u00c1\u0158 ERIKA BESTA: Babi\u0161 p\u0159iznal Pavlovi dal\u0161\u00ed pravomoc"},"content":{"rendered":"<h6>Premi\u00e9r Andrej Babi\u0161 postoupil \u010d\u00e1st \u00fastavn\u00edch pravomoc\u00ed prezidentovi, kdy\u017e se v\u00a0polovin\u011b \u00fanora rozhodl nominovat Igora \u010cerven\u00e9ho z\u00a0Motorist\u016f na post ministra \u017eivotn\u00edho prost\u0159ed\u00ed nam\u00edsto Filipa Turka, kter\u00e9ho prezident Petr Pavel jmenovat odm\u00edtl. Babi\u0161 bez boje akceptoval, \u017ee prezident m\u016f\u017ee z\u00a0politick\u00fdch d\u016fvod\u016f kandid\u00e1ta na \u010dlena vl\u00e1dy odm\u00edtnout. Babi\u0161 v\u010dera u\u010dinil krok stejn\u00fdm sm\u011brem, kdy\u017e prohl\u00e1sil, \u017ee\u00a0<a href=\"https:\/\/www.ceskatelevize.cz\/porady\/1097181328-udalosti\/226411000110429\/\" target=\"_blank\" rel=\"noopener\">prezident mus\u00ed samoz\u0159ejm\u011b souhlasit<\/a>\u00a0s\u00a0nominac\u00ed vl\u00e1dy na pozici n\u00e1\u010deln\u00edka gener\u00e1ln\u00edho \u0161t\u00e1bu. Toto jmenov\u00e1n\u00ed se \u0159\u00edd\u00ed\u00a0<a href=\"https:\/\/www.zakonyprolidi.cz\/cs\/1999-219\" target=\"_blank\" rel=\"noopener\">z\u00e1konem o\u00a0ozbrojen\u00fdch sil\u00e1ch<\/a>, nikoli \u00dastavou, princip je v\u0161ak stejn\u00fd. Z\u00e1kon o\u00a0ozbrojen\u00fdch sil\u00e1ch \u010cR \u0159\u00edk\u00e1: \u201eN\u00e1\u010deln\u00edka Gener\u00e1ln\u00edho \u0161t\u00e1bu Arm\u00e1dy \u010cesk\u00e9 republiky jmenuje prezident na n\u00e1vrh vl\u00e1dy.\u201c Pokud Babi\u0161 p\u0159ipou\u0161t\u00ed, \u017ee prezident mus\u00ed se jmenov\u00e1n\u00edm nejprve souhlasit, op\u011bt se t\u00edm dobrovoln\u011b vzd\u00e1v\u00e1 \u010d\u00e1sti pravomoc\u00ed ve prosp\u011bch prezidenta a\u00a0oslabuje pozici vl\u00e1dy. A\u0165 u\u017e z\u00a0jak\u00e9hokoli d\u016fvodu, Babi\u0161 pom\u00e1h\u00e1 Pavlovi posouvat zemi sm\u011brem k\u00a0poloprezidentsk\u00e9mu syst\u00e9mu.<\/h6>\n<h6><strong>Erik BEST<\/strong><\/h6>\n<hr \/>\n<p>&nbsp;<\/p>\n<p><strong><img loading=\"lazy\" decoding=\"async\" class=\"size-full wp-image-136426 alignleft\" src=\"https:\/\/zakrasnejsivimperk.cz\/wp-content\/uploads\/2018\/07\/28\/erik-best.jpg\" alt=\"\" width=\"248\" height=\"279\" \/>Erik Best<\/strong>\u00a0<em>se narodil 11. \u0159\u00edjna 1962 v Severn\u00ed Karol\u00edn\u011b na v\u00fdchod\u011b Spojen\u00fdch st\u00e1t\u016f. Prakticky cel\u00e9 d\u011btstv\u00ed v\u0161ak pro\u017eil v Montan\u011b, na severoz\u00e1pad\u011b USA, kam se jeho rodi\u010de p\u0159est\u011bhovali kr\u00e1tce po jeho narozen\u00ed. V roce 1985 absolvoval s bakal\u00e1\u0159sk\u00fdm titulem z v\u00fdchodoevropsk\u00fdch studi\u00ed na Georgetown University School of Foreign Service. B\u011bhem tohoto studia se zam\u011b\u0159oval na rusk\u00fd jazyk, v \u010dem\u017e pokra\u010doval i na Middlebury College ve Vermontu, kde z\u00edskal magistersk\u00fd titul. V r\u00e1mci vzd\u011bl\u00e1v\u00e1n\u00ed t\u00e9to univerzit\u011b dvakr\u00e1t studijn\u011b pob\u00fdval letech 1983 a 1984 v Moskv\u011b. V dal\u0161\u00edch letech studoval obchod na University of North Carolina. Titul MBA zde z\u00edskal v roce 1987. Erik Best se v \u010cesku o\u017eenil. Jeho man\u017eelka Dita je \u010desk\u00e9ho p\u016fvodu. Spole\u010dn\u011b vychov\u00e1vaj\u00ed \u010dty\u0159i d\u011bt\u00ed. V Praze podle vlastn\u00edch slov \u017eije od \u00fanora roku 1991. P\u0159esn\u011b rok pot\u00e9 zde za\u010dal pro m\u00edstn\u00ed anglicky hovo\u0159\u00edc\u00ed komunitu vyd\u00e1vat denn\u00ed zpravodaj Fleet Sheet, stru\u010dn\u00fd p\u0159ehled vybran\u00fdch zpr\u00e1v z \u010desk\u00e9ho tisku. P\u016fvodn\u011b p\u0159edpokl\u00e1dal, \u017ee v\u011bt\u0161ina cizinc\u016f Prahu je\u0161t\u011b p\u0159ed rokem 2000 opust\u00ed, tak\u017ee jeho vydavatelsk\u00e9 vize nem\u011bly horizont del\u0161\u00ed ne\u017e \u0161est let. K \u017e\u00e1dn\u00e9mu odchodu cizinc\u016f z \u010cesk\u00e9 republiky v\u0161ak nedo\u0161lo a Fleet Sheet nav\u00edc postupn\u011b p\u0159il\u00e1kal i \u010desk\u00e9 p\u0159edplatitele. N\u00e1klad bulletinu se proto zv\u011bt\u0161il a vych\u00e1z\u00ed doposud. Sv\u00e9 po\u010d\u00e1te\u010dn\u00ed tuzemsk\u00e9 podnikatelsk\u00e9 aktivity zah\u00e1jil Erik Best na ja\u0159e 1992 jako \u017eivnostn\u00edk. Na podzim 1994 zalo\u017eil spole\u010dnost The Bohemia Daily Standard, jej\u00edm\u017e je jednatelem a spolumajitelem. V roce 2000 zalo\u017eil se svoj\u00ed man\u017eelkou Ditou Bestovou nakladatelstv\u00ed E. S. Best, kter\u00e9 je ofici\u00e1ln\u00edm vydavatelem obou zpravodaj\u016f. S rozvojem internetu toti\u017e Erik Best za\u010d\u00e1tkem tis\u00edcilet\u00ed roz\u0161\u00ed\u0159il sv\u00e9 publika\u010dn\u00ed aktivity a od roku 2001 vyd\u00e1v\u00e1 je\u0161t\u011b elektronick\u00fd Final Word. Od roku 2010 existuje i jeho \u010desk\u00e1 mutace. Final Word je kr\u00e1tk\u00fd a origin\u00e1ln\u00ed denn\u00ed koment\u00e1\u0159 p\u0159ipraven\u00fd t\u00fdmem Erika Besta, v\u011bnovan\u00fd v\u00fdznamn\u00fdm ekonomick\u00fdm a politick\u00fdm t\u00e9mat\u016fm posledn\u00edch dn\u016f. Pr\u00e1v\u011b d\u00edky sv\u00e9mu elektronick\u00e9mu bulletinu Final Word vstoupil Erik Best do \u0161ir\u0161\u00edho pov\u011bdom\u00ed \u010desk\u00e9 ve\u0159ejnosti a za\u010dal b\u00fdt zv\u00e1n do \u010desk\u00fdch rozhlasov\u00fdch a televizn\u00edch po\u0159ad\u016f. V letech 2011\u20132013 publikoval sv\u00e9 post\u0159ehy tak\u00e9 na blogu Aktu\u00e1ln\u011b.cz. Prezident republiky Milo\u0161 Zeman ud\u011blil 28. \u0159\u00edjna 2018 Eriku Bestovi st\u00e1tn\u00ed vyznamen\u00e1n\u00ed \u2013 medaili Za z\u00e1sluhy o st\u00e1t.<\/em><\/p>\n<hr \/>\n<p>&nbsp;<\/p>\n","protected":false},"excerpt":{"rendered":"<p>Premi\u00e9r Andrej <\/p>\n","protected":false},"author":2,"featured_media":374126,"comment_status":"open","ping_status":"open","sticky":false,"template":"","format":"gallery","meta":{"footnotes":""},"categories":[159,11],"tags":[],"jetpack_featured_media_url":"https:\/\/zakrasnejsivimperk.cz\/wp-content\/uploads\/2026\/04\/30\/best-300426.jpg","_links":{"self":[{"href":"https:\/\/zakrasnejsivimperk.cz\/index.php?rest_route=\/wp\/v2\/posts\/374125"}],"collection":[{"href":"https:\/\/zakrasnejsivimperk.cz\/index.php?rest_route=\/wp\/v2\/posts"}],"about":[{"href":"https:\/\/zakrasnejsivimperk.cz\/index.php?rest_route=\/wp\/v2\/types\/post"}],"author":[{"embeddable":true,"href":"https:\/\/zakrasnejsivimperk.cz\/index.php?rest_route=\/wp\/v2\/users\/2"}],"replies":[{"embeddable":true,"href":"https:\/\/zakrasnejsivimperk.cz\/index.php?rest_route=%2Fwp%2Fv2%2Fcomments&post=374125"}],"version-history":[{"count":1,"href":"https:\/\/zakrasnejsivimperk.cz\/index.php?rest_route=\/wp\/v2\/posts\/374125\/revisions"}],"predecessor-version":[{"id":374127,"href":"https:\/\/zakrasnejsivimperk.cz\/index.php?rest_route=\/wp\/v2\/posts\/374125\/revisions\/374127"}],"wp:featuredmedia":[{"embeddable":true,"href":"https:\/\/zakrasnejsivimperk.cz\/index.php?rest_route=\/wp\/v2\/media\/374126"}],"wp:attachment":[{"href":"https:\/\/zakrasnejsivimperk.cz\/index.php?rest_route=%2Fwp%2Fv2%2Fmedia&parent=374125"}],"wp:term":[{"taxonomy":"category","embeddable":true,"href":"https:\/\/zakrasnejsivimperk.cz\/index.php?rest_route=%2Fwp%2Fv2%2Fcategories&post=374125"},{"taxonomy":"post_tag","embeddable":true,"href":"https:\/\/zakrasnejsivimperk.cz\/index.php?rest_route=%2Fwp%2Fv2%2Ftags&post=374125"}],"curies":[{"name":"wp","href":"https:\/\/api.w.org\/{rel}","templated":true}]}}