{"id":374078,"date":"2026-04-29T15:57:04","date_gmt":"2026-04-29T14:57:04","guid":{"rendered":"https:\/\/zakrasnejsivimperk.cz\/?p=374078"},"modified":"2026-04-30T13:34:01","modified_gmt":"2026-04-30T12:34:01","slug":"petr-stepanek-dolanskeho-nedelni-verejnopravni-koncentrat-demagogie","status":"publish","type":"post","link":"https:\/\/zakrasnejsivimperk.cz\/?p=374078","title":{"rendered":"PETR \u0160T\u011aP\u00c1NEK: Dolansk\u00e9ho ned\u011bln\u00ed ve\u0159ejnopr\u00e1vn\u00ed koncentr\u00e1t demagogie"},"content":{"rendered":"<h6>Kdyby do \u010cesk\u00e9 republiky p\u0159ijel zcela nez\u00e1visl\u00fd pozorovatel a n\u011bkolik dn\u00ed sledoval \u010ceskou televizi, musel by nab\u00fdt dojmu, \u017ee se zm\u011bnou financov\u00e1n\u00ed \u010cesk\u00e9 televize a \u010cesk\u00e9ho rozhlasu v na\u0161\u00ed zemi kon\u010d\u00ed demokracie i svoboda projevu a ve\u0159ejnopr\u00e1vn\u00ed m\u00e9dia p\u0159ech\u00e1zej\u00ed pod p\u0159\u00edmou spr\u00e1vu vl\u00e1dy. P\u0159esn\u011b tak vypad\u00e1 zpravodajstv\u00ed i publicistika \u010cesk\u00e9 televize, p\u0159i\u010dem\u017e dosavadn\u00edm vrcholem nekone\u010dn\u00e9 demagogie, je\u017e se na n\u00e1s u\u017e n\u011bkolik t\u00fddn\u016f z ve\u0159ejnopr\u00e1vn\u00ed obrazovky val\u00ed, byla Ned\u011bln\u00ed debata moderovan\u00e1 Luk\u00e1\u0161em Dolansk\u00fdm.<\/h6>\n<p><img loading=\"lazy\" decoding=\"async\" class=\"size-full wp-image-274438 alignright\" src=\"https:\/\/zakrasnejsivimperk.cz\/wp-content\/uploads\/2023\/03\/04\/petr-stepanek-x.jpg\" alt=\"\" width=\"300\" height=\"288\" \/>Marn\u00e9 byly v\u0161echny racion\u00e1ln\u00ed odpov\u011bdi jeho hosta, ministra kultury Oty Klemp\u00ed\u0159e, sc\u00e9n\u00e1\u0159 podle kter\u00e9ho \u010cesk\u00e1 televize jede, je dop\u0159edu napsan\u00fd a jeho jedin\u00fdm smyslem je zachovat status quo, co\u017e nen\u00ed nic jin\u00e9ho ne\u017e prolongov\u00e1n\u00ed zastaral\u00e9ho syst\u00e9mu tzv. koncesion\u00e1\u0159sk\u00fdch poplatk\u016f, tedy syst\u00e9mu, kter\u00fd je neefektivn\u00ed, iracion\u00e1ln\u00ed a asoci\u00e1ln\u00ed.<\/p>\n<p>U\u017e prvn\u00ed ot\u00e1zka, kterou Dolansk\u00fd polo\u017eil, byla koncentr\u00e1tem demagogie. Co pr\u00fd na st\u00e1vaj\u00edc\u00edm syst\u00e9mu nefunguje? Jako kdyby nebylo faktem, \u017ee podstatn\u00e1 \u010d\u00e1st poplatk\u016f na Kav\u010d\u00ed hory, respektive na Vinohradskou t\u0159\u00eddu v\u016fbec nedoputuje. Jako kdyby nebylo faktem, \u017ee tento syst\u00e9m generuje \u010dern\u00e9 pasa\u017e\u00e9ry a naopak pod sankc\u00ed nut\u00ed platit i ty, kte\u0159\u00ed slu\u017ebu v\u016fbec nevyu\u017e\u00edvaj\u00ed. Jako kdyby nebylo faktem, \u017ee v prvn\u00ed polovin\u011b 21. stolet\u00ed st\u00e1le je\u0161t\u011b pou\u017e\u00edv\u00e1me syst\u00e9m z prvn\u00ed poloviny 20. stolet\u00ed, zat\u00edmco u\u017e d\u00e1vno \u017eijeme ve zcela prom\u011bn\u011bn\u00e9 medi\u00e1ln\u00ed krajin\u011b. Jako kdyby nebylo faktem, \u017ee v sou\u010dasn\u00e9m syst\u00e9mu v pom\u011bru ke sv\u00e9mu p\u0159\u00edjmu nejv\u00edce plat\u00ed ti nejchud\u0161\u00ed. A jako by nebylo faktem, \u017ee televizn\u00ed a rozhlasov\u00e9 poplatky tedy nejsou nic jin\u00e9ho ne\u017e dal\u0161\u00ed da\u0148, ba dokonce regresivn\u00ed da\u0148.<\/p>\n<p>Podstatn\u00e1 \u010d\u00e1st na\u0161ich ob\u010dan\u016f\/voli\u010d\u016f, si tohle uv\u011bdomuje, a proto tak\u00e9 ve volb\u00e1ch dali hlas politick\u00fdm stran\u00e1m, kter\u00e9 nab\u00eddly racion\u00e1ln\u00ed zm\u011bnu. Stejnou zm\u011bnu, jakou u\u017e p\u0159ed n\u00e1mi ud\u011blala v\u011bt\u0161ina zem\u00ed EU. Tyhle strany ve volb\u00e1ch zv\u00edt\u011bzily a nyn\u00ed sv\u016fj program realizuj\u00ed. Pr\u00e1v\u011b tomu se \u0159\u00edk\u00e1 demokracie, neboli vl\u00e1da lidu. Ne, \u017ee o syst\u00e9mu, kter\u00fd budeme pou\u017e\u00edvat, rozhoduje parta vyvolen\u00fdch z Kav\u010d\u00edch hor, nota bene v souru\u010denstv\u00ed s politick\u00fdmi stranami, kter\u00e9 volby prohr\u00e1ly.<\/p>\n<p>Pr\u00e1v\u011b tomu se \u0159\u00edk\u00e1 p\u0159edv\u00eddatelnost. I s tou se Dolansk\u00fd oh\u00e1n\u011bl. Proto si p\u0159ipome\u0148me, co je a co naopak nen\u00ed p\u0159edv\u00eddateln\u00e9? P\u0159edv\u00eddateln\u00e9 je, \u017ee pokud si politick\u00e9 strany do sv\u00e9ho programu nap\u00ed\u0161ou, \u017ee cht\u011bj\u00ed zm\u011bnit zp\u016fsob financov\u00e1n\u00ed ve\u0159ejnopr\u00e1vn\u00edch m\u00e9di\u00ed, a s t\u00edmto programem vyhraj\u00ed volby, \u017ee to pak tak\u00e9 vep\u00ed\u0161ou do vl\u00e1dn\u00edho programov\u00e9ho prohl\u00e1\u0161en\u00ed a budou to postupn\u011b realizovat. P\u0159edv\u00eddateln\u00e9 naopak nen\u00ed, kdy\u017e politick\u00e9 strany b\u00fdval\u00e9 Fialovy vl\u00e1dn\u00ed koalice ve sv\u00e9m volebn\u00edm programu \u017e\u00e1dn\u00e9 zvy\u0161ov\u00e1n\u00ed tzv. koncesion\u00e1\u0159sk\u00fdch poplatk\u016f nem\u011bly, ba dokonce kdy\u017e je\u0161t\u011b po volb\u00e1ch \u00fasty ministra kultury Martina Baxy tvrdily, \u017ee se poplatky zvy\u0161ovat nebudou, ale pak je v rozporu se v\u0161emi sv\u00fdmi p\u0159edchoz\u00edmi sliby a tvrzen\u00edmi zv\u00fd\u0161ily a je\u0161t\u011b k tomu doslova zlo\u010dinn\u00fdm zp\u016fsobem roz\u0161\u00ed\u0159ili okruh jejich pl\u00e1tc\u016f.<\/p>\n<p>Ka\u017ed\u00fd si tedy m\u016f\u017ee odpov\u011bd\u011bt s\u00e1m, kdo jedn\u00e1 p\u0159edv\u00eddateln\u011b, respektive ve shod\u011b se sv\u00fdmi p\u0159edvolebn\u00edmi sliby, a kdo na sv\u00e9 p\u0159edvolebn\u00ed sliby ka\u0161le. Le\u010d nedosti na tom. Plyne z toho v\u0161eho tak\u00e9 neodbytn\u00e1 ot\u00e1zka, pro\u010d se tohle v\u0161echno d\u011bje? Mn\u011b z toho vypl\u00fdv\u00e1 jedin\u00e9, toti\u017e \u017ee potrefen\u00e9 husy se asi n\u011b\u010deho boj\u00ed. T\u0159eba toho, \u017ee zm\u011bna financov\u00e1n\u00ed naru\u0161\u00ed zaveden\u00e9 pen\u011bzovody a mocensk\u00e9 silo\u010d\u00e1ry. A boj\u00ed se ten, kde dlouhodob\u011b provozuje n\u011bco nekal\u00e9ho.<\/p>\n<p>Dal\u0161\u00ed demagogie vypu\u0161t\u011bn\u00e1 z Dolansk\u00e9ho \u00fast bylo tvrzen\u00ed, \u017ee lid\u00e9 p\u0159ece necht\u011bj\u00ed platit \u017e\u00e1dn\u00e9 dan\u011b. Reagoval t\u00edm na Klemp\u00ed\u0159\u016fv odkaz na v\u00fdzkum agentury Kantar, \u017ee 60 procent ob\u010dan\u016f si zru\u0161en\u00ed koncesion\u00e1\u0159sk\u00fdch poplatk\u016f p\u0159eje. O co sv\u00e9 tvrzen\u00ed Dolansk\u00fd op\u00edr\u00e1? Nebo si snad mysl\u00ed, \u017ee v\u0161ichni lid\u00e9 jsou hlup\u00e1ci, kte\u0159\u00ed netu\u0161\u00ed, \u017ee syst\u00e9m z n\u011b\u010deho \u017e\u00edt mus\u00ed? Nikdo tak\u00e9 lidem p\u0159ece netvrd\u00ed, \u017ee m\u00e9dia financovan\u00e1 p\u0159\u00edmo z rozpo\u010dtu nic nestoj\u00ed. Kouzlo t\u00e9hle zm\u011bny je ale v tom, \u017ee ka\u017ed\u00fd se na jejich financov\u00e1n\u00ed bude pod\u00edlet v m\u00ed\u0159e sv\u00e9ho zdan\u011bn\u00ed, a ne jako dosud pau\u0161\u00e1ln\u00edm poplatkem, kdy babi\u010dka na penzi plat\u00ed tu samou \u010d\u00e1stku jako miliard\u00e1\u0159.<\/p>\n<p>Dal\u0161\u00edm Dolansk\u00e9ho argumenta\u010dn\u00edm faulem bylo odvol\u00e1v\u00e1n\u00ed se na stanoviska zahrani\u010dn\u00edch autorit. Zku\u0161enost \u0159\u00edk\u00e1, \u017ee maj\u00ed hodnotu zl\u00e1man\u00e9 gre\u0161le, nebo\u0165 z Bruselu \u010di odjinud obvykle po\u0161lou p\u0159esn\u011b to, co si zdej\u0161\u00ed zadavatel objedn\u00e1. A je \u00fapln\u011b jedno, zda zadavatelem je p\u0159\u00edmo \u010cesk\u00e1 televize nebo s n\u00ed sp\u0159\u00edzn\u011bn\u00ed politici a z\u00e1jmov\u00e9 skupiny.<\/p>\n<p>Nez\u00e1visl\u00e9mu pozorovateli by tak\u00e9 dozajista neu\u0161lo, \u017ee \u010cesk\u00e1 televize (i \u010cesk\u00fd rozhlas) zneu\u017e\u00edvaj\u00ed sv\u00e9ho postaven\u00ed, kdy\u017e zcela jednostrann\u011b informuj\u00ed sami o sob\u011b. \u017d\u00e1dn\u00fd jin\u00fd subjekt, jeho\u017e se t\u00fdk\u00e1 rozhodov\u00e1n\u00ed parlamentu, nem\u00e1 takovou mo\u017enost ovliv\u0148ovat ve\u0159ejn\u00e9 m\u00edn\u011bn\u00ed a debatu, je\u017e se vede o n\u011bm samotn\u00e9m. \u010cesk\u00e1 televize tak \u010din\u00ed tak\u0159ka dennodenn\u011b. Ostatn\u011b v ten sam\u00fd den si p\u0159isadila i v Newsroomu \u010cT24 a Ud\u00e1lostech, koment\u00e1\u0159\u00edch t\u00fddne.<\/p>\n<p>K jak\u00e9mu z\u00e1v\u011bru by tedy po n\u011bkolika t\u00fddnech pobytu dosp\u011bl skute\u010dn\u011b nez\u00e1visl\u00fd pozorovatel? Ur\u010dit\u011b by se pozastavil nad podivn\u00fdm souru\u010denstv\u00edm ve\u0159ejnopr\u00e1vn\u00edch m\u00e9di\u00ed s politickou opozic\u00ed, nebo\u0165 tihle ho\u0161i a d\u011bv\u010data, co spolu mluv\u00ed, vyv\u00e1d\u011bj\u00ed, jako by posledn\u00ed bitva vzpl\u00e1la. Zjistil by rovn\u011b\u017e, \u017ee zdej\u0161\u00ed demokracii neohro\u017euj\u00ed politici, kte\u0159\u00ed pln\u00ed sv\u00e9 p\u0159edvolebn\u00ed sliby, n\u00fdbr\u017e ze \u0159et\u011bzu utr\u017een\u00e1 ve\u0159ejnopr\u00e1vn\u00ed m\u00e9dia, jejich\u017e zpravodajstv\u00ed a publicistiku zneu\u017e\u00edvaj\u00ed z\u00e1jmov\u00e9 skupiny, kter\u00e9 k tomu \u017e\u00e1dn\u00fd mand\u00e1t od voli\u010d\u016f nemaj\u00ed. A v neposledn\u00ed \u0159ad\u011b by konstatoval, \u017ee jsme sv\u011bdky naprost\u00e9 demagogie, nebo\u0165 samotn\u00e1 zm\u011bna financov\u00e1n\u00ed \u017e\u00e1dnou zm\u011bnu obsahu je\u0161t\u011b neznamen\u00e1. Rozhodn\u011b by ale doporu\u010dil, \u017ee pr\u00e1v\u011b o tom n\u00e1sledn\u00e1 celospole\u010densk\u00e1 debata b\u00fdt mus\u00ed.<\/p>\n<p>&nbsp;<\/p>\n<p><strong>FB \u2013\u00a0<\/strong><a href=\"https:\/\/www.facebook.com\/petr.stepanek.3994\" target=\"_blank\" rel=\"noopener\"><strong>Petr \u0160T\u011aP\u00c1NEK,<\/strong><\/a><\/p>\n<p>(Autor je 1. m\u00edstop\u0159edsedou Trikolory a b\u00fdval\u00fdm dlouholet\u00fdm \u010dlenem a m\u00edstop\u0159edsedou Rady pro rozhlasov\u00e9 a televizn\u00ed vys\u00edl\u00e1n\u00ed. Ps\u00e1no pro Parlamentn\u00ed listy.)<\/p>\n<hr \/>\n<p>&nbsp;<\/p>\n<h4>Jin\u00e9 koment\u00e1\u0159e autora:<\/h4>\n<h6 class=\"entry-title\"><a href=\"https:\/\/zakrasnejsivimperk.cz\/?p=373345\" target=\"_blank\" rel=\"noopener\">PETR \u0160T\u011aP\u00c1NEK: Zblbl\u00ed studenti v akci<\/a><\/h6>\n<h6 class=\"entry-title\"><a href=\"https:\/\/zakrasnejsivimperk.cz\/?p=372904\" target=\"_blank\" rel=\"noopener\">PETR \u0160T\u011aP\u00c1NEK: \u0160okuj\u00edc\u00ed vys\u00edl\u00e1n\u00ed \u010cT: Tohle by si nedovolila ani televize za komunismu<\/a><\/h6>\n<h6 class=\"entry-title\"><a href=\"https:\/\/zakrasnejsivimperk.cz\/?p=372539\" target=\"_blank\" rel=\"noopener\">PETR \u0160T\u011aP\u00c1NEK: Jak to Jourov\u00e1 s \u010cT a \u010cRo nedomyslela<\/a><\/h6>\n<h6 class=\"entry-title\"><a href=\"https:\/\/zakrasnejsivimperk.cz\/?p=370512\" target=\"_blank\" rel=\"noopener\">PETR \u0160T\u011aP\u00c1NEK: \u201eMcrussismus\u201c ve stop\u00e1ch \u201emccarthismu\u201c<\/a><\/h6>\n<h6 class=\"entry-title\"><a href=\"https:\/\/zakrasnejsivimperk.cz\/?p=370304\" target=\"_blank\" rel=\"noopener\">PETR \u0160T\u011aP\u00c1NEK: Kan\u00e1rek v politice<\/a><\/h6>\n<h6 class=\"entry-title\"><a href=\"https:\/\/zakrasnejsivimperk.cz\/?p=370063\" target=\"_blank\" rel=\"noopener\">PETR \u0160T\u011aP\u00c1NEK: Moravec ven!<\/a><\/h6>\n<h6 class=\"entry-title\"><a href=\"https:\/\/zakrasnejsivimperk.cz\/?p=369938\" target=\"_blank\" rel=\"noopener\">PETR \u0160T\u011aP\u00c1NEK: O samozvan\u00fdch spasitel\u00edch z um\u011bleck\u00e9ho ghetta<\/a><\/h6>\n<h6 class=\"entry-title\"><a href=\"https:\/\/zakrasnejsivimperk.cz\/?p=369615\" target=\"_blank\" rel=\"noopener\">PETR \u0160T\u011aP\u00c1NEK: Izrael, \u00cdr\u00e1n, Trump a dvoj\u00ed metr op\u011bt v akci<\/a><\/h6>\n<h6 class=\"entry-title\"><a href=\"https:\/\/zakrasnejsivimperk.cz\/?p=369406\" target=\"_blank\" rel=\"noopener\">PETR \u0160T\u011aP\u00c1NEK: Okamura k Moravcovi? aneb Dev\u011bt let poru\u0161ov\u00e1n\u00ed z\u00e1kona<\/a><\/h6>\n<h6 class=\"entry-title\"><a href=\"https:\/\/zakrasnejsivimperk.cz\/?p=369151\" target=\"_blank\" rel=\"noopener\">PETR \u0160T\u011aP\u00c1NEK: V\u00e1lka na Ukrajin\u011b by nikdy neza\u010dala, kdyby\u2026<\/a><\/h6>\n<h6 class=\"entry-title\"><a href=\"https:\/\/zakrasnejsivimperk.cz\/?p=368820\" target=\"_blank\" rel=\"noopener\">PETR \u0160T\u011aP\u00c1NEK: \u010cesk\u00e1 televize jako koncentr\u00e1t p\u0159evr\u00e1cen\u00e9 reality<\/a><\/h6>\n<h6 class=\"entry-title\"><a href=\"https:\/\/zakrasnejsivimperk.cz\/?p=368484\" target=\"_blank\" rel=\"noopener\">PETR \u0160T\u011aP\u00c1NEK: Mor\u00e1ln\u00ed k\u00fd\u010d, nebo st\u00e1tn\u00ed p\u0159evrat?<\/a><\/h6>\n<h6 class=\"entry-title\"><a href=\"https:\/\/zakrasnejsivimperk.cz\/?p=368250\" target=\"_blank\" rel=\"noopener\">PETR \u0160T\u011aP\u00c1NEK: Zam\u011bstnanci \u010cT a \u010cRo shodili \u0161krabo\u0161ku<\/a><\/h6>\n<h6 class=\"entry-title\"><a href=\"https:\/\/zakrasnejsivimperk.cz\/?p=367305\" target=\"_blank\" rel=\"noopener\">PETR \u0160T\u011aP\u00c1NEK: Ve\u0159ejnopr\u00e1vn\u00ed m\u00e9dia nejsou nez\u00e1visl\u00fdm informa\u010dn\u00edm zdrojem, n\u00fdbr\u017e propagandistick\u00fdm n\u00e1strojem<\/a><\/h6>\n<h6 class=\"entry-title\"><a href=\"https:\/\/zakrasnejsivimperk.cz\/?p=367000\" target=\"_blank\" rel=\"noopener\">PETR \u0160T\u011aP\u00c1NEK: Koncesion\u00e1\u0159sk\u00e9 poplatky a destrukce demokracie prost\u0159ednictv\u00edm Sen\u00e1tu<\/a><\/h6>\n<h6 class=\"entry-title\"><a href=\"https:\/\/zakrasnejsivimperk.cz\/?p=366243\" target=\"_blank\" rel=\"noopener\">PETR \u0160T\u011aP\u00c1NEK: Promarn\u011bn\u00e1 p\u0159\u00edle\u017eitost prezidenta Pavla<\/a><\/h6>\n<h6 class=\"entry-title\"><a href=\"https:\/\/zakrasnejsivimperk.cz\/?p=365410\" target=\"_blank\" rel=\"noopener\">PETR \u0160T\u011aP\u00c1NEK: Zelen\u00fd kab\u00e1tek s rudou pod\u0161\u00edvkou<\/a><\/h6>\n<h6 class=\"entry-title\"><a href=\"https:\/\/zakrasnejsivimperk.cz\/?p=364264\" target=\"_blank\" rel=\"noopener\">PETR \u0160T\u011aP\u00c1NEK: S cestovkou CK Parlament za hranice v\u0161edn\u00edch dn\u016f<\/a><\/h6>\n<h6 class=\"entry-title\"><a href=\"https:\/\/zakrasnejsivimperk.cz\/?p=363905\" target=\"_blank\" rel=\"noopener\">PETR \u0160T\u011aP\u00c1NEK: Petr Pavel zdr\u017eoval a zdr\u017euje, se\u010d mu s\u00edly sta\u010d\u00ed<\/a><\/h6>\n<h6 class=\"entry-title\"><a href=\"https:\/\/zakrasnejsivimperk.cz\/?p=363568\" target=\"_blank\" rel=\"noopener\">PETR \u0160T\u011aP\u00c1NEK: Hlava XXII na \u010desk\u00fd zp\u016fsob<\/a><\/h6>\n<h6 class=\"entry-title\"><a href=\"https:\/\/zakrasnejsivimperk.cz\/?p=361491\" target=\"_blank\" rel=\"noopener\">PETR \u0160T\u011aP\u00c1NEK: Kdo vol\u00ed politick\u00e9 krysa\u0159e?<\/a><\/h6>\n<h6 class=\"entry-title\"><a href=\"https:\/\/zakrasnejsivimperk.cz\/?p=361876\" target=\"_blank\" rel=\"noopener\">PETR \u0160T\u011aP\u00c1NEK: Nejtrapn\u011bj\u0161\u00ed st\u00e1tn\u00ed sv\u00e1tek? 17. listopad!<\/a><\/h6>\n<h6 class=\"entry-title\"><a href=\"https:\/\/zakrasnejsivimperk.cz\/?p=360469\" target=\"_blank\" rel=\"noopener\">PETR \u0160T\u011aP\u00c1NEK: \u010cesk\u00e1 televize: t\u00fdden co t\u00fdden \u010dty\u0159i ku jedn\u00e9<\/a><\/h6>\n<h6 class=\"entry-title\"><a href=\"https:\/\/zakrasnejsivimperk.cz\/?p=360183\" target=\"_blank\" rel=\"noopener\">PETR \u0160T\u011aP\u00c1NEK: Dost bylo Masaryka! aneb S Evropskou uni\u00ed na v\u011b\u010dn\u00e9 \u010dasy!<\/a><\/h6>\n<h6 class=\"entry-title\"><a href=\"https:\/\/zakrasnejsivimperk.cz\/?p=359695\" target=\"_blank\" rel=\"noopener\">PETR \u0160T\u011aP\u00c1NEK: Progresivistick\u00e1 idiocie<\/a><\/h6>\n<h6 class=\"entry-title\"><a href=\"https:\/\/zakrasnejsivimperk.cz\/?p=359609\" target=\"_blank\" rel=\"noopener\">PETR \u0160T\u011aP\u00c1NEK: Nejv\u011bt\u0161\u00ed \u0161k\u016fdci? Prezident a premi\u00e9r!<\/a><\/h6>\n<h6 class=\"entry-title\"><a href=\"https:\/\/zakrasnejsivimperk.cz\/?p=359557\" target=\"_blank\" rel=\"noopener\">PETR \u0160T\u011aP\u00c1NEK: Politick\u00e9 televizn\u00ed debaty se staly nekoukateln\u00fdmi<\/a><\/h6>\n<h6 class=\"entry-title\"><a href=\"https:\/\/zakrasnejsivimperk.cz\/?p=357861\" target=\"_blank\" rel=\"noopener\">PETR \u0160T\u011aP\u00c1NEK: Stru\u010dn\u00e9 pojedn\u00e1n\u00ed o politick\u00fdch magorech<\/a><\/h6>\n<h6 class=\"entry-title\"><a href=\"https:\/\/zakrasnejsivimperk.cz\/?p=356574\" target=\"_blank\" rel=\"noopener\">PETR \u0160T\u011aP\u00c1NEK: Justi\u010dn\u00ed pu\u010dist\u00e9 si zahr\u00e1vaj\u00ed s ohn\u011bm<\/a><\/h6>\n<h6 class=\"entry-title\"><a href=\"https:\/\/zakrasnejsivimperk.cz\/?p=356571\" target=\"_blank\" rel=\"noopener\">PETR \u0160T\u011aP\u00c1NEK: Vr\u00e1tili jsme se do totality<\/a><\/h6>\n<h6 class=\"entry-title\"><a href=\"https:\/\/zakrasnejsivimperk.cz\/?p=342089\" target=\"_blank\" rel=\"noopener\">PETR \u0160T\u011aP\u00c1NEK: Panoptikum \u010desk\u00fdch eurokomisa\u0159\u016f<\/a><\/h6>\n<h6 class=\"entry-title\"><a href=\"https:\/\/zakrasnejsivimperk.cz\/?p=340640\" target=\"_blank\" rel=\"noopener\">PETR \u0160T\u011aP\u00c1NEK: \u010cesk\u00e1 televize ve slu\u017eb\u00e1ch Velk\u00e9ho bruselsk\u00e9ho bratra<\/a><\/h6>\n<h6 class=\"entry-title\"><a href=\"https:\/\/zakrasnejsivimperk.cz\/?p=340104\" target=\"_blank\" rel=\"noopener\">PETR \u0160T\u011aP\u00c1NEK: Migrace: promarn\u011bn\u00e1 dek\u00e1da<\/a><\/h6>\n<h6 class=\"entry-title\"><a href=\"https:\/\/zakrasnejsivimperk.cz\/?p=339557\" target=\"_blank\" rel=\"noopener\">PETR \u0160T\u011aP\u00c1NEK: Tibetsk\u00fd virus<\/a><\/h6>\n<h6 class=\"entry-title\"><a href=\"https:\/\/zakrasnejsivimperk.cz\/?p=339446\" target=\"_blank\" rel=\"noopener\">PETR \u0160T\u011aP\u00c1NEK: Klaus, Me\u010diar, Trump, Putin \u2013 jak se to r\u00fdmuje?<\/a><\/h6>\n<h6 class=\"entry-title\"><a href=\"https:\/\/zakrasnejsivimperk.cz\/?p=328882\" target=\"_blank\" rel=\"noopener\">PETR \u0160T\u011aP\u00c1NEK: Nejtrapn\u011bj\u0161\u00ed st\u00e1tn\u00ed sv\u00e1tek<\/a><\/h6>\n<h6 class=\"entry-title\"><a href=\"https:\/\/zakrasnejsivimperk.cz\/?p=328092\" target=\"_blank\" rel=\"noopener\">PETR \u0160T\u011aP\u00c1NEK: Trump\u016fv d\u011bjinn\u00fd paradox<\/a><\/h6>\n<h6 class=\"entry-title\"><a href=\"https:\/\/zakrasnejsivimperk.cz\/?p=326002\" target=\"_blank\" rel=\"noopener\">PETR \u0160T\u011aP\u00c1NEK: Za zmatky s platy mohou nestoudn\u00ed soudci<\/a><\/h6>\n<h6 class=\"entry-title\"><a href=\"https:\/\/zakrasnejsivimperk.cz\/?p=323222\" target=\"_blank\" rel=\"noopener\">PETR \u0160T\u011aP\u00c1NEK: Velk\u00fd koali\u010dn\u00ed podvod: z vl\u00e1dn\u00edch stran zbyly jen n\u00e1zvy<\/a><\/h6>\n<h6><a href=\"https:\/\/zakrasnejsivimperk.cz\/?p=313721\" target=\"_blank\" rel=\"noopener\">PETR \u0160T\u011aP\u00c1NEK: Nekrm hydru! aneb M\u00e1me toho dost<\/a><\/h6>\n<h6><a href=\"https:\/\/zakrasnejsivimperk.cz\/?p=308474\" target=\"_blank\" rel=\"noopener\">PETR \u0160T\u011aP\u00c1NEK: To se n\u00e1m to soud\u00ed, kdy\u017e to plat\u00ed da\u0148ov\u00ed poplatn\u00edci!<\/a><\/h6>\n<h6><a href=\"https:\/\/zakrasnejsivimperk.cz\/?p=307584\" target=\"_blank\" rel=\"noopener\">PETR \u0160T\u011aP\u00c1NEK: P\u011bt kul\u00ed v Handlov\u00e9 a dvoj\u00ed metr pseudoliber\u00e1l\u016f<\/a><\/h6>\n<h6><a href=\"https:\/\/zakrasnejsivimperk.cz\/?p=306888\" target=\"_blank\" rel=\"noopener\">PETR \u0160T\u011aP\u00c1NEK: Ob\u00e1vejme se apo\u0161tol\u016f smrti!<\/a><\/h6>\n<h6><a href=\"https:\/\/zakrasnejsivimperk.cz\/?p=306706\" target=\"_blank\" rel=\"noopener\">PETR \u0160T\u011aP\u00c1NEK: Nen\u00ed to m\u00e1lo, soudruhu prezidente?<\/a><\/h6>\n<h6><a href=\"https:\/\/zakrasnejsivimperk.cz\/?p=305783\" target=\"_blank\" rel=\"noopener\">PETR \u0160T\u011aP\u00c1NEK: Koudelka je pro na\u0161i zemi bezpe\u010dnostn\u00edm rizikem<\/a><\/h6>\n<hr \/>\n<p>&nbsp;<\/p>\n","protected":false},"excerpt":{"rendered":"<p>Kdyby do <\/p>\n","protected":false},"author":2,"featured_media":374079,"comment_status":"open","ping_status":"open","sticky":false,"template":"","format":"gallery","meta":{"footnotes":""},"categories":[11,85,121],"tags":[],"jetpack_featured_media_url":"https:\/\/zakrasnejsivimperk.cz\/wp-content\/uploads\/2026\/04\/29\/stepanek-290426.jpg","_links":{"self":[{"href":"https:\/\/zakrasnejsivimperk.cz\/index.php?rest_route=\/wp\/v2\/posts\/374078"}],"collection":[{"href":"https:\/\/zakrasnejsivimperk.cz\/index.php?rest_route=\/wp\/v2\/posts"}],"about":[{"href":"https:\/\/zakrasnejsivimperk.cz\/index.php?rest_route=\/wp\/v2\/types\/post"}],"author":[{"embeddable":true,"href":"https:\/\/zakrasnejsivimperk.cz\/index.php?rest_route=\/wp\/v2\/users\/2"}],"replies":[{"embeddable":true,"href":"https:\/\/zakrasnejsivimperk.cz\/index.php?rest_route=%2Fwp%2Fv2%2Fcomments&post=374078"}],"version-history":[{"count":1,"href":"https:\/\/zakrasnejsivimperk.cz\/index.php?rest_route=\/wp\/v2\/posts\/374078\/revisions"}],"predecessor-version":[{"id":374080,"href":"https:\/\/zakrasnejsivimperk.cz\/index.php?rest_route=\/wp\/v2\/posts\/374078\/revisions\/374080"}],"wp:featuredmedia":[{"embeddable":true,"href":"https:\/\/zakrasnejsivimperk.cz\/index.php?rest_route=\/wp\/v2\/media\/374079"}],"wp:attachment":[{"href":"https:\/\/zakrasnejsivimperk.cz\/index.php?rest_route=%2Fwp%2Fv2%2Fmedia&parent=374078"}],"wp:term":[{"taxonomy":"category","embeddable":true,"href":"https:\/\/zakrasnejsivimperk.cz\/index.php?rest_route=%2Fwp%2Fv2%2Fcategories&post=374078"},{"taxonomy":"post_tag","embeddable":true,"href":"https:\/\/zakrasnejsivimperk.cz\/index.php?rest_route=%2Fwp%2Fv2%2Ftags&post=374078"}],"curies":[{"name":"wp","href":"https:\/\/api.w.org\/{rel}","templated":true}]}}