{"id":374066,"date":"2026-04-29T13:01:20","date_gmt":"2026-04-29T12:01:20","guid":{"rendered":"https:\/\/zakrasnejsivimperk.cz\/?p=374066"},"modified":"2026-04-29T13:01:20","modified_gmt":"2026-04-29T12:01:20","slug":"aktuality-coi-kontrolovala-textilni-vyrobky-za-nedostatky-ulozila-vice-nez-130-pokut-za-bezmala-jeden-a-ctvrt-milionu-korun","status":"publish","type":"post","link":"https:\/\/zakrasnejsivimperk.cz\/?p=374066","title":{"rendered":"AKTUALITY: \u010cOI kontrolovala textiln\u00ed v\u00fdrobky, za nedostatky ulo\u017eila v\u00edce ne\u017e 130 pokut za bezm\u00e1la jeden a \u010dtvrt milionu korun"},"content":{"rendered":"<p><img loading=\"lazy\" decoding=\"async\" class=\"aligncenter wp-image-335862 size-medium\" src=\"https:\/\/zakrasnejsivimperk.cz\/wp-content\/uploads\/2025\/01\/30\/coi-logo-300x183.jpg\" alt=\"\" width=\"300\" height=\"183\" srcset=\"https:\/\/zakrasnejsivimperk.cz\/wp-content\/uploads\/2025\/01\/30\/coi-logo-300x183.jpg 300w, https:\/\/zakrasnejsivimperk.cz\/wp-content\/uploads\/2025\/01\/30\/coi-logo-1024x625.jpg 1024w, https:\/\/zakrasnejsivimperk.cz\/wp-content\/uploads\/2025\/01\/30\/coi-logo-768x469.jpg 768w, https:\/\/zakrasnejsivimperk.cz\/wp-content\/uploads\/2025\/01\/30\/coi-logo-585x357.jpg 585w, https:\/\/zakrasnejsivimperk.cz\/wp-content\/uploads\/2025\/01\/30\/coi-logo-791x483.jpg 791w, https:\/\/zakrasnejsivimperk.cz\/wp-content\/uploads\/2025\/01\/30\/coi-logo.jpg 1068w\" sizes=\"(max-width: 300px) 100vw, 300px\" \/><\/p>\n<p>&nbsp;<\/p>\n<h6>\u010cesk\u00e1 obchodn\u00ed inspekce vyhodnotila kontroly textiln\u00edch v\u00fdrobk\u016f. V obdob\u00ed od \u010dervna do listopadu 2025 provedla celkem 1 148 kontrol, poru\u0161en\u00ed pr\u00e1vn\u00edch p\u0159edpis\u016f zjistila ve 464 kontrol\u00e1ch. V\u00fdsledky kontroln\u00ed akce potvrdily, \u017ee nedostatky se zpravidla objevuj\u00ed v nespr\u00e1vn\u00e9m zna\u010den\u00ed textiln\u00edch v\u00fdrobk\u016f, ale i v dal\u0161\u00edch z\u00e1le\u017eitostech spojen\u00fdch s prodejem textiln\u00edch v\u00fdrobk\u016f, kter\u00e9 upravuje nap\u0159\u00edklad z\u00e1kon o ochran\u011b spot\u0159ebitele.<\/h6>\n<p>\u010cesk\u00e1 obchodn\u00ed inspekce v obdob\u00ed od 5. \u010dervna do 14. listopadu 2025 provedla 1 148 kontrol, p\u0159i nich\u017e ov\u011b\u0159ovala dodr\u017eov\u00e1n\u00ed povinnost\u00ed vypl\u00fdvaj\u00edc\u00edch hospod\u00e1\u0159sk\u00fdm subjekt\u016fm ze z\u00e1kona \u010d. 634\/1992 Sb., o ochran\u011b spot\u0159ebitele, respektive z na\u0159\u00edzen\u00ed Evropsk\u00e9ho parlamentu a Rady (EU) \u010d. 1007\/2011 o n\u00e1zvech textiln\u00edch vl\u00e1ken a souvisej\u00edc\u00edm ozna\u010dov\u00e1n\u00ed materi\u00e1lov\u00e9ho slo\u017een\u00ed textiln\u00edch v\u00fdrobk\u016f a dal\u0161\u00edch pr\u00e1vn\u00edch p\u0159edpis\u016f, upravuj\u00edc\u00edch prodej textiln\u00edch v\u00fdrobk\u016f. Nedostatky zjistila ve 464 kontrol\u00e1ch (40,4 %).<\/p>\n<p>Celkem 1 061 kontrol bylo realizov\u00e1no v kamenn\u00fdch obchodech, 41 kontrol u prodejc\u016f on-line (internetov\u00e9 obchody, on-line tr\u017ei\u0161t\u011b), 25 kontrol u distributor\u016f, 17 u prodejc\u016f na tr\u017enic\u00edch, 2 kontroly u v\u00fdrobc\u016f a 2 u dovozc\u016f. K datu publikov\u00e1n\u00ed t\u00e9to tiskov\u00e9 zpr\u00e1vy bylo 7 kontrol rozpracov\u00e1no.<\/p>\n<p>Poru\u0161en\u00ed po\u017eadavk\u016f na\u0159\u00edzen\u00ed Evropsk\u00e9ho parlamentu a Rady (EU) \u010d. 1007\/2011 bylo zji\u0161t\u011bno ve 171 kontrol\u00e1ch. Nej\u010dast\u011bji nebyly dodr\u017eeny po\u017eadavky vypl\u00fdvaj\u00edc\u00ed z \u010dl\u00e1nku 15, to znamen\u00e1 povinnost ozna\u010dit textiln\u00ed v\u00fdrobky a \u010dl\u00e1nek 16, tedy pou\u017e\u00edv\u00e1n\u00ed n\u00e1zv\u016f textiln\u00edch vl\u00e1ken a \u00fadaj\u016f o materi\u00e1lov\u00e9m slo\u017een\u00ed.<\/p>\n<p>Z\u00e1kon \u010d. 634\/1992 Sb., o ochran\u011b spot\u0159ebitele, byl poru\u0161en ve 304 kontrol\u00e1ch. Nej\u010dast\u011bji se jednalo o poru\u0161en\u00ed \u00a7 4 t\u00fdkaj\u00edc\u00ed se pou\u017eit\u00ed nekal\u00fdch obchodn\u00edch praktik a klamav\u00e9ho kon\u00e1n\u00ed, d\u00e1le poru\u0161en\u00ed \u00a7 16, kdy prod\u00e1vaj\u00edc\u00ed nesplnil povinnost vydat doklad o zakoupen\u00ed s povinn\u00fdmi \u00fadaji o v\u00fdrobku, a poru\u0161en\u00ed \u00a7 11, kdy prod\u00e1vaj\u00edc\u00ed neposkytl informace v \u010desk\u00e9m jazyce, jsou-li poskytnuty p\u00edsemn\u011b.<\/p>\n<p>V r\u00e1mci kontroln\u00ed akce bylo v tr\u017en\u00ed s\u00edti odebr\u00e1no 35 vzork\u016f textiln\u00edch v\u00fdrobk\u016f pro \u00fa\u010dely laboratorn\u00edho testov\u00e1n\u00ed. Ve zku\u0161ebn\u00ed laborato\u0159i se ov\u011b\u0159ila spr\u00e1vnost zna\u010den\u00ed vzork\u016f textiln\u00edch v\u00fdrobk\u016f z hlediska \u00fadaj\u016f o materi\u00e1lov\u00e9m slo\u017een\u00ed. Z celkov\u00e9ho po\u010dtu 35 testovan\u00fdch vzork\u016f textiln\u00edch v\u00fdrobk\u016f nevyhov\u011blo 10 vzork\u016f.<\/p>\n<p>\u010cesk\u00e1 obchodn\u00ed inspekce v r\u00e1mci kontroln\u00ed akce v uveden\u00e9m obdob\u00ed pravomocn\u011b ulo\u017eila 135 pokut v celkov\u00e9 v\u00fd\u0161i 1 220 500 K\u010d.<\/p>\n<p>Vzhledem k v\u00fdsledk\u016fm kontroln\u00ed akce za\u0159adila \u010cesk\u00e1 obchodn\u00ed inspekce kontroln\u00ed akci na textiln\u00ed v\u00fdrobky i do programu dozoru na rok 2026. Kontroln\u00ed akce pr\u00e1v\u011b prob\u00edh\u00e1.<\/p>\n<p><strong>(tz-\u010doi)<\/strong><\/p>\n<hr \/>\n<p>&nbsp;<\/p>\n","protected":false},"excerpt":{"rendered":"<p>&nbsp; \u010cesk\u00e1 <\/p>\n","protected":false},"author":2,"featured_media":374067,"comment_status":"open","ping_status":"open","sticky":false,"template":"","format":"gallery","meta":{"footnotes":""},"categories":[179],"tags":[],"jetpack_featured_media_url":"https:\/\/zakrasnejsivimperk.cz\/wp-content\/uploads\/2026\/04\/29\/nove-coi.jpg","_links":{"self":[{"href":"https:\/\/zakrasnejsivimperk.cz\/index.php?rest_route=\/wp\/v2\/posts\/374066"}],"collection":[{"href":"https:\/\/zakrasnejsivimperk.cz\/index.php?rest_route=\/wp\/v2\/posts"}],"about":[{"href":"https:\/\/zakrasnejsivimperk.cz\/index.php?rest_route=\/wp\/v2\/types\/post"}],"author":[{"embeddable":true,"href":"https:\/\/zakrasnejsivimperk.cz\/index.php?rest_route=\/wp\/v2\/users\/2"}],"replies":[{"embeddable":true,"href":"https:\/\/zakrasnejsivimperk.cz\/index.php?rest_route=%2Fwp%2Fv2%2Fcomments&post=374066"}],"version-history":[{"count":1,"href":"https:\/\/zakrasnejsivimperk.cz\/index.php?rest_route=\/wp\/v2\/posts\/374066\/revisions"}],"predecessor-version":[{"id":374068,"href":"https:\/\/zakrasnejsivimperk.cz\/index.php?rest_route=\/wp\/v2\/posts\/374066\/revisions\/374068"}],"wp:featuredmedia":[{"embeddable":true,"href":"https:\/\/zakrasnejsivimperk.cz\/index.php?rest_route=\/wp\/v2\/media\/374067"}],"wp:attachment":[{"href":"https:\/\/zakrasnejsivimperk.cz\/index.php?rest_route=%2Fwp%2Fv2%2Fmedia&parent=374066"}],"wp:term":[{"taxonomy":"category","embeddable":true,"href":"https:\/\/zakrasnejsivimperk.cz\/index.php?rest_route=%2Fwp%2Fv2%2Fcategories&post=374066"},{"taxonomy":"post_tag","embeddable":true,"href":"https:\/\/zakrasnejsivimperk.cz\/index.php?rest_route=%2Fwp%2Fv2%2Ftags&post=374066"}],"curies":[{"name":"wp","href":"https:\/\/api.w.org\/{rel}","templated":true}]}}