{"id":374030,"date":"2026-04-29T16:43:13","date_gmt":"2026-04-29T15:43:13","guid":{"rendered":"https:\/\/zakrasnejsivimperk.cz\/?p=374030"},"modified":"2026-04-30T13:29:36","modified_gmt":"2026-04-30T12:29:36","slug":"na-posledni-chvili-jeste-nevite-kam-o-vikendu-za-zabavou-a-poucenim-vyberte-si-z-nasi-nabidky-130","status":"publish","type":"post","link":"https:\/\/zakrasnejsivimperk.cz\/?p=374030","title":{"rendered":"NA POSLEDN\u00cd CHV\u00cdLI: Je\u0161t\u011b nev\u00edte, kam o v\u00edkendu za z\u00e1bavou a pou\u010den\u00edm? Vyberte si z na\u0161\u00ed nab\u00eddky"},"content":{"rendered":"<p><strong>Za zm\u011bny programu nebo zru\u0161en\u00ed akc\u00ed po\u0159adateli nezodpov\u00edd\u00e1me.<\/strong><\/p>\n<p>&nbsp;<\/p>\n<p>&nbsp;<\/p>\n<p><img loading=\"lazy\" decoding=\"async\" class=\"aligncenter wp-image-374031 size-large\" src=\"https:\/\/zakrasnejsivimperk.cz\/wp-content\/uploads\/2026\/04\/28\/carodejnice_26-1-1024x724.jpg\" alt=\"\" width=\"700\" height=\"495\" srcset=\"https:\/\/zakrasnejsivimperk.cz\/wp-content\/uploads\/2026\/04\/28\/carodejnice_26-1-1024x724.jpg 1024w, https:\/\/zakrasnejsivimperk.cz\/wp-content\/uploads\/2026\/04\/28\/carodejnice_26-1-300x212.jpg 300w, https:\/\/zakrasnejsivimperk.cz\/wp-content\/uploads\/2026\/04\/28\/carodejnice_26-1-768x543.jpg 768w, https:\/\/zakrasnejsivimperk.cz\/wp-content\/uploads\/2026\/04\/28\/carodejnice_26-1-1536x1086.jpg 1536w, https:\/\/zakrasnejsivimperk.cz\/wp-content\/uploads\/2026\/04\/28\/carodejnice_26-1-2048x1448.jpg 2048w, https:\/\/zakrasnejsivimperk.cz\/wp-content\/uploads\/2026\/04\/28\/carodejnice_26-1-505x357.jpg 505w, https:\/\/zakrasnejsivimperk.cz\/wp-content\/uploads\/2026\/04\/28\/carodejnice_26-1-683x483.jpg 683w\" sizes=\"(max-width: 700px) 100vw, 700px\" \/><\/p>\n<p>&nbsp;<\/p>\n<p>&nbsp;<\/p>\n<p><img loading=\"lazy\" decoding=\"async\" class=\"aligncenter wp-image-374035\" src=\"https:\/\/zakrasnejsivimperk.cz\/wp-content\/uploads\/2026\/04\/28\/plakat-pt-3004-212x300.jpg\" alt=\"\" width=\"700\" height=\"991\" srcset=\"https:\/\/zakrasnejsivimperk.cz\/wp-content\/uploads\/2026\/04\/28\/plakat-pt-3004-212x300.jpg 212w, https:\/\/zakrasnejsivimperk.cz\/wp-content\/uploads\/2026\/04\/28\/plakat-pt-3004-252x357.jpg 252w, https:\/\/zakrasnejsivimperk.cz\/wp-content\/uploads\/2026\/04\/28\/plakat-pt-3004-341x483.jpg 341w, https:\/\/zakrasnejsivimperk.cz\/wp-content\/uploads\/2026\/04\/28\/plakat-pt-3004.jpg 639w\" sizes=\"(max-width: 700px) 100vw, 700px\" \/><\/p>\n<p>&nbsp;<\/p>\n<p>&nbsp;<\/p>\n<p><img loading=\"lazy\" decoding=\"async\" class=\"aligncenter wp-image-374033 size-large\" src=\"https:\/\/zakrasnejsivimperk.cz\/wp-content\/uploads\/2026\/04\/28\/plakat-kasperk-0105-724x1024.jpg\" alt=\"\" width=\"700\" height=\"990\" srcset=\"https:\/\/zakrasnejsivimperk.cz\/wp-content\/uploads\/2026\/04\/28\/plakat-kasperk-0105-724x1024.jpg 724w, https:\/\/zakrasnejsivimperk.cz\/wp-content\/uploads\/2026\/04\/28\/plakat-kasperk-0105-212x300.jpg 212w, https:\/\/zakrasnejsivimperk.cz\/wp-content\/uploads\/2026\/04\/28\/plakat-kasperk-0105-768x1086.jpg 768w, https:\/\/zakrasnejsivimperk.cz\/wp-content\/uploads\/2026\/04\/28\/plakat-kasperk-0105-1086x1536.jpg 1086w, https:\/\/zakrasnejsivimperk.cz\/wp-content\/uploads\/2026\/04\/28\/plakat-kasperk-0105-252x357.jpg 252w, https:\/\/zakrasnejsivimperk.cz\/wp-content\/uploads\/2026\/04\/28\/plakat-kasperk-0105-341x483.jpg 341w, https:\/\/zakrasnejsivimperk.cz\/wp-content\/uploads\/2026\/04\/28\/plakat-kasperk-0105.jpg 1414w\" sizes=\"(max-width: 700px) 100vw, 700px\" \/><\/p>\n<p>&nbsp;<\/p>\n<p>&nbsp;<\/p>\n<p><img loading=\"lazy\" decoding=\"async\" class=\"aligncenter wp-image-374040\" src=\"https:\/\/zakrasnejsivimperk.cz\/wp-content\/uploads\/2026\/04\/28\/plakat-volyne-0105-199x300.jpg\" alt=\"\" width=\"700\" height=\"1055\" srcset=\"https:\/\/zakrasnejsivimperk.cz\/wp-content\/uploads\/2026\/04\/28\/plakat-volyne-0105-199x300.jpg 199w, https:\/\/zakrasnejsivimperk.cz\/wp-content\/uploads\/2026\/04\/28\/plakat-volyne-0105-680x1024.jpg 680w, https:\/\/zakrasnejsivimperk.cz\/wp-content\/uploads\/2026\/04\/28\/plakat-volyne-0105-237x357.jpg 237w, https:\/\/zakrasnejsivimperk.cz\/wp-content\/uploads\/2026\/04\/28\/plakat-volyne-0105-321x483.jpg 321w, https:\/\/zakrasnejsivimperk.cz\/wp-content\/uploads\/2026\/04\/28\/plakat-volyne-0105.jpg 730w\" sizes=\"(max-width: 700px) 100vw, 700px\" \/><\/p>\n<p>&nbsp;<\/p>\n<p>&nbsp;<\/p>\n<p><img loading=\"lazy\" decoding=\"async\" class=\"aligncenter wp-image-374038 size-large\" src=\"https:\/\/zakrasnejsivimperk.cz\/wp-content\/uploads\/2026\/04\/28\/plakat-strasin-0105-1024x687.jpg\" alt=\"\" width=\"700\" height=\"470\" srcset=\"https:\/\/zakrasnejsivimperk.cz\/wp-content\/uploads\/2026\/04\/28\/plakat-strasin-0105-1024x687.jpg 1024w, https:\/\/zakrasnejsivimperk.cz\/wp-content\/uploads\/2026\/04\/28\/plakat-strasin-0105-300x201.jpg 300w, https:\/\/zakrasnejsivimperk.cz\/wp-content\/uploads\/2026\/04\/28\/plakat-strasin-0105-768x515.jpg 768w, https:\/\/zakrasnejsivimperk.cz\/wp-content\/uploads\/2026\/04\/28\/plakat-strasin-0105-532x357.jpg 532w, https:\/\/zakrasnejsivimperk.cz\/wp-content\/uploads\/2026\/04\/28\/plakat-strasin-0105-720x483.jpg 720w, https:\/\/zakrasnejsivimperk.cz\/wp-content\/uploads\/2026\/04\/28\/plakat-strasin-0105.jpg 1280w\" sizes=\"(max-width: 700px) 100vw, 700px\" \/><\/p>\n<p>&nbsp;<\/p>\n<p>&nbsp;<\/p>\n<p><img loading=\"lazy\" decoding=\"async\" class=\"aligncenter wp-image-374036 size-large\" src=\"https:\/\/zakrasnejsivimperk.cz\/wp-content\/uploads\/2026\/04\/28\/plakat-rabi-0205-724x1024.jpg\" alt=\"\" width=\"700\" height=\"990\" srcset=\"https:\/\/zakrasnejsivimperk.cz\/wp-content\/uploads\/2026\/04\/28\/plakat-rabi-0205-724x1024.jpg 724w, https:\/\/zakrasnejsivimperk.cz\/wp-content\/uploads\/2026\/04\/28\/plakat-rabi-0205-212x300.jpg 212w, https:\/\/zakrasnejsivimperk.cz\/wp-content\/uploads\/2026\/04\/28\/plakat-rabi-0205-768x1086.jpg 768w, https:\/\/zakrasnejsivimperk.cz\/wp-content\/uploads\/2026\/04\/28\/plakat-rabi-0205-1086x1536.jpg 1086w, https:\/\/zakrasnejsivimperk.cz\/wp-content\/uploads\/2026\/04\/28\/plakat-rabi-0205-252x357.jpg 252w, https:\/\/zakrasnejsivimperk.cz\/wp-content\/uploads\/2026\/04\/28\/plakat-rabi-0205-341x483.jpg 341w, https:\/\/zakrasnejsivimperk.cz\/wp-content\/uploads\/2026\/04\/28\/plakat-rabi-0205.jpg 1414w\" sizes=\"(max-width: 700px) 100vw, 700px\" \/><\/p>\n<p>&nbsp;<\/p>\n<p>&nbsp;<\/p>\n<p><img loading=\"lazy\" decoding=\"async\" class=\"aligncenter wp-image-374037 size-large\" src=\"https:\/\/zakrasnejsivimperk.cz\/wp-content\/uploads\/2026\/04\/28\/plakat-stachy-0205-724x1024.jpg\" alt=\"\" width=\"700\" height=\"990\" srcset=\"https:\/\/zakrasnejsivimperk.cz\/wp-content\/uploads\/2026\/04\/28\/plakat-stachy-0205-724x1024.jpg 724w, https:\/\/zakrasnejsivimperk.cz\/wp-content\/uploads\/2026\/04\/28\/plakat-stachy-0205-212x300.jpg 212w, https:\/\/zakrasnejsivimperk.cz\/wp-content\/uploads\/2026\/04\/28\/plakat-stachy-0205-768x1086.jpg 768w, https:\/\/zakrasnejsivimperk.cz\/wp-content\/uploads\/2026\/04\/28\/plakat-stachy-0205-1086x1536.jpg 1086w, https:\/\/zakrasnejsivimperk.cz\/wp-content\/uploads\/2026\/04\/28\/plakat-stachy-0205-252x357.jpg 252w, https:\/\/zakrasnejsivimperk.cz\/wp-content\/uploads\/2026\/04\/28\/plakat-stachy-0205-341x483.jpg 341w, https:\/\/zakrasnejsivimperk.cz\/wp-content\/uploads\/2026\/04\/28\/plakat-stachy-0205.jpg 1414w\" sizes=\"(max-width: 700px) 100vw, 700px\" \/><\/p>\n<p>&nbsp;<\/p>\n<p>&nbsp;<\/p>\n<p><img loading=\"lazy\" decoding=\"async\" class=\"aligncenter wp-image-374039 size-large\" src=\"https:\/\/zakrasnejsivimperk.cz\/wp-content\/uploads\/2026\/04\/28\/plakat-tabor-0205-819x1024.jpg\" alt=\"\" width=\"700\" height=\"875\" srcset=\"https:\/\/zakrasnejsivimperk.cz\/wp-content\/uploads\/2026\/04\/28\/plakat-tabor-0205-819x1024.jpg 819w, https:\/\/zakrasnejsivimperk.cz\/wp-content\/uploads\/2026\/04\/28\/plakat-tabor-0205-240x300.jpg 240w, https:\/\/zakrasnejsivimperk.cz\/wp-content\/uploads\/2026\/04\/28\/plakat-tabor-0205-768x960.jpg 768w, https:\/\/zakrasnejsivimperk.cz\/wp-content\/uploads\/2026\/04\/28\/plakat-tabor-0205-1228x1536.jpg 1228w, https:\/\/zakrasnejsivimperk.cz\/wp-content\/uploads\/2026\/04\/28\/plakat-tabor-0205-286x357.jpg 286w, https:\/\/zakrasnejsivimperk.cz\/wp-content\/uploads\/2026\/04\/28\/plakat-tabor-0205-386x483.jpg 386w, https:\/\/zakrasnejsivimperk.cz\/wp-content\/uploads\/2026\/04\/28\/plakat-tabor-0205.jpg 1286w\" sizes=\"(max-width: 700px) 100vw, 700px\" \/><\/p>\n<p>&nbsp;<\/p>\n<p>&nbsp;<\/p>\n<p><img loading=\"lazy\" decoding=\"async\" class=\"aligncenter wp-image-374032 size-large\" src=\"https:\/\/zakrasnejsivimperk.cz\/wp-content\/uploads\/2026\/04\/28\/plakat-chlumany-0205-724x1024.jpg\" alt=\"\" width=\"700\" height=\"990\" srcset=\"https:\/\/zakrasnejsivimperk.cz\/wp-content\/uploads\/2026\/04\/28\/plakat-chlumany-0205-724x1024.jpg 724w, https:\/\/zakrasnejsivimperk.cz\/wp-content\/uploads\/2026\/04\/28\/plakat-chlumany-0205-212x300.jpg 212w, https:\/\/zakrasnejsivimperk.cz\/wp-content\/uploads\/2026\/04\/28\/plakat-chlumany-0205-768x1086.jpg 768w, https:\/\/zakrasnejsivimperk.cz\/wp-content\/uploads\/2026\/04\/28\/plakat-chlumany-0205-1086x1536.jpg 1086w, https:\/\/zakrasnejsivimperk.cz\/wp-content\/uploads\/2026\/04\/28\/plakat-chlumany-0205-252x357.jpg 252w, https:\/\/zakrasnejsivimperk.cz\/wp-content\/uploads\/2026\/04\/28\/plakat-chlumany-0205-341x483.jpg 341w, https:\/\/zakrasnejsivimperk.cz\/wp-content\/uploads\/2026\/04\/28\/plakat-chlumany-0205.jpg 1414w\" sizes=\"(max-width: 700px) 100vw, 700px\" \/><\/p>\n<p><img loading=\"lazy\" decoding=\"async\" class=\"aligncenter wp-image-374138 size-full\" src=\"https:\/\/zakrasnejsivimperk.cz\/wp-content\/uploads\/2026\/04\/29\/trh-chlumany-prodejci-020526.jpg\" alt=\"\" width=\"1024\" height=\"1536\" srcset=\"https:\/\/zakrasnejsivimperk.cz\/wp-content\/uploads\/2026\/04\/29\/trh-chlumany-prodejci-020526.jpg 1024w, https:\/\/zakrasnejsivimperk.cz\/wp-content\/uploads\/2026\/04\/29\/trh-chlumany-prodejci-020526-200x300.jpg 200w, https:\/\/zakrasnejsivimperk.cz\/wp-content\/uploads\/2026\/04\/29\/trh-chlumany-prodejci-020526-683x1024.jpg 683w, https:\/\/zakrasnejsivimperk.cz\/wp-content\/uploads\/2026\/04\/29\/trh-chlumany-prodejci-020526-768x1152.jpg 768w, https:\/\/zakrasnejsivimperk.cz\/wp-content\/uploads\/2026\/04\/29\/trh-chlumany-prodejci-020526-238x357.jpg 238w, https:\/\/zakrasnejsivimperk.cz\/wp-content\/uploads\/2026\/04\/29\/trh-chlumany-prodejci-020526-322x483.jpg 322w\" sizes=\"(max-width: 1024px) 100vw, 1024px\" \/><\/p>\n<p>&nbsp;<\/p>\n<p>&nbsp;<\/p>\n<p><img loading=\"lazy\" decoding=\"async\" class=\"aligncenter wp-image-374050 size-large\" src=\"https:\/\/zakrasnejsivimperk.cz\/wp-content\/uploads\/2026\/04\/28\/plakat-kanal-stezka-0205-721x1024.jpg\" alt=\"\" width=\"700\" height=\"994\" srcset=\"https:\/\/zakrasnejsivimperk.cz\/wp-content\/uploads\/2026\/04\/28\/plakat-kanal-stezka-0205-721x1024.jpg 721w, https:\/\/zakrasnejsivimperk.cz\/wp-content\/uploads\/2026\/04\/28\/plakat-kanal-stezka-0205-211x300.jpg 211w, https:\/\/zakrasnejsivimperk.cz\/wp-content\/uploads\/2026\/04\/28\/plakat-kanal-stezka-0205-768x1091.jpg 768w, https:\/\/zakrasnejsivimperk.cz\/wp-content\/uploads\/2026\/04\/28\/plakat-kanal-stezka-0205-251x357.jpg 251w, https:\/\/zakrasnejsivimperk.cz\/wp-content\/uploads\/2026\/04\/28\/plakat-kanal-stezka-0205-340x483.jpg 340w, https:\/\/zakrasnejsivimperk.cz\/wp-content\/uploads\/2026\/04\/28\/plakat-kanal-stezka-0205.jpg 774w\" sizes=\"(max-width: 700px) 100vw, 700px\" \/><\/p>\n<p>&nbsp;<\/p>\n<p>&nbsp;<\/p>\n<p><img loading=\"lazy\" decoding=\"async\" class=\"aligncenter wp-image-374041 size-large\" src=\"https:\/\/zakrasnejsivimperk.cz\/wp-content\/uploads\/2026\/04\/28\/plakat-zablati-0305-724x1024.jpg\" alt=\"\" width=\"700\" height=\"990\" srcset=\"https:\/\/zakrasnejsivimperk.cz\/wp-content\/uploads\/2026\/04\/28\/plakat-zablati-0305-724x1024.jpg 724w, https:\/\/zakrasnejsivimperk.cz\/wp-content\/uploads\/2026\/04\/28\/plakat-zablati-0305-212x300.jpg 212w, https:\/\/zakrasnejsivimperk.cz\/wp-content\/uploads\/2026\/04\/28\/plakat-zablati-0305-768x1086.jpg 768w, https:\/\/zakrasnejsivimperk.cz\/wp-content\/uploads\/2026\/04\/28\/plakat-zablati-0305-1086x1536.jpg 1086w, https:\/\/zakrasnejsivimperk.cz\/wp-content\/uploads\/2026\/04\/28\/plakat-zablati-0305-252x357.jpg 252w, https:\/\/zakrasnejsivimperk.cz\/wp-content\/uploads\/2026\/04\/28\/plakat-zablati-0305-341x483.jpg 341w, https:\/\/zakrasnejsivimperk.cz\/wp-content\/uploads\/2026\/04\/28\/plakat-zablati-0305.jpg 1448w\" sizes=\"(max-width: 700px) 100vw, 700px\" \/><\/p>\n<p>&nbsp;<\/p>\n<p>&nbsp;<\/p>\n<p><img loading=\"lazy\" decoding=\"async\" class=\"aligncenter wp-image-374034 size-large\" src=\"https:\/\/zakrasnejsivimperk.cz\/wp-content\/uploads\/2026\/04\/28\/plakat-Otava-strakonicka-723x1024.jpg\" alt=\"\" width=\"700\" height=\"991\" srcset=\"https:\/\/zakrasnejsivimperk.cz\/wp-content\/uploads\/2026\/04\/28\/plakat-Otava-strakonicka-723x1024.jpg 723w, https:\/\/zakrasnejsivimperk.cz\/wp-content\/uploads\/2026\/04\/28\/plakat-Otava-strakonicka-212x300.jpg 212w, https:\/\/zakrasnejsivimperk.cz\/wp-content\/uploads\/2026\/04\/28\/plakat-Otava-strakonicka-768x1088.jpg 768w, https:\/\/zakrasnejsivimperk.cz\/wp-content\/uploads\/2026\/04\/28\/plakat-Otava-strakonicka-1085x1536.jpg 1085w, https:\/\/zakrasnejsivimperk.cz\/wp-content\/uploads\/2026\/04\/28\/plakat-Otava-strakonicka-252x357.jpg 252w, https:\/\/zakrasnejsivimperk.cz\/wp-content\/uploads\/2026\/04\/28\/plakat-Otava-strakonicka-341x483.jpg 341w, https:\/\/zakrasnejsivimperk.cz\/wp-content\/uploads\/2026\/04\/28\/plakat-Otava-strakonicka.jpg 1271w\" sizes=\"(max-width: 700px) 100vw, 700px\" \/><\/p>\n<p>&nbsp;<\/p>\n<p>&nbsp;<\/p>\n<p><strong>Zdroj: Z redak\u010dn\u00ed po\u0161ty, Facebook<\/strong><\/p>\n<hr \/>\n<p>&nbsp;<\/p>\n","protected":false},"excerpt":{"rendered":"<p>Za zm\u011bny <\/p>\n","protected":false},"author":2,"featured_media":302146,"comment_status":"open","ping_status":"open","sticky":false,"template":"","format":"gallery","meta":{"footnotes":""},"categories":[72,107],"tags":[],"jetpack_featured_media_url":"https:\/\/zakrasnejsivimperk.cz\/wp-content\/uploads\/2024\/03\/27\/ram-na-posledni-chvili-2.jpg","_links":{"self":[{"href":"https:\/\/zakrasnejsivimperk.cz\/index.php?rest_route=\/wp\/v2\/posts\/374030"}],"collection":[{"href":"https:\/\/zakrasnejsivimperk.cz\/index.php?rest_route=\/wp\/v2\/posts"}],"about":[{"href":"https:\/\/zakrasnejsivimperk.cz\/index.php?rest_route=\/wp\/v2\/types\/post"}],"author":[{"embeddable":true,"href":"https:\/\/zakrasnejsivimperk.cz\/index.php?rest_route=\/wp\/v2\/users\/2"}],"replies":[{"embeddable":true,"href":"https:\/\/zakrasnejsivimperk.cz\/index.php?rest_route=%2Fwp%2Fv2%2Fcomments&post=374030"}],"version-history":[{"count":4,"href":"https:\/\/zakrasnejsivimperk.cz\/index.php?rest_route=\/wp\/v2\/posts\/374030\/revisions"}],"predecessor-version":[{"id":374139,"href":"https:\/\/zakrasnejsivimperk.cz\/index.php?rest_route=\/wp\/v2\/posts\/374030\/revisions\/374139"}],"wp:featuredmedia":[{"embeddable":true,"href":"https:\/\/zakrasnejsivimperk.cz\/index.php?rest_route=\/wp\/v2\/media\/302146"}],"wp:attachment":[{"href":"https:\/\/zakrasnejsivimperk.cz\/index.php?rest_route=%2Fwp%2Fv2%2Fmedia&parent=374030"}],"wp:term":[{"taxonomy":"category","embeddable":true,"href":"https:\/\/zakrasnejsivimperk.cz\/index.php?rest_route=%2Fwp%2Fv2%2Fcategories&post=374030"},{"taxonomy":"post_tag","embeddable":true,"href":"https:\/\/zakrasnejsivimperk.cz\/index.php?rest_route=%2Fwp%2Fv2%2Ftags&post=374030"}],"curies":[{"name":"wp","href":"https:\/\/api.w.org\/{rel}","templated":true}]}}